{"id":28903,"date":"2025-12-10T17:43:00","date_gmt":"2025-12-10T20:43:00","guid":{"rendered":"https:\/\/diariodocomercio.com.br\/mix\/?p=28903"},"modified":"2025-12-10T17:33:26","modified_gmt":"2025-12-10T20:33:26","slug":"grades-com-curvas-nas-janelas-saiba-para-que-servem","status":"publish","type":"post","link":"https:\/\/diariodocomercio.com.br\/mix\/grades-com-curvas-nas-janelas-saiba-para-que-servem\/","title":{"rendered":"Grades com curvas nas janelas: saiba para que servem"},"content":{"rendered":"\n<p>A funcionalidade das <strong>grades curvadas nas janelas<\/strong> pode surpreender, mas sua fun\u00e7\u00e3o vai al\u00e9m da est\u00e9tica. Muitos propriet\u00e1rios de resid\u00eancias buscam solu\u00e7\u00f5es que combinem seguran\u00e7a, decora\u00e7\u00e3o e funcionalidade.<\/p>\n\n\n\n<p>Grades de janela curvadas s\u00e3o uma dessas solu\u00e7\u00f5es, especialmente populares em cidades de arquitetura hist\u00f3rica. Elas oferecem uma combina\u00e7\u00e3o \u00fanica de prote\u00e7\u00e3o e beleza, integrando-se a ambientes com vegeta\u00e7\u00e3o perto das janelas.<\/p>\n\n\n\n<p>As grades com design inclinado na parte inferior t\u00eam a fun\u00e7\u00e3o de <strong>criar espa\u00e7o adicional <\/strong>para janelas que abrigam vasos de plantas. Isso permite que moradores desfrutem do verde e da luz natural sem comprometer a seguran\u00e7a do lar.<\/p>\n\n\n\n<p>A curva nas grades tamb\u00e9m impede que intrusos alcancem facilmente o interior da casa, mantendo a prote\u00e7\u00e3o contra invas\u00f5es. Al\u00e9m disso, a forma curvada pode melhorar a visibilidade do ambiente externo, permitindo que pessoas se inclinem um pouco mais para fora com seguran\u00e7a.<\/p>\n\n\n\n<h2 class=\"wp-block-heading\">Combinando seguran\u00e7a e estilo<\/h2>\n\n\n\n<p>No cen\u00e1rio em que a seguran\u00e7a dom\u00e9stica \u00e9 essencial, as grades curvadas oferecem uma inova\u00e7\u00e3o estilosa comparada \u00e0s barras tradicionais. Elas combinam prote\u00e7\u00e3o eficaz com um visual que resgata tradi\u00e7\u00f5es arquitet\u00f4nicas, sem abrir m\u00e3o da modernidade.<\/p>\n\n\n\n<p>Instalar essas grades transforma fachadas comuns em obras que chamam aten\u00e7\u00e3o, mesclando prote\u00e7\u00e3o e est\u00e9tica.<\/p>\n\n\n\n<p>A tend\u00eancia de utilizar plantas na decora\u00e7\u00e3o de interiores cresce a cada ano, e as grades curvadas s\u00e3o aliadas perfeitas para essa pr\u00e1tica. Elas permitem a coloca\u00e7\u00e3o engenhosa de vasos e floreiras, maximizando a integra\u00e7\u00e3o de vegeta\u00e7\u00e3o em \u00e1reas como janelas e varandas. Isso cria um espa\u00e7o mais vivo, aproveitando a exposi\u00e7\u00e3o solar direta, essencial para o crescimento saud\u00e1vel das plantas.<\/p>\n","protected":false},"excerpt":{"rendered":"<p>A funcionalidade das grades curvadas nas janelas pode surpreender.<\/p>\n","protected":false},"author":12,"featured_media":28908,"comment_status":"closed","ping_status":"closed","sticky":false,"template":"","format":"standard","meta":{"jnews-multi-image_gallery":[],"jnews_single_post":{"format":"standard"},"jnews_primary_category":[],"jnews_social_meta":[],"jnews_override_counter":[],"jnews_post_split":[],"footnotes":""},"categories":[1],"tags":[],"class_list":["post-28903","post","type-post","status-publish","format-standard","has-post-thumbnail","hentry","category-geral"],"_referencia":"","_links":{"self":[{"href":"https:\/\/diariodocomercio.com.br\/mix\/wp-json\/wp\/v2\/posts\/28903","targetHints":{"allow":["GET"]}}],"collection":[{"href":"https:\/\/diariodocomercio.com.br\/mix\/wp-json\/wp\/v2\/posts"}],"about":[{"href":"https:\/\/diariodocomercio.com.br\/mix\/wp-json\/wp\/v2\/types\/post"}],"author":[{"embeddable":true,"href":"https:\/\/diariodocomercio.com.br\/mix\/wp-json\/wp\/v2\/users\/12"}],"replies":[{"embeddable":true,"href":"https:\/\/diariodocomercio.com.br\/mix\/wp-json\/wp\/v2\/comments?post=28903"}],"version-history":[{"count":1,"href":"https:\/\/diariodocomercio.com.br\/mix\/wp-json\/wp\/v2\/posts\/28903\/revisions"}],"predecessor-version":[{"id":28909,"href":"https:\/\/diariodocomercio.com.br\/mix\/wp-json\/wp\/v2\/posts\/28903\/revisions\/28909"}],"wp:featuredmedia":[{"embeddable":true,"href":"https:\/\/diariodocomercio.com.br\/mix\/wp-json\/wp\/v2\/media\/28908"}],"wp:attachment":[{"href":"https:\/\/diariodocomercio.com.br\/mix\/wp-json\/wp\/v2\/media?parent=28903"}],"wp:term":[{"taxonomy":"category","embeddable":true,"href":"https:\/\/diariodocomercio.com.br\/mix\/wp-json\/wp\/v2\/categories?post=28903"},{"taxonomy":"post_tag","embeddable":true,"href":"https:\/\/diariodocomercio.com.br\/mix\/wp-json\/wp\/v2\/tags?post=28903"}],"curies":[{"name":"wp","href":"https:\/\/api.w.org\/{rel}","templated":true}]}}