{"id":28924,"date":"2025-12-10T18:31:40","date_gmt":"2025-12-10T21:31:40","guid":{"rendered":"https:\/\/diariodocomercio.com.br\/mix\/?p=28924"},"modified":"2025-12-11T18:02:18","modified_gmt":"2025-12-11T21:02:18","slug":"2026-comeca-com-reajuste-confira-o-valor-do-novo-salario-minimo","status":"publish","type":"post","link":"https:\/\/diariodocomercio.com.br\/mix\/2026-comeca-com-reajuste-confira-o-valor-do-novo-salario-minimo\/","title":{"rendered":"2026 come\u00e7a com reajuste: confira o valor do novo sal\u00e1rio m\u00ednimo"},"content":{"rendered":"\n<p>O governo federal anunciou que o <strong>sal\u00e1rio m\u00ednimo<\/strong> no Brasil em 2026 ser\u00e1 de <strong>R$ 1.621,<\/strong> representando um aumento de R$ 103 em rela\u00e7\u00e3o ao valor atual de R$ 1.518. Essa decis\u00e3o do Minist\u00e9rio do Planejamento e Or\u00e7amento ser\u00e1 implementada a partir de janeiro, impactando diretamente o or\u00e7amento dom\u00e9stico de milh\u00f5es de brasileiros e aumentando as despesas governamentais.<\/p>\n\n\n\n<p>O reajuste, de 6,79%, ser\u00e1 aplicado considerando a infla\u00e7\u00e3o medida pelo \u00cdndice Nacional de Pre\u00e7os ao Consumidor (INPC), que acumulou alta de 4,18% nos \u00faltimos 12 meses, al\u00e9m de um crescimento real do Produto Interno Bruto (PIB) de 2024, que expandiu 3,4%, por\u00e9m limitado a 2,5% devido a restri\u00e7\u00f5es fiscais.<\/p>\n\n\n\n<h2 class=\"wp-block-heading\">Impactos no or\u00e7amento p\u00fablico<\/h2>\n\n\n<style>@media (min-width: 992px) {\n    .recomendadorV2Area1 {\n        width: 280px;\n    }\n    .recomendadorV2Area2 {\n        padding: 0px 20px;\n        width: calc(100% - 280px);\n    }\n}\n\n@media (max-width: 992px) {\n    .recomendadorV2Button {\n        margin: 0 auto;\n    }\n    .recomendadorV2Area {\n        flex-direction: column;\n        text-align: center;\n    }\n    .recomendadorV2Area2 {\n        padding: 0px 20px;\n    }\n}\n\n.recomendadorV2Area {\n    background: #eeeeee3d;\n    border-radius: 10px;\n    padding: 15px;\n    display: flex;\n    margin: 15px auto;\n    border: 1px solid #00000014;\n    max-width: 800px;\n}\n\n.recomendadorV2Area1 img {\n    width: 280px;\n    height: auto;\n    border-radius: 8px;\n}\n\n.linkrecomendadorv2 {\n    text-decoration: none !important;\n}\n\n.recomendadorV2Area2 .recomendadorV2Type {\n    text-transform: uppercase;\n    font-weight: 500;\n    font-size: 11px;\n    letter-spacing: 2px;\n    color: #666;\n    margin: 12px 0;\n    display: block;\n}\n\n.recomendadorV2Title h2 {\n    padding-top: 0px !important;\n    margin: 0px !important;\n    border-left: none !important;\n    padding-left: 0px !important;\n    line-height: 1.3;\n    color: #000 !important;\n    font-size: 24px;\n    margin-bottom: 12px !important;\n}\n\n.recomendadorV2Desc {\n    color: #333;\n    margin: 12px 0px !important;\n    font-size: 15px;\n    line-height: 1.5;\n}\n\n.recomendadorV2Button {\n    width: auto;\n    max-width: 200px;\n    margin: 0;\n    display: inline-flex;\n    align-items: center;\n    background: #1D3557;\n    border-radius: 8px;\n    color: #fff;\n    height: 36px;\n    justify-content: center;\n    text-align: center;\n    font-size: 14px;\n    padding: 0 20px;\n    transition: background-color 0.2s ease;\n}\n\n.recomendadorV2Button:hover {\n    background: #2a4d7a;\n}\n\n.recomendadorV2Button:after {\n    margin-top: -2px;\n    content: \"\u2192\";\n    padding: 0px 0px 0px 8px;\n}\n\n.recomendadorV2Alert {\n    text-align: left;\n    font-size: 11px;\n    margin-top: 8px;\n    color: #666;\n}\n\n.recomendadorFixedArea {\n    width: 100%;\n    display: flex;\n    justify-content: center;\n    align-items: center;\n}\n\n@media (min-width: 992px) {\n    #recomendadorFixed {\n        width: 32% !important;\n        left: 5%;\n    }\n    .recomendadorCloseFixed{\n        right: inherit !important;\n        left: 378px !important;\n    }\n}\n\n#recomendadorFixed {\n    width: 90%;\n    box-shadow: 0 10px 20px 0px #00000057;\n    display: none;\n    height: 90px;\n    background: #F6F6F6;\n    position: fixed;\n    flex-direction: row;\n    bottom: 10px;\n    z-index: 9999;\n    border-radius: 16px;\n    padding: 7px 10px;\n}\n\n.recomendadorLeftArea {\n    width: 160px;\n}\n\n.recomendadorRightArea h2 {\n    padding-top: 0px;\n    margin: 2px 0px 4px 0px !important;\n    font-weight: 400;\n    text-align: center;\n    padding-left: 0px !important;\n    color: #000 !important;\n    border-left: none !important;\n    line-height: 20px;\n    font-size: 12px !important;\n}\n\n.recomendadorImgFixed {\n    overflow: hidden;\n    padding: 8px 6px;\n    height: 100%;\n}\n\n.recomendadorImgFixed img {\n    height: 100% !important;\n    border-radius: 16px;\n}\n\n.recomendadorRightArea {\n    padding-top: 6px;\n    display: flex;\n    width: calc(100% - 130px);\n    justify-content: space-between;\n    align-items: center;\n    flex-direction: column;\n}\n\n.recomendadorButtonFixed {\n    margin: 0 auto;\n    background: #1D3557;\n    width: 80%;\n    text-align: center;\n    font-size: 10px;\n    color: #FFF;\n    padding: 2px 10px;\n    border-radius: 3px;\n}\n\n.recomendadorButtonFixed:after {\n    margin-top: -3px;\n    content: \"\u2192\";\n    padding: 0px 0px 0px 10px;\n}\n\n.recomendadorAlertFixed {\n    font-weight: 400;\n    text-align: center;\n    color: #484848;\n    font-size: 8px;\n}\n\n.recomendadorCloseFixed {\n    z-index: 99999;\n    display: none;\n    right: 0px;\n    left: inherit;\n    bottom: 99px;\n    position: fixed;\n    justify-content: center;\n    background: #F6F6F6;\n    width: 25px;\n    align-items: center;\n    height: 25px;\n    font-weight: 800;\n    border-radius: 50%;\n    border: 1px solid #EBEBEB;\n}\n\n.recomendadorV2Desc{\n    color: #000000;\n    margin: 20px 0px;\n}\n\n@media (max-width: 576px) {\n    .recomendadorV2Area {\n      padding: 10px;\n      max-width: 100%;\n    }\n  \n    .recomendadorV2Area1 img {\n      width: 100%;\n      border-radius: 6px;\n    }\n  \n    .recomendadorV2Area2 .recomendadorV2Type {\n      font-size: 9px;\n      letter-spacing: 1px;\n      margin: 8px 0;\n    }\n  \n    .recomendadorV2Title h2 {\n      font-size: 18px !important;\n      margin-bottom: 8px !important;\n      line-height: 1.2;\n    }\n  \n    .recomendadorV2Desc {\n      font-size: 14px;\n      margin: 8px 0 !important;\n      line-height: 1.4;\n    }\n  \n    .recomendadorV2Button {\n      font-size: 14px;\n      height: 40px;\n      padding: 0 12px;\n      max-width: 100%;\n      width: 100%;\n    }\n  \n    .recomendadorV2Button:after {\n      padding-left: 6px;\n    }\n  }\n  <\/style>\n        <div class=\"lazyblock-recomendador-v2-2jDGz wp-block-lazyblock-recomendador-v2\">\n        <a class=\"linkrecomendadorv2\" href=\"https:\/\/diariodocomercio.com.br\/mix\/brasileiros-desempregados-recebem-hoje-auxilio-de-ate-r-2-42411\/?utm_source=lazy\">\n            <div class=\"recomendadorV2Area\">\n            <div class=\"recomendadorV2Area1\">\n                <div class=\"recomendadorV2Img\">\n                <img class=\"lazyloaded\" decoding=\"async\" src=\"https:\/\/diariodocomercio.com.br\/mix\/wp-content\/uploads\/2025\/06\/20072011_dinheirobancousp003-810x540-1-750x375.jpg\" data-src=\"https:\/\/diariodocomercio.com.br\/mix\/wp-content\/uploads\/2025\/06\/20072011_dinheirobancousp003-810x540-1-750x375.jpg\" alt=\"\">\n                <\/div>\n            <\/div>\n            <div class=\"recomendadorV2Area2\">\n                <div class=\"recomendadorV2Type\">\n                    <span>Aux\u00edlio BR<\/span>\n                <\/div>\n                <div class=\"recomendadorV2Title\">\n                <h2><span>Pagamento liberado \ud83d\udcb8<\/span><\/h2>\n                <\/div>\n                <div class=\"recomendadorV2Desc\">\n                <span>Desempregados recebem at\u00e9 R$2.424<\/span>\n                <\/div>\n                <div class=\"recomendadorV2Button\">Consultar benef\u00edcio<\/div>\n                <div class=\"recomendadorV2Alert\"><\/div>\n            <\/div>\n            <\/div>\n        <\/a>\n        <div>\n            <div style=\"z-index:99999;\" id=\"buttonClose\" onclick=\"closeRecomendadorFixed()\">\n            <div class=\"recomendadorCloseFixed\">X<\/div>\n            <\/div>\n            <a href=\"https:\/\/diariodocomercio.com.br\/mix\/brasileiros-desempregados-recebem-hoje-auxilio-de-ate-r-2-42411\/?utm_source=lazy\">\n            <div class=\"recomendadorFixedArea\">\n                <div id=\"recomendadorFixed\">\n                <div class=\"recomendadorLeftArea\">\n                    <div class=\"recomendadorImgFixed\">\n                    <img class=\"lazyload\" decoding=\"async\" src=\"https:\/\/diariodocomercio.com.br\/mix\/wp-content\/uploads\/2025\/06\/20072011_dinheirobancousp003-810x540-1-750x375.jpg\" alt=\"\">\n                    <\/div>\n                <\/div>\n                <div class=\"recomendadorRightArea\">\n                    <div class=\"recomendadorTitleFixed\">\n                    <h2><span>Pagamento liberado \ud83d\udcb8<\/span><\/h2>\n                    <\/div>\n                    <div class=\"recomendadorButtonFixed\">Consultar benef\u00edcio<\/div>\n                    <div class=\"recomendadorAlertFixed\"><\/div>\n                <\/div>\n                <\/div>\n            <\/div>\n            <\/a>\n        <\/div>\n        <\/div>\n\n\n\n<p>O aumento do sal\u00e1rio m\u00ednimo para R$ 1.621 ocasionar\u00e1 um acr\u00e9scimo significativo nas despesas governamentais. Cada real acrescido ao sal\u00e1rio m\u00ednimo representa um custo adicional de aproximadamente <strong>R$ 400 milh\u00f5es por ano.<\/strong><\/p>\n\n\n\n<p>Portanto, o novo ajuste de R$ 103 resultar\u00e1 em um aumento de cerca de R$ 41,2 bilh\u00f5es nas despesas obrigat\u00f3rias. Essa eleva\u00e7\u00e3o dos gastos pode reduzir a capacidade do governo de investir em outras \u00e1reas, como pol\u00edticas p\u00fablicas discricion\u00e1rias.<\/p>\n\n\n\n<h2 class=\"wp-block-heading\">Benef\u00edcios afetados pelo reajuste<\/h2>\n\n\n\n<p>O novo sal\u00e1rio m\u00ednimo n\u00e3o influencia somente os sal\u00e1rios dos trabalhadores, mas tamb\u00e9m afeta os <strong>benef\u00edcios sociais e previdenci\u00e1rios. <\/strong>Programas como o INSS, seguro-desemprego e o Benef\u00edcio de Presta\u00e7\u00e3o Continuada (BPC) s\u00e3o atrelados ao valor do sal\u00e1rio m\u00ednimo, resultando em ajustes autom\u00e1ticos.&nbsp;<\/p>\n\n\n\n<p>Essas modifica\u00e7\u00f5es s\u00e3o significativas, visto que cerca de 59,9 milh\u00f5es de pessoas no Brasil t\u00eam seus rendimentos diretamente relacionados ao valor do sal\u00e1rio m\u00ednimo.<\/p>\n\n\n\n<p>O Departamento Intersindical de Estat\u00edstica e Estudos Socioecon\u00f4micos (Dieese) destaca que o sal\u00e1rio m\u00ednimo necess\u00e1rio para cobrir os custos b\u00e1sicos de uma fam\u00edlia de quatro pessoas deveria ser de R$ 7.067,18. Este valor reflete a diferen\u00e7a entre o que \u00e9 estipulado pelo governo e o que o Dieese considera suficiente para cobrir gastos essenciais com moradia, alimenta\u00e7\u00e3o, educa\u00e7\u00e3o e outras necessidades b\u00e1sicas.<\/p>\n","protected":false},"excerpt":{"rendered":"<p>Decis\u00e3o do Minist\u00e9rio do Planejamento e Or\u00e7amento ser\u00e1 implementada a partir de janeiro.<\/p>\n","protected":false},"author":12,"featured_media":11603,"comment_status":"closed","ping_status":"closed","sticky":false,"template":"","format":"standard","meta":{"jnews-multi-image_gallery":[],"jnews_single_post":{"format":"standard"},"jnews_primary_category":[],"jnews_social_meta":[],"jnews_override_counter":[],"jnews_post_split":[],"footnotes":""},"categories":[1],"tags":[],"class_list":["post-28924","post","type-post","status-publish","format-standard","has-post-thumbnail","hentry","category-geral"],"_referencia":"","_links":{"self":[{"href":"https:\/\/diariodocomercio.com.br\/mix\/wp-json\/wp\/v2\/posts\/28924","targetHints":{"allow":["GET"]}}],"collection":[{"href":"https:\/\/diariodocomercio.com.br\/mix\/wp-json\/wp\/v2\/posts"}],"about":[{"href":"https:\/\/diariodocomercio.com.br\/mix\/wp-json\/wp\/v2\/types\/post"}],"author":[{"embeddable":true,"href":"https:\/\/diariodocomercio.com.br\/mix\/wp-json\/wp\/v2\/users\/12"}],"replies":[{"embeddable":true,"href":"https:\/\/diariodocomercio.com.br\/mix\/wp-json\/wp\/v2\/comments?post=28924"}],"version-history":[{"count":2,"href":"https:\/\/diariodocomercio.com.br\/mix\/wp-json\/wp\/v2\/posts\/28924\/revisions"}],"predecessor-version":[{"id":29062,"href":"https:\/\/diariodocomercio.com.br\/mix\/wp-json\/wp\/v2\/posts\/28924\/revisions\/29062"}],"wp:featuredmedia":[{"embeddable":true,"href":"https:\/\/diariodocomercio.com.br\/mix\/wp-json\/wp\/v2\/media\/11603"}],"wp:attachment":[{"href":"https:\/\/diariodocomercio.com.br\/mix\/wp-json\/wp\/v2\/media?parent=28924"}],"wp:term":[{"taxonomy":"category","embeddable":true,"href":"https:\/\/diariodocomercio.com.br\/mix\/wp-json\/wp\/v2\/categories?post=28924"},{"taxonomy":"post_tag","embeddable":true,"href":"https:\/\/diariodocomercio.com.br\/mix\/wp-json\/wp\/v2\/tags?post=28924"}],"curies":[{"name":"wp","href":"https:\/\/api.w.org\/{rel}","templated":true}]}}