{"id":28934,"date":"2025-12-10T19:22:41","date_gmt":"2025-12-10T22:22:41","guid":{"rendered":"https:\/\/diariodocomercio.com.br\/mix\/?p=28934"},"modified":"2025-12-10T19:22:44","modified_gmt":"2025-12-10T22:22:44","slug":"moradores-de-quase-180-cidades-vao-receber-bonus-no-pagamento-do-bolsa-familia-de-dezembro","status":"publish","type":"post","link":"https:\/\/diariodocomercio.com.br\/mix\/moradores-de-quase-180-cidades-vao-receber-bonus-no-pagamento-do-bolsa-familia-de-dezembro\/","title":{"rendered":"Moradores de quase 180 cidades v\u00e3o receber b\u00f4nus no pagamento do Bolsa Fam\u00edlia de dezembro"},"content":{"rendered":"\n<p>Nesta quarta-feira (10), come\u00e7aram os pagamentos de dezembro do Bolsa Fam\u00edlia. Eles s\u00e3o feitos de forma escalonada, de acordo com o final do NIS (N\u00famero de Identifica\u00e7\u00e3o Social) dos seus benefici\u00e1rios (voc\u00ea pode encontrar o cronograma completo mais abaixo). Mas essa regra tem uma exce\u00e7\u00e3o.<\/p>\n\n\n\n<p>Neste m\u00eas, o Minist\u00e9rio do Desenvolvimento e Assist\u00eancia Social, Fam\u00edlia e Combate \u00e0 Fome (MDS) unificou o pagamento do Bolsa Fam\u00edlia e do Aux\u00edlio G\u00e1s para 179 munic\u00edpios brasileiros, cujos moradores receberam o benef\u00edcio j\u00e1 nesta quarta (10). Espalhados por sete estados, esses munic\u00edpios vivem situa\u00e7\u00f5es de calamidade p\u00fablica ou de emerg\u00eancia reconhecidas pelo Governo do Brasil. Essa medida beneficia mais de 405,32 mil fam\u00edlias com o Bolsa Fam\u00edlia, e de 93,95 mil com o Aux\u00edlio G\u00e1s. <\/p>\n\n\n\n<p>No Paran\u00e1, foram 32 munic\u00edpios contemplados por essa antecipa\u00e7\u00e3o do Bolsa Fam\u00edlia. No \u00faltimo m\u00eas, o estado do Sul do Brasil foi atingido pela passagem de um tornado que teve efeitos devastadores, principalmente na cidade de Rio Bonito do Igua\u00e7u. Os outros estados contemplados foram:<\/p>\n\n\n\n<ul class=\"wp-block-list\">\n<li>Amazonas: 3;<\/li>\n\n\n\n<li>Roraima: 6;<\/li>\n\n\n\n<li>Piau\u00ed: 2;<\/li>\n\n\n\n<li>Rio Grande do Norte: 120;<\/li>\n\n\n\n<li>Sergipe: 9;<\/li>\n\n\n\n<li>S\u00e3o Paulo: 7.<\/li>\n<\/ul>\n\n\n\n<p>Nos estados da regi\u00e3o Nordeste, as situa\u00e7\u00f5es de calamidade p\u00fablica s\u00e3o causadas pela seca e estiagem que atinge as cidades contempladas. <\/p>\n\n\n\n<h2 class=\"wp-block-heading\">Confira o calend\u00e1rio do Bolsa Fam\u00edlia de dezembro\/2025:<a href=\"https:\/\/diariodocomercio.com.br\/mix\/inss-confirma-pagamento-extra-a-partir-do-25-11-para-quem-cumprir-este-requisito\/?utm_source=lazy&amp;utm_campaign=lazyblock\"><\/a><\/h2>\n\n\n\n<figure class=\"wp-block-table\"><table class=\"has-fixed-layout\"><tbody><tr><td class=\"has-text-align-left\" data-align=\"left\"><strong>Final do NIS<\/strong><\/td><td class=\"has-text-align-left\" data-align=\"left\"><strong>Recebe no dia<\/strong><\/td><\/tr><tr><td class=\"has-text-align-left\" data-align=\"left\">1<\/td><td class=\"has-text-align-left\" data-align=\"left\">10 de dezembro<\/td><\/tr><tr><td class=\"has-text-align-left\" data-align=\"left\">2<\/td><td class=\"has-text-align-left\" data-align=\"left\">11 de dezembro<\/td><\/tr><tr><td class=\"has-text-align-left\" data-align=\"left\">3<\/td><td class=\"has-text-align-left\" data-align=\"left\">12 de dezembro<\/td><\/tr><tr><td class=\"has-text-align-left\" data-align=\"left\">4<\/td><td class=\"has-text-align-left\" data-align=\"left\">15 de dezembro<\/td><\/tr><tr><td class=\"has-text-align-left\" data-align=\"left\">5<\/td><td class=\"has-text-align-left\" data-align=\"left\">16 de dezembro<\/td><\/tr><tr><td class=\"has-text-align-left\" data-align=\"left\">6<\/td><td class=\"has-text-align-left\" data-align=\"left\">17 de dezembro<\/td><\/tr><tr><td class=\"has-text-align-left\" data-align=\"left\">7<\/td><td class=\"has-text-align-left\" data-align=\"left\">18 de dezembro<\/td><\/tr><tr><td class=\"has-text-align-left\" data-align=\"left\">8<\/td><td class=\"has-text-align-left\" data-align=\"left\">19 de dezembro<\/td><\/tr><tr><td class=\"has-text-align-left\" data-align=\"left\">9<\/td><td class=\"has-text-align-left\" data-align=\"left\">22 de dezembro<\/td><\/tr><tr><td class=\"has-text-align-left\" data-align=\"left\">0<\/td><td class=\"has-text-align-left\" data-align=\"left\">23 de dezembro<\/td><\/tr><\/tbody><\/table><\/figure>\n\n\n\n<style>@media (min-width: 992px) {\n    .recomendadorV2Area1 {\n        width: 280px;\n    }\n    .recomendadorV2Area2 {\n        padding: 0px 20px;\n        width: calc(100% - 280px);\n    }\n}\n\n@media (max-width: 992px) {\n    .recomendadorV2Button {\n        margin: 0 auto;\n    }\n    .recomendadorV2Area {\n        flex-direction: column;\n        text-align: center;\n    }\n    .recomendadorV2Area2 {\n        padding: 0px 20px;\n    }\n}\n\n.recomendadorV2Area {\n    background: #eeeeee3d;\n    border-radius: 10px;\n    padding: 15px;\n    display: flex;\n    margin: 15px auto;\n    border: 1px solid #00000014;\n    max-width: 800px;\n}\n\n.recomendadorV2Area1 img {\n    width: 280px;\n    height: auto;\n    border-radius: 8px;\n}\n\n.linkrecomendadorv2 {\n    text-decoration: none !important;\n}\n\n.recomendadorV2Area2 .recomendadorV2Type {\n    text-transform: uppercase;\n    font-weight: 500;\n    font-size: 11px;\n    letter-spacing: 2px;\n    color: #666;\n    margin: 12px 0;\n    display: block;\n}\n\n.recomendadorV2Title h2 {\n    padding-top: 0px !important;\n    margin: 0px !important;\n    border-left: none !important;\n    padding-left: 0px !important;\n    line-height: 1.3;\n    color: #000 !important;\n    font-size: 24px;\n    margin-bottom: 12px !important;\n}\n\n.recomendadorV2Desc {\n    color: #333;\n    margin: 12px 0px !important;\n    font-size: 15px;\n    line-height: 1.5;\n}\n\n.recomendadorV2Button {\n    width: auto;\n    max-width: 200px;\n    margin: 0;\n    display: inline-flex;\n    align-items: center;\n    background: #1D3557;\n    border-radius: 8px;\n    color: #fff;\n    height: 36px;\n    justify-content: center;\n    text-align: center;\n    font-size: 14px;\n    padding: 0 20px;\n    transition: background-color 0.2s ease;\n}\n\n.recomendadorV2Button:hover {\n    background: #2a4d7a;\n}\n\n.recomendadorV2Button:after {\n    margin-top: -2px;\n    content: \"\u2192\";\n    padding: 0px 0px 0px 8px;\n}\n\n.recomendadorV2Alert {\n    text-align: left;\n    font-size: 11px;\n    margin-top: 8px;\n    color: #666;\n}\n\n.recomendadorFixedArea {\n    width: 100%;\n    display: flex;\n    justify-content: center;\n    align-items: center;\n}\n\n@media (min-width: 992px) {\n    #recomendadorFixed {\n        width: 32% !important;\n        left: 5%;\n    }\n    .recomendadorCloseFixed{\n        right: inherit !important;\n        left: 378px !important;\n    }\n}\n\n#recomendadorFixed {\n    width: 90%;\n    box-shadow: 0 10px 20px 0px #00000057;\n    display: none;\n    height: 90px;\n    background: #F6F6F6;\n    position: fixed;\n    flex-direction: row;\n    bottom: 10px;\n    z-index: 9999;\n    border-radius: 16px;\n    padding: 7px 10px;\n}\n\n.recomendadorLeftArea {\n    width: 160px;\n}\n\n.recomendadorRightArea h2 {\n    padding-top: 0px;\n    margin: 2px 0px 4px 0px !important;\n    font-weight: 400;\n    text-align: center;\n    padding-left: 0px !important;\n    color: #000 !important;\n    border-left: none !important;\n    line-height: 20px;\n    font-size: 12px !important;\n}\n\n.recomendadorImgFixed {\n    overflow: hidden;\n    padding: 8px 6px;\n    height: 100%;\n}\n\n.recomendadorImgFixed img {\n    height: 100% !important;\n    border-radius: 16px;\n}\n\n.recomendadorRightArea {\n    padding-top: 6px;\n    display: flex;\n    width: calc(100% - 130px);\n    justify-content: space-between;\n    align-items: center;\n    flex-direction: column;\n}\n\n.recomendadorButtonFixed {\n    margin: 0 auto;\n    background: #1D3557;\n    width: 80%;\n    text-align: center;\n    font-size: 10px;\n    color: #FFF;\n    padding: 2px 10px;\n    border-radius: 3px;\n}\n\n.recomendadorButtonFixed:after {\n    margin-top: -3px;\n    content: \"\u2192\";\n    padding: 0px 0px 0px 10px;\n}\n\n.recomendadorAlertFixed {\n    font-weight: 400;\n    text-align: center;\n    color: #484848;\n    font-size: 8px;\n}\n\n.recomendadorCloseFixed {\n    z-index: 99999;\n    display: none;\n    right: 0px;\n    left: inherit;\n    bottom: 99px;\n    position: fixed;\n    justify-content: center;\n    background: #F6F6F6;\n    width: 25px;\n    align-items: center;\n    height: 25px;\n    font-weight: 800;\n    border-radius: 50%;\n    border: 1px solid #EBEBEB;\n}\n\n.recomendadorV2Desc{\n    color: #000000;\n    margin: 20px 0px;\n}\n\n@media (max-width: 576px) {\n    .recomendadorV2Area {\n      padding: 10px;\n      max-width: 100%;\n    }\n  \n    .recomendadorV2Area1 img {\n      width: 100%;\n      border-radius: 6px;\n    }\n  \n    .recomendadorV2Area2 .recomendadorV2Type {\n      font-size: 9px;\n      letter-spacing: 1px;\n      margin: 8px 0;\n    }\n  \n    .recomendadorV2Title h2 {\n      font-size: 18px !important;\n      margin-bottom: 8px !important;\n      line-height: 1.2;\n    }\n  \n    .recomendadorV2Desc {\n      font-size: 14px;\n      margin: 8px 0 !important;\n      line-height: 1.4;\n    }\n  \n    .recomendadorV2Button {\n      font-size: 14px;\n      height: 40px;\n      padding: 0 12px;\n      max-width: 100%;\n      width: 100%;\n    }\n  \n    .recomendadorV2Button:after {\n      padding-left: 6px;\n    }\n  }\n  <\/style>\n        <div class=\"lazyblock-recomendador-v2-2jDGz wp-block-lazyblock-recomendador-v2\">\n        <a class=\"linkrecomendadorv2\" href=\"https:\/\/diariodocomercio.com.br\/mix\/autor-da-novela-beleza-fatal-fecha-contrato-com-a-netflix-e-promete-superproducoes-ineditas\/\">\n            <div class=\"recomendadorV2Area\">\n            <div class=\"recomendadorV2Area1\">\n                <div class=\"recomendadorV2Img\">\n                <img class=\"lazyloaded\" decoding=\"async\" src=\"https:\/\/diariodocomercio.com.br\/mix\/wp-content\/uploads\/2025\/12\/beleza-fatal-raphael-montes.jpg\" data-src=\"https:\/\/diariodocomercio.com.br\/mix\/wp-content\/uploads\/2025\/12\/beleza-fatal-raphael-montes.jpg\" alt=\"\">\n                <\/div>\n            <\/div>\n            <div class=\"recomendadorV2Area2\">\n                <div class=\"recomendadorV2Type\">\n                    <span>STREAMING<\/span>\n                <\/div>\n                <div class=\"recomendadorV2Title\">\n                <h2><span>Autor da novela Beleza Fatal fecha contrato com a Netflix e promete superprodu\u00e7\u00f5es in\u00e9ditas<\/span><\/h2>\n                <\/div>\n                <div class=\"recomendadorV2Desc\">\n                <span>Raphael Montes j\u00e1 era bastante conhecido entre leitores brasileiros h\u00e1 alguns anos com seus livros de suspense e terror, mas \u2026<\/span>\n                <\/div>\n                <div class=\"recomendadorV2Button\">Leia mais<\/div>\n                <div class=\"recomendadorV2Alert\"><\/div>\n            <\/div>\n            <\/div>\n        <\/a>\n        <div>\n            <div style=\"z-index:99999;\" id=\"buttonClose\" onclick=\"closeRecomendadorFixed()\">\n            <div class=\"recomendadorCloseFixed\">X<\/div>\n            <\/div>\n            <a href=\"https:\/\/diariodocomercio.com.br\/mix\/autor-da-novela-beleza-fatal-fecha-contrato-com-a-netflix-e-promete-superproducoes-ineditas\/\">\n            <div class=\"recomendadorFixedArea\">\n                <div id=\"recomendadorFixed\">\n                <div class=\"recomendadorLeftArea\">\n                    <div class=\"recomendadorImgFixed\">\n                    <img class=\"lazyload\" decoding=\"async\" src=\"https:\/\/diariodocomercio.com.br\/mix\/wp-content\/uploads\/2025\/12\/beleza-fatal-raphael-montes.jpg\" alt=\"\">\n                    <\/div>\n                <\/div>\n                <div class=\"recomendadorRightArea\">\n                    <div class=\"recomendadorTitleFixed\">\n                    <h2><span>Autor da novela Beleza Fatal fecha contrato com a Netflix e promete superprodu\u00e7\u00f5es in\u00e9ditas<\/span><\/h2>\n                    <\/div>\n                    <div class=\"recomendadorButtonFixed\">Leia mais<\/div>\n                    <div class=\"recomendadorAlertFixed\"><\/div>\n                <\/div>\n                <\/div>\n            <\/div>\n            <\/a>\n        <\/div>\n        <\/div>\n","protected":false},"excerpt":{"rendered":"<p>Nesta quarta-feira (10), come\u00e7aram os pagamentos de dezembro do Bolsa Fam\u00edlia. Eles s\u00e3o feitos de forma escalonada, de acordo com o final do NIS (N\u00famero de Identifica\u00e7\u00e3o Social) dos seus benefici\u00e1rios (voc\u00ea pode encontrar o cronograma completo mais abaixo). Mas essa regra tem uma exce\u00e7\u00e3o. Neste m\u00eas, o Minist\u00e9rio do Desenvolvimento e Assist\u00eancia Social, Fam\u00edlia [&hellip;]<\/p>\n","protected":false},"author":6,"featured_media":3119,"comment_status":"closed","ping_status":"closed","sticky":false,"template":"","format":"standard","meta":{"jnews-multi-image_gallery":[],"jnews_single_post":{"format":"standard"},"jnews_primary_category":[],"jnews_social_meta":[],"jnews_override_counter":[],"jnews_post_split":[],"footnotes":""},"categories":[1],"tags":[],"class_list":["post-28934","post","type-post","status-publish","format-standard","has-post-thumbnail","hentry","category-geral"],"_referencia":"","_links":{"self":[{"href":"https:\/\/diariodocomercio.com.br\/mix\/wp-json\/wp\/v2\/posts\/28934","targetHints":{"allow":["GET"]}}],"collection":[{"href":"https:\/\/diariodocomercio.com.br\/mix\/wp-json\/wp\/v2\/posts"}],"about":[{"href":"https:\/\/diariodocomercio.com.br\/mix\/wp-json\/wp\/v2\/types\/post"}],"author":[{"embeddable":true,"href":"https:\/\/diariodocomercio.com.br\/mix\/wp-json\/wp\/v2\/users\/6"}],"replies":[{"embeddable":true,"href":"https:\/\/diariodocomercio.com.br\/mix\/wp-json\/wp\/v2\/comments?post=28934"}],"version-history":[{"count":1,"href":"https:\/\/diariodocomercio.com.br\/mix\/wp-json\/wp\/v2\/posts\/28934\/revisions"}],"predecessor-version":[{"id":28935,"href":"https:\/\/diariodocomercio.com.br\/mix\/wp-json\/wp\/v2\/posts\/28934\/revisions\/28935"}],"wp:featuredmedia":[{"embeddable":true,"href":"https:\/\/diariodocomercio.com.br\/mix\/wp-json\/wp\/v2\/media\/3119"}],"wp:attachment":[{"href":"https:\/\/diariodocomercio.com.br\/mix\/wp-json\/wp\/v2\/media?parent=28934"}],"wp:term":[{"taxonomy":"category","embeddable":true,"href":"https:\/\/diariodocomercio.com.br\/mix\/wp-json\/wp\/v2\/categories?post=28934"},{"taxonomy":"post_tag","embeddable":true,"href":"https:\/\/diariodocomercio.com.br\/mix\/wp-json\/wp\/v2\/tags?post=28934"}],"curies":[{"name":"wp","href":"https:\/\/api.w.org\/{rel}","templated":true}]}}