{"id":28938,"date":"2025-12-10T19:51:54","date_gmt":"2025-12-10T22:51:54","guid":{"rendered":"https:\/\/diariodocomercio.com.br\/mix\/?p=28938"},"modified":"2025-12-10T19:51:56","modified_gmt":"2025-12-10T22:51:56","slug":"compre-agora-carros-devem-disparar-de-preco-no-brasil-em-2026","status":"publish","type":"post","link":"https:\/\/diariodocomercio.com.br\/mix\/compre-agora-carros-devem-disparar-de-preco-no-brasil-em-2026\/","title":{"rendered":"Compre agora: carros devem disparar de pre\u00e7o no Brasil em 2026"},"content":{"rendered":"\n<p>Com a meta de equilibrar o Or\u00e7amento de 2026, o governo brasileiro planeja <strong>aumentar as tarifas de importa\u00e7\u00e3o sobre ve\u00edculos e a\u00e7o.<\/strong> Este movimento visa gerar uma receita adicional de R$ 14 bilh\u00f5es, conforme o Projeto de Lei Or\u00e7ament\u00e1ria Anual (PLOA), aprovado pela Comiss\u00e3o Mista de Or\u00e7amento (CMO).<\/p>\n\n\n\n<p>A medida busca especialmente proteger a ind\u00fastria nacional dos impactos causados por importa\u00e7\u00f5es em volumes elevados, principalmente de produtos chineses.<\/p>\n\n\n\n<p>A proposta, que dever\u00e1 ser implementada no pr\u00f3ximo ano, envolve aumentar as al\u00edquotas de importa\u00e7\u00e3o para responder \u00e0s press\u00f5es dos setores locais. Trata-se de uma estrat\u00e9gia para melhorar a balan\u00e7a comercial e reduzir a depend\u00eancia de produtos estrangeiros.<\/p>\n\n\n\n<p>A Comiss\u00e3o Mista de Or\u00e7amento j\u00e1 aprovou a previs\u00e3o de coleta de receita extra, evidenciando a import\u00e2ncia da medida para a estabilidade fiscal.<\/p>\n\n\n\n<h2 class=\"wp-block-heading\">Defesa da ind\u00fastria nacional<\/h2>\n\n\n\n<p>O governo justifica o aumento das tarifas como uma forma de <strong>proteger a ind\u00fastria brasileira. <\/strong>Setores automobil\u00edstico e sider\u00fargico, por exemplo, enfrentam grande concorr\u00eancia internacional.<\/p>\n\n\n\n<p>Com tarifas mais severas, espera-se que os produtos nacionais ganhem competitividade, refor\u00e7ando a prote\u00e7\u00e3o do mercado interno e promovendo a industrializa\u00e7\u00e3o local.<\/p>\n\n\n\n<h2 class=\"wp-block-heading\">Proje\u00e7\u00f5es de impacto econ\u00f4mico<\/h2>\n\n\n\n<p>A eleva\u00e7\u00e3o das tarifas de importa\u00e7\u00e3o tamb\u00e9m visa estimular a recupera\u00e7\u00e3o dos setores mais impactados. Com a arrecada\u00e7\u00e3o estimada em<strong> R$ 14 bilh\u00f5es, <\/strong>o governo pretende amenizar as press\u00f5es fiscais e evitar cortes em outras \u00e1reas.<\/p>\n\n\n\n<p>Al\u00e9m de empregos diretos na ind\u00fastria, carros e a\u00e7o impulsionam v\u00e1rias cadeias produtivas, refor\u00e7ando a import\u00e2ncia dessas \u00e1reas para a economia.<\/p>\n\n\n\n<p>As novas tarifas podem gerar rea\u00e7\u00f5es de mercados internacionais, especialmente de pa\u00edses que perdem competitividade no Brasil.<\/p>\n","protected":false},"excerpt":{"rendered":"<p>Movimento visa gerar uma receita adicional de R$ 14 bilh\u00f5es, conforme o PLOA.<\/p>\n","protected":false},"author":12,"featured_media":11501,"comment_status":"closed","ping_status":"closed","sticky":false,"template":"","format":"standard","meta":{"jnews-multi-image_gallery":[],"jnews_single_post":{"format":"standard"},"jnews_primary_category":[],"jnews_social_meta":[],"jnews_override_counter":[],"jnews_post_split":[],"footnotes":""},"categories":[1],"tags":[],"class_list":["post-28938","post","type-post","status-publish","format-standard","has-post-thumbnail","hentry","category-geral"],"_referencia":"","_links":{"self":[{"href":"https:\/\/diariodocomercio.com.br\/mix\/wp-json\/wp\/v2\/posts\/28938","targetHints":{"allow":["GET"]}}],"collection":[{"href":"https:\/\/diariodocomercio.com.br\/mix\/wp-json\/wp\/v2\/posts"}],"about":[{"href":"https:\/\/diariodocomercio.com.br\/mix\/wp-json\/wp\/v2\/types\/post"}],"author":[{"embeddable":true,"href":"https:\/\/diariodocomercio.com.br\/mix\/wp-json\/wp\/v2\/users\/12"}],"replies":[{"embeddable":true,"href":"https:\/\/diariodocomercio.com.br\/mix\/wp-json\/wp\/v2\/comments?post=28938"}],"version-history":[{"count":1,"href":"https:\/\/diariodocomercio.com.br\/mix\/wp-json\/wp\/v2\/posts\/28938\/revisions"}],"predecessor-version":[{"id":28939,"href":"https:\/\/diariodocomercio.com.br\/mix\/wp-json\/wp\/v2\/posts\/28938\/revisions\/28939"}],"wp:featuredmedia":[{"embeddable":true,"href":"https:\/\/diariodocomercio.com.br\/mix\/wp-json\/wp\/v2\/media\/11501"}],"wp:attachment":[{"href":"https:\/\/diariodocomercio.com.br\/mix\/wp-json\/wp\/v2\/media?parent=28938"}],"wp:term":[{"taxonomy":"category","embeddable":true,"href":"https:\/\/diariodocomercio.com.br\/mix\/wp-json\/wp\/v2\/categories?post=28938"},{"taxonomy":"post_tag","embeddable":true,"href":"https:\/\/diariodocomercio.com.br\/mix\/wp-json\/wp\/v2\/tags?post=28938"}],"curies":[{"name":"wp","href":"https:\/\/api.w.org\/{rel}","templated":true}]}}