{"id":28960,"date":"2025-12-11T09:47:33","date_gmt":"2025-12-11T12:47:33","guid":{"rendered":"https:\/\/diariodocomercio.com.br\/mix\/?p=28960"},"modified":"2025-12-11T09:47:35","modified_gmt":"2025-12-11T12:47:35","slug":"tempestade-avassaladora-vai-atacar-3-estados-e-alerta-vermelho-ja-foi-acionado","status":"publish","type":"post","link":"https:\/\/diariodocomercio.com.br\/mix\/tempestade-avassaladora-vai-atacar-3-estados-e-alerta-vermelho-ja-foi-acionado\/","title":{"rendered":"Tempestade avassaladora vai atacar 3 estados e alerta vermelho j\u00e1 foi acionado"},"content":{"rendered":"\n<p>O Instituto Nacional de Meteorologia (Inmet) emitiu um aviso de &#8220;grande perigo&#8221; para a \u00faltima quarta-feira, 10 de dezembro, devido a um ciclone extratropical que amea\u00e7a a regi\u00e3o sul do Brasil. O <strong>alerta vermelho<\/strong> abrange os estados do <strong>Rio Grande do Sul, Santa Catarina<\/strong> e <strong>Paran\u00e1.<\/strong><\/p>\n\n\n<div class=\"wp-block-image\">\n<figure class=\"aligncenter size-full is-resized\"><img decoding=\"async\" width=\"1200\" height=\"675\" src=\"https:\/\/diariodocomercio.com.br\/mix\/wp-content\/uploads\/2025\/12\/chuva-no-sul-mapa.webp\" alt=\"\" class=\"wp-image-28962\" style=\"width:530px;height:auto\" srcset=\"https:\/\/diariodocomercio.com.br\/mix\/wp-content\/uploads\/2025\/12\/chuva-no-sul-mapa.webp 1200w, https:\/\/diariodocomercio.com.br\/mix\/wp-content\/uploads\/2025\/12\/chuva-no-sul-mapa-300x169.webp 300w, https:\/\/diariodocomercio.com.br\/mix\/wp-content\/uploads\/2025\/12\/chuva-no-sul-mapa-768x432.webp 768w, https:\/\/diariodocomercio.com.br\/mix\/wp-content\/uploads\/2025\/12\/chuva-no-sul-mapa-150x84.webp 150w, https:\/\/diariodocomercio.com.br\/mix\/wp-content\/uploads\/2025\/12\/chuva-no-sul-mapa-750x422.webp 750w, https:\/\/diariodocomercio.com.br\/mix\/wp-content\/uploads\/2025\/12\/chuva-no-sul-mapa-1140x641.webp 1140w\" sizes=\"(max-width: 1200px) 100vw, 1200px\" \/><figcaption class=\"wp-element-caption\">Inmet alerta para tempestade no Sul do Brasil (Divulga\u00e7\u00e3o\/ INMET)<\/figcaption><\/figure>\n<\/div>\n\n\n<p>As autoridades alertam para chuvas superiores a 60 mm\/h e ventos que podem ultrapassar 100 km\/h, afetando essas \u00e1reas de forma significativa.<\/p>\n\n\n\n<p>Os impactos desse fen\u00f4meno meteorol\u00f3gico j\u00e1 s\u00e3o sentidos. Em Porto Alegre, zonas sul e norte enfrentam alagamentos, com o Arroio Sarandi e o Arroio Mendes de S\u00e1 transbordando e bloqueando importantes vias de tr\u00e2nsito.<\/p>\n\n\n\n<p>As equipes de Defesa Civil e Corpo de Bombeiros est\u00e3o em alerta e orientam a popula\u00e7\u00e3o a desligar aparelhos el\u00e9tricos, proteger documentos em sacos pl\u00e1sticos e buscar locais seguros. A popula\u00e7\u00e3o pode contatar emerg\u00eancias atrav\u00e9s dos telefones 199 e 193.<\/p>\n\n\n\n<h2 class=\"wp-block-heading\">Medidas&nbsp;<\/h2>\n\n\n\n<p>Frente \u00e0 amea\u00e7a, a Defesa Civil emitiu orienta\u00e7\u00f5es para minimizar poss\u00edveis danos. Recomenda-se \u00e0 popula\u00e7\u00e3o que evite \u00e1reas alagadas e busque abrigo seguro.<\/p>\n\n\n\n<p>Em caso de emerg\u00eancia, os servi\u00e7os de socorro j\u00e1 est\u00e3o de prontid\u00e3o. Diversas cidades, como Porto Alegre, enfrentam transtornos, com escolas suspendendo aulas como medida de precau\u00e7\u00e3o.<\/p>\n\n\n\n<h2 class=\"wp-block-heading\">Riscos futuros<\/h2>\n\n\n\n<p>A recente intensifica\u00e7\u00e3o dos ciclones no Brasil traz \u00e0 tona discuss\u00f5es sobre as mudan\u00e7as clim\u00e1ticas. Especialistas associam fen\u00f4menos extremos ao aquecimento global, embora a rela\u00e7\u00e3o direta com a diminui\u00e7\u00e3o das geleiras na Ant\u00e1rtica ainda care\u00e7a de confirma\u00e7\u00e3o conclusiva.<\/p>\n\n\n\n<p>Para mitigar futuros riscos, \u00e9 crucial que estrat\u00e9gias ambientais sejam implementadas visando \u00e0 adapta\u00e7\u00e3o e \u00e0 mitiga\u00e7\u00e3o dos efeitos dos desastres naturais.<\/p>\n","protected":false},"excerpt":{"rendered":"<p>O Instituto Nacional de Meteorologia (Inmet) emitiu um aviso de &#8220;grande perigo&#8221;.<\/p>\n","protected":false},"author":12,"featured_media":18771,"comment_status":"closed","ping_status":"closed","sticky":false,"template":"","format":"standard","meta":{"jnews-multi-image_gallery":[],"jnews_single_post":{"format":"standard"},"jnews_primary_category":[],"jnews_social_meta":[],"jnews_override_counter":[],"jnews_post_split":[],"footnotes":""},"categories":[1],"tags":[],"class_list":["post-28960","post","type-post","status-publish","format-standard","has-post-thumbnail","hentry","category-geral"],"_referencia":"","_links":{"self":[{"href":"https:\/\/diariodocomercio.com.br\/mix\/wp-json\/wp\/v2\/posts\/28960","targetHints":{"allow":["GET"]}}],"collection":[{"href":"https:\/\/diariodocomercio.com.br\/mix\/wp-json\/wp\/v2\/posts"}],"about":[{"href":"https:\/\/diariodocomercio.com.br\/mix\/wp-json\/wp\/v2\/types\/post"}],"author":[{"embeddable":true,"href":"https:\/\/diariodocomercio.com.br\/mix\/wp-json\/wp\/v2\/users\/12"}],"replies":[{"embeddable":true,"href":"https:\/\/diariodocomercio.com.br\/mix\/wp-json\/wp\/v2\/comments?post=28960"}],"version-history":[{"count":1,"href":"https:\/\/diariodocomercio.com.br\/mix\/wp-json\/wp\/v2\/posts\/28960\/revisions"}],"predecessor-version":[{"id":28964,"href":"https:\/\/diariodocomercio.com.br\/mix\/wp-json\/wp\/v2\/posts\/28960\/revisions\/28964"}],"wp:featuredmedia":[{"embeddable":true,"href":"https:\/\/diariodocomercio.com.br\/mix\/wp-json\/wp\/v2\/media\/18771"}],"wp:attachment":[{"href":"https:\/\/diariodocomercio.com.br\/mix\/wp-json\/wp\/v2\/media?parent=28960"}],"wp:term":[{"taxonomy":"category","embeddable":true,"href":"https:\/\/diariodocomercio.com.br\/mix\/wp-json\/wp\/v2\/categories?post=28960"},{"taxonomy":"post_tag","embeddable":true,"href":"https:\/\/diariodocomercio.com.br\/mix\/wp-json\/wp\/v2\/tags?post=28960"}],"curies":[{"name":"wp","href":"https:\/\/api.w.org\/{rel}","templated":true}]}}