{"id":28977,"date":"2025-12-11T11:00:13","date_gmt":"2025-12-11T14:00:13","guid":{"rendered":"https:\/\/diariodocomercio.com.br\/mix\/?p=28977"},"modified":"2025-12-11T11:00:15","modified_gmt":"2025-12-11T14:00:15","slug":"algo-inacreditavel-foi-encontrado-pela-nasa-em-marte-fenomeno-terrestre-surge-no-planeta-vermelho","status":"publish","type":"post","link":"https:\/\/diariodocomercio.com.br\/mix\/algo-inacreditavel-foi-encontrado-pela-nasa-em-marte-fenomeno-terrestre-surge-no-planeta-vermelho\/","title":{"rendered":"Algo inacredit\u00e1vel foi encontrado pela NASA em Marte: fen\u00f4meno terrestre surge no planeta vermelho"},"content":{"rendered":"\n<p>Pela primeira vez, cientistas registraram&nbsp;<strong>atividade el\u00e9trica na atmosfera de Marte<\/strong>, um fen\u00f4meno at\u00e9 ent\u00e3o apenas teorizado. Dados do rover&nbsp;<strong>Perseverance<\/strong>, da NASA, revelaram que o planeta vermelho produz descargas semelhantes a \u201cmini-raios\u201d, detectadas por meio de grava\u00e7\u00f5es de \u00e1udio e medi\u00e7\u00f5es eletromagn\u00e9ticas feitas pelo instrumento&nbsp;<strong>SuperCam<\/strong>.<\/p>\n\n\n\n<p>A descoberta, publicada na revista\u00a0<em>Nature<\/em>, coloca Marte no seleto grupo de planetas com atividade el\u00e9trica confirmada \u2014 at\u00e9 agora limitado \u00e0\u00a0<strong>Terra, J\u00fapiter e Saturno<\/strong>.<\/p>\n\n\n\n<p>Os registros foram analisados por uma equipe da Universidade de Toulouse, na Fran\u00e7a, liderada pelo cientista\u00a0Baptiste Chide, que identificou\u00a055 ocorr\u00eancias\u00a0de descargas el\u00e9tricas ao longo de duas \u201cprimaveras marcianas\u201d, equivalentes a\u00a01.374 dias terrestres.<\/p>\n\n\n\n<figure class=\"wp-block-image size-full\"><img decoding=\"async\" width=\"800\" height=\"300\" src=\"https:\/\/diariodocomercio.com.br\/mix\/wp-content\/uploads\/2025\/12\/image-135.png\" alt=\"\" class=\"wp-image-28985\" srcset=\"https:\/\/diariodocomercio.com.br\/mix\/wp-content\/uploads\/2025\/12\/image-135.png 800w, https:\/\/diariodocomercio.com.br\/mix\/wp-content\/uploads\/2025\/12\/image-135-300x113.png 300w, https:\/\/diariodocomercio.com.br\/mix\/wp-content\/uploads\/2025\/12\/image-135-768x288.png 768w, https:\/\/diariodocomercio.com.br\/mix\/wp-content\/uploads\/2025\/12\/image-135-150x56.png 150w, https:\/\/diariodocomercio.com.br\/mix\/wp-content\/uploads\/2025\/12\/image-135-750x281.png 750w\" sizes=\"(max-width: 800px) 100vw, 800px\" \/><figcaption class=\"wp-element-caption\">Imagem capturada durante os redemoinhos de poeira (Reprodu\u00e7\u00e3o\/<a href=\"https:\/\/www.nasa.gov\/missions\/mars-2020-perseverance\/perseverance-rover\/nasa-rover-detects-electric-sparks-in-mars-dust-devils-storms\/\" target=\"_blank\" rel=\"noreferrer noopener\">NASA<\/a>\/ JPL-Caltech\/SSI)<\/figcaption><\/figure>\n\n\n\n<p>Segundo Chide, os sinais ocorreram durante\u00a0redemoinhos de poeira (dust devils)\u00a0e frentes de tempestades \u2014 fen\u00f4menos comuns no clima marciano, onde part\u00edculas finas s\u00e3o constantemente levantadas e atritadas pelos ventos.<\/p>\n\n\n\n<blockquote class=\"wp-block-quote is-layout-flow wp-block-quote-is-layout-flow\">\n<p>\u201cEssas descargas representam uma descoberta majorit\u00e1ria, com implica\u00e7\u00f5es diretas para a qu\u00edmica atmosf\u00e9rica, o clima, a habitabilidade e a futura explora\u00e7\u00e3o rob\u00f3tica e humana\u201d, afirmou Chide \u00e0 Reuters.<\/p>\n<\/blockquote>\n\n\n\n<p>Diferentemente da Terra, onde raios est\u00e3o ligados a nuvens carregadas de vapor d\u2019\u00e1gua, em Marte a eletricidade parece surgir&nbsp;<strong>da fric\u00e7\u00e3o entre part\u00edculas de poeira<\/strong>.<\/p>\n\n\n\n<h2 class=\"wp-block-heading\"><strong>Prova sonora, mas ainda n\u00e3o visual<\/strong><\/h2>\n\n\n\n<p>Os sons das descargas foram captados pelo microfone do rover, mas ainda n\u00e3o h\u00e1 registro visual dos raios. O f\u00edsico de part\u00edculas&nbsp;<strong>Daniel Pritchard<\/strong>, em artigo de avalia\u00e7\u00e3o publicado na&nbsp;<em>Nature<\/em>, celebrou o avan\u00e7o, mas ponderou:<\/p>\n\n\n\n<blockquote class=\"wp-block-quote is-layout-flow wp-block-quote-is-layout-flow\">\n<p>\u201cAs grava\u00e7\u00f5es fornecem evid\u00eancias fortes de descargas induzidas por poeira. Mas, como os eventos foram apenas ouvidos e n\u00e3o vistos, alguma d\u00favida inevitavelmente permanecer\u00e1.\u201d<\/p>\n<\/blockquote>\n\n\n\n<p>Pritchard destacou que a confirma\u00e7\u00e3o definitiva pode depender de&nbsp;<strong>c\u00e2meras mais sens\u00edveis<\/strong>&nbsp;ou novos instrumentos atmosf\u00e9ricos em futuras miss\u00f5es.<\/p>\n\n\n\n<figure class=\"wp-block-image size-full\"><img decoding=\"async\" width=\"1200\" height=\"1108\" src=\"https:\/\/diariodocomercio.com.br\/mix\/wp-content\/uploads\/2025\/12\/image-137.png\" alt=\"\" class=\"wp-image-28987\" srcset=\"https:\/\/diariodocomercio.com.br\/mix\/wp-content\/uploads\/2025\/12\/image-137.png 1200w, https:\/\/diariodocomercio.com.br\/mix\/wp-content\/uploads\/2025\/12\/image-137-300x277.png 300w, https:\/\/diariodocomercio.com.br\/mix\/wp-content\/uploads\/2025\/12\/image-137-768x709.png 768w, https:\/\/diariodocomercio.com.br\/mix\/wp-content\/uploads\/2025\/12\/image-137-150x139.png 150w, https:\/\/diariodocomercio.com.br\/mix\/wp-content\/uploads\/2025\/12\/image-137-750x693.png 750w, https:\/\/diariodocomercio.com.br\/mix\/wp-content\/uploads\/2025\/12\/image-137-1140x1053.png 1140w\" sizes=\"(max-width: 1200px) 100vw, 1200px\" \/><figcaption class=\"wp-element-caption\">Rover Perseverance (Reprodu\u00e7\u00e3o\/Wikip\u00e9dia)<\/figcaption><\/figure>\n\n\n\n<h2 class=\"wp-block-heading\"><strong>Descoberta refor\u00e7a busca por sinais de vida antiga<\/strong><\/h2>\n\n\n\n<p>A detec\u00e7\u00e3o de eletricidade se soma a outro achado intrigante divulgado recentemente: rochas com padr\u00f5es apelidados de&nbsp;<strong>\u201cleopard spots\u201d<\/strong>&nbsp;e&nbsp;<strong>\u201cpoppy seeds\u201d<\/strong>, que cont\u00eam minerais associados a rea\u00e7\u00f5es qu\u00edmicas possivelmente ligadas a antigos microrganismos.<\/p>\n\n\n\n<p>A NASA afirma que tais forma\u00e7\u00f5es podem ser&nbsp;<strong>os sinais mais claros de vida j\u00e1 encontrados em Marte<\/strong>, embora processos geol\u00f3gicos naturais tamb\u00e9m possam explic\u00e1-las.<\/p>\n\n\n\n<p>Hoje, Marte \u00e9 um deserto frio e seco, mas h\u00e1 evid\u00eancias de que, bilh\u00f5es de anos atr\u00e1s, o planeta teve&nbsp;<strong>atmosfera densa e \u00e1gua l\u00edquida<\/strong>&nbsp;\u2014 condi\u00e7\u00f5es essenciais para a vida.<\/p>\n","protected":false},"excerpt":{"rendered":"<p>Pela primeira vez, cientistas registraram&nbsp;atividade el\u00e9trica na atmosfera de Marte, um fen\u00f4meno at\u00e9 ent\u00e3o apenas teorizado. Dados do rover&nbsp;Perseverance, da NASA, revelaram que o planeta vermelho produz descargas semelhantes a \u201cmini-raios\u201d, detectadas por meio de grava\u00e7\u00f5es de \u00e1udio e medi\u00e7\u00f5es eletromagn\u00e9ticas feitas pelo instrumento&nbsp;SuperCam. A descoberta, publicada na revista\u00a0Nature, coloca Marte no seleto grupo de [&hellip;]<\/p>\n","protected":false},"author":9,"featured_media":28986,"comment_status":"closed","ping_status":"closed","sticky":false,"template":"","format":"standard","meta":{"jnews-multi-image_gallery":[],"jnews_single_post":{"format":"standard"},"jnews_primary_category":[],"jnews_social_meta":[],"jnews_override_counter":[],"jnews_post_split":[],"footnotes":""},"categories":[1],"tags":[],"class_list":["post-28977","post","type-post","status-publish","format-standard","has-post-thumbnail","hentry","category-geral"],"_referencia":"","_links":{"self":[{"href":"https:\/\/diariodocomercio.com.br\/mix\/wp-json\/wp\/v2\/posts\/28977","targetHints":{"allow":["GET"]}}],"collection":[{"href":"https:\/\/diariodocomercio.com.br\/mix\/wp-json\/wp\/v2\/posts"}],"about":[{"href":"https:\/\/diariodocomercio.com.br\/mix\/wp-json\/wp\/v2\/types\/post"}],"author":[{"embeddable":true,"href":"https:\/\/diariodocomercio.com.br\/mix\/wp-json\/wp\/v2\/users\/9"}],"replies":[{"embeddable":true,"href":"https:\/\/diariodocomercio.com.br\/mix\/wp-json\/wp\/v2\/comments?post=28977"}],"version-history":[{"count":1,"href":"https:\/\/diariodocomercio.com.br\/mix\/wp-json\/wp\/v2\/posts\/28977\/revisions"}],"predecessor-version":[{"id":28988,"href":"https:\/\/diariodocomercio.com.br\/mix\/wp-json\/wp\/v2\/posts\/28977\/revisions\/28988"}],"wp:featuredmedia":[{"embeddable":true,"href":"https:\/\/diariodocomercio.com.br\/mix\/wp-json\/wp\/v2\/media\/28986"}],"wp:attachment":[{"href":"https:\/\/diariodocomercio.com.br\/mix\/wp-json\/wp\/v2\/media?parent=28977"}],"wp:term":[{"taxonomy":"category","embeddable":true,"href":"https:\/\/diariodocomercio.com.br\/mix\/wp-json\/wp\/v2\/categories?post=28977"},{"taxonomy":"post_tag","embeddable":true,"href":"https:\/\/diariodocomercio.com.br\/mix\/wp-json\/wp\/v2\/tags?post=28977"}],"curies":[{"name":"wp","href":"https:\/\/api.w.org\/{rel}","templated":true}]}}