{"id":28989,"date":"2025-12-11T11:42:31","date_gmt":"2025-12-11T14:42:31","guid":{"rendered":"https:\/\/diariodocomercio.com.br\/mix\/?p=28989"},"modified":"2025-12-11T18:15:04","modified_gmt":"2025-12-11T21:15:04","slug":"governo-prepara-tarifa-zero-no-transporte-publico-para-2026-e-mudanca-pode-ser-historica","status":"publish","type":"post","link":"https:\/\/diariodocomercio.com.br\/mix\/governo-prepara-tarifa-zero-no-transporte-publico-para-2026-e-mudanca-pode-ser-historica\/","title":{"rendered":"Governo prepara tarifa ZERO no transporte p\u00fablico para 2026 e mudan\u00e7a pode ser hist\u00f3rica"},"content":{"rendered":"\n<p>O governo federal trabalha em um projeto para&nbsp;<strong>reduzir ou at\u00e9 zerar a tarifa de \u00f4nibus urbanos no Brasil<\/strong>, uma das principais promessas do presidente Luiz In\u00e1cio Lula da Silva (PT) para 2026. A iniciativa, considerada potencialmente transformadora para a mobilidade urbana, ainda depende da conclus\u00e3o dos estudos t\u00e9cnicos que est\u00e3o sendo elaborados pelo Minist\u00e9rio da Fazenda.<\/p>\n\n\n\n<p>Segundo informa\u00e7\u00f5es do jornal&nbsp;<em>Valor Econ\u00f4mico<\/em>, Lula pediu pressa na formula\u00e7\u00e3o da proposta para que ela possa integrar sua plataforma eleitoral no pr\u00f3ximo ano.<\/p>\n\n\n\n<p>Em conversa com jornalistas nesta segunda-feira (8), o ministro das Cidades,&nbsp;<strong>Jader Filho<\/strong>, confirmou o avan\u00e7o das an\u00e1lises e refor\u00e7ou que a implementa\u00e7\u00e3o da tarifa zero exigir\u00e1 um acordo nacional.<\/p>\n\n\n\n<blockquote class=\"wp-block-quote is-layout-flow wp-block-quote-is-layout-flow\">\n<p>\u201cTodos os entes da Federa\u00e7\u00e3o precisam estabelecer solu\u00e7\u00f5es compartilhadas, com cada um contribuindo\u201d, disse o ministro.<\/p>\n\n\n\n<p>\u201cEstamos chegando num processo que o mundo inteiro j\u00e1 est\u00e1 tratando, e o Brasil n\u00e3o vai poder se furtar dessa discuss\u00e3o.\u201d<\/p>\n<\/blockquote>\n\n\n\n<p>Jader Filho destacou que o modelo atual \u2014 em que o usu\u00e1rio paga integralmente a tarifa \u2014 est\u00e1 esgotado e provoca um \u201cciclo de sucateamento\u201d.<\/p>\n\n\n\n<blockquote class=\"wp-block-quote is-layout-flow wp-block-quote-is-layout-flow\">\n<p>\u201cEsse modelo que est\u00e1 a\u00ed n\u00e3o funciona mais. H\u00e1 um processo r\u00e1pido de deteriora\u00e7\u00e3o que est\u00e1 expulsando o usu\u00e1rio do transporte p\u00fablico\u201d, afirmou.<\/p>\n<\/blockquote>\n\n\n\n<p>Atualmente,&nbsp;<strong>138 cidades brasileiras<\/strong>&nbsp;adotam tarifa zero em algum formato, frequentemente em dias espec\u00edficos da semana, experi\u00eancia que o governo federal pretende levar em conta na formula\u00e7\u00e3o da proposta nacional.<\/p>\n\n\n\n<h2 class=\"wp-block-heading\"><strong>Tarifa zero total ou parcial?<\/strong><\/h2>\n\n\n<style>@media (min-width: 992px) {\n    .recomendadorV2Area1 {\n        width: 280px;\n    }\n    .recomendadorV2Area2 {\n        padding: 0px 20px;\n        width: calc(100% - 280px);\n    }\n}\n\n@media (max-width: 992px) {\n    .recomendadorV2Button {\n        margin: 0 auto;\n    }\n    .recomendadorV2Area {\n        flex-direction: column;\n        text-align: center;\n    }\n    .recomendadorV2Area2 {\n        padding: 0px 20px;\n    }\n}\n\n.recomendadorV2Area {\n    background: #eeeeee3d;\n    border-radius: 10px;\n    padding: 15px;\n    display: flex;\n    margin: 15px auto;\n    border: 1px solid #00000014;\n    max-width: 800px;\n}\n\n.recomendadorV2Area1 img {\n    width: 280px;\n    height: auto;\n    border-radius: 8px;\n}\n\n.linkrecomendadorv2 {\n    text-decoration: none !important;\n}\n\n.recomendadorV2Area2 .recomendadorV2Type {\n    text-transform: uppercase;\n    font-weight: 500;\n    font-size: 11px;\n    letter-spacing: 2px;\n    color: #666;\n    margin: 12px 0;\n    display: block;\n}\n\n.recomendadorV2Title h2 {\n    padding-top: 0px !important;\n    margin: 0px !important;\n    border-left: none !important;\n    padding-left: 0px !important;\n    line-height: 1.3;\n    color: #000 !important;\n    font-size: 24px;\n    margin-bottom: 12px !important;\n}\n\n.recomendadorV2Desc {\n    color: #333;\n    margin: 12px 0px !important;\n    font-size: 15px;\n    line-height: 1.5;\n}\n\n.recomendadorV2Button {\n    width: auto;\n    max-width: 200px;\n    margin: 0;\n    display: inline-flex;\n    align-items: center;\n    background: #1D3557;\n    border-radius: 8px;\n    color: #fff;\n    height: 36px;\n    justify-content: center;\n    text-align: center;\n    font-size: 14px;\n    padding: 0 20px;\n    transition: background-color 0.2s ease;\n}\n\n.recomendadorV2Button:hover {\n    background: #2a4d7a;\n}\n\n.recomendadorV2Button:after {\n    margin-top: -2px;\n    content: \"\u2192\";\n    padding: 0px 0px 0px 8px;\n}\n\n.recomendadorV2Alert {\n    text-align: left;\n    font-size: 11px;\n    margin-top: 8px;\n    color: #666;\n}\n\n.recomendadorFixedArea {\n    width: 100%;\n    display: flex;\n    justify-content: center;\n    align-items: center;\n}\n\n@media (min-width: 992px) {\n    #recomendadorFixed {\n        width: 32% !important;\n        left: 5%;\n    }\n    .recomendadorCloseFixed{\n        right: inherit !important;\n        left: 378px !important;\n    }\n}\n\n#recomendadorFixed {\n    width: 90%;\n    box-shadow: 0 10px 20px 0px #00000057;\n    display: none;\n    height: 90px;\n    background: #F6F6F6;\n    position: fixed;\n    flex-direction: row;\n    bottom: 10px;\n    z-index: 9999;\n    border-radius: 16px;\n    padding: 7px 10px;\n}\n\n.recomendadorLeftArea {\n    width: 160px;\n}\n\n.recomendadorRightArea h2 {\n    padding-top: 0px;\n    margin: 2px 0px 4px 0px !important;\n    font-weight: 400;\n    text-align: center;\n    padding-left: 0px !important;\n    color: #000 !important;\n    border-left: none !important;\n    line-height: 20px;\n    font-size: 12px !important;\n}\n\n.recomendadorImgFixed {\n    overflow: hidden;\n    padding: 8px 6px;\n    height: 100%;\n}\n\n.recomendadorImgFixed img {\n    height: 100% !important;\n    border-radius: 16px;\n}\n\n.recomendadorRightArea {\n    padding-top: 6px;\n    display: flex;\n    width: calc(100% - 130px);\n    justify-content: space-between;\n    align-items: center;\n    flex-direction: column;\n}\n\n.recomendadorButtonFixed {\n    margin: 0 auto;\n    background: #1D3557;\n    width: 80%;\n    text-align: center;\n    font-size: 10px;\n    color: #FFF;\n    padding: 2px 10px;\n    border-radius: 3px;\n}\n\n.recomendadorButtonFixed:after {\n    margin-top: -3px;\n    content: \"\u2192\";\n    padding: 0px 0px 0px 10px;\n}\n\n.recomendadorAlertFixed {\n    font-weight: 400;\n    text-align: center;\n    color: #484848;\n    font-size: 8px;\n}\n\n.recomendadorCloseFixed {\n    z-index: 99999;\n    display: none;\n    right: 0px;\n    left: inherit;\n    bottom: 99px;\n    position: fixed;\n    justify-content: center;\n    background: #F6F6F6;\n    width: 25px;\n    align-items: center;\n    height: 25px;\n    font-weight: 800;\n    border-radius: 50%;\n    border: 1px solid #EBEBEB;\n}\n\n.recomendadorV2Desc{\n    color: #000000;\n    margin: 20px 0px;\n}\n\n@media (max-width: 576px) {\n    .recomendadorV2Area {\n      padding: 10px;\n      max-width: 100%;\n    }\n  \n    .recomendadorV2Area1 img {\n      width: 100%;\n      border-radius: 6px;\n    }\n  \n    .recomendadorV2Area2 .recomendadorV2Type {\n      font-size: 9px;\n      letter-spacing: 1px;\n      margin: 8px 0;\n    }\n  \n    .recomendadorV2Title h2 {\n      font-size: 18px !important;\n      margin-bottom: 8px !important;\n      line-height: 1.2;\n    }\n  \n    .recomendadorV2Desc {\n      font-size: 14px;\n      margin: 8px 0 !important;\n      line-height: 1.4;\n    }\n  \n    .recomendadorV2Button {\n      font-size: 14px;\n      height: 40px;\n      padding: 0 12px;\n      max-width: 100%;\n      width: 100%;\n    }\n  \n    .recomendadorV2Button:after {\n      padding-left: 6px;\n    }\n  }\n  <\/style>\n        <div class=\"lazyblock-recomendador-v2-2jDGz wp-block-lazyblock-recomendador-v2\">\n        <a class=\"linkrecomendadorv2\" href=\"https:\/\/diariodocomercio.com.br\/mix\/trabalhadores-recebem-auxilio-surpresa-por-2-meses-mas-governo-da-prazo-para-retirada\/?utm_source=lazy\">\n            <div class=\"recomendadorV2Area\">\n            <div class=\"recomendadorV2Area1\">\n                <div class=\"recomendadorV2Img\">\n                <img class=\"lazyloaded\" decoding=\"async\" src=\"https:\/\/diariodocomercio.com.br\/mix\/wp-content\/uploads\/2025\/04\/essa-nota-de-2-pode-valer-ate-3-mil-reais-1140x570.jpg\" data-src=\"https:\/\/diariodocomercio.com.br\/mix\/wp-content\/uploads\/2025\/04\/essa-nota-de-2-pode-valer-ate-3-mil-reais-1140x570.jpg\" alt=\"\">\n                <\/div>\n            <\/div>\n            <div class=\"recomendadorV2Area2\">\n                <div class=\"recomendadorV2Type\">\n                    <span>Aux\u00edlio BR<\/span>\n                <\/div>\n                <div class=\"recomendadorV2Title\">\n                <h2><span>Surpresa por 2 meses \ud83d\udcb8<\/span><\/h2>\n                <\/div>\n                <div class=\"recomendadorV2Desc\">\n                <span>Governo d\u00e1 prazo para retirada<\/span>\n                <\/div>\n                <div class=\"recomendadorV2Button\">Consultar agora<\/div>\n                <div class=\"recomendadorV2Alert\"><\/div>\n            <\/div>\n            <\/div>\n        <\/a>\n        <div>\n            <div style=\"z-index:99999;\" id=\"buttonClose\" onclick=\"closeRecomendadorFixed()\">\n            <div class=\"recomendadorCloseFixed\">X<\/div>\n            <\/div>\n            <a href=\"https:\/\/diariodocomercio.com.br\/mix\/trabalhadores-recebem-auxilio-surpresa-por-2-meses-mas-governo-da-prazo-para-retirada\/?utm_source=lazy\">\n            <div class=\"recomendadorFixedArea\">\n                <div id=\"recomendadorFixed\">\n                <div class=\"recomendadorLeftArea\">\n                    <div class=\"recomendadorImgFixed\">\n                    <img class=\"lazyload\" decoding=\"async\" src=\"https:\/\/diariodocomercio.com.br\/mix\/wp-content\/uploads\/2025\/04\/essa-nota-de-2-pode-valer-ate-3-mil-reais-1140x570.jpg\" alt=\"\">\n                    <\/div>\n                <\/div>\n                <div class=\"recomendadorRightArea\">\n                    <div class=\"recomendadorTitleFixed\">\n                    <h2><span>Surpresa por 2 meses \ud83d\udcb8<\/span><\/h2>\n                    <\/div>\n                    <div class=\"recomendadorButtonFixed\">Consultar agora<\/div>\n                    <div class=\"recomendadorAlertFixed\"><\/div>\n                <\/div>\n                <\/div>\n            <\/div>\n            <\/a>\n        <\/div>\n        <\/div>\n\n\n\n<p>De acordo com o economista&nbsp;<strong>Tiago Sbardelotto<\/strong>, da XP, ainda n\u00e3o h\u00e1 detalhes sobre o desenho final do programa, mas as possibilidades em estudo se dividem em dois caminhos:<\/p>\n\n\n\n<ul class=\"wp-block-list\">\n<li><strong>Isen\u00e7\u00e3o total<\/strong>, com gratuidade em todos os dias da semana;<\/li>\n\n\n\n<li><strong>Isen\u00e7\u00e3o parcial<\/strong>, v\u00e1lida apenas em fins de semana ou domingos, quando a demanda \u00e9 menor.<\/li>\n<\/ul>\n\n\n\n<p>A expectativa \u00e9 que o Minist\u00e9rio da Fazenda apresente os cen\u00e1rios financeiros nas pr\u00f3ximas semanas. S\u00f3 ent\u00e3o ser\u00e1 poss\u00edvel modelar o formato de financiamento, que poder\u00e1 envolver Uni\u00e3o, estados e munic\u00edpios em um&nbsp;<strong>pacto federativo<\/strong>.<\/p>\n\n\n\n<h2 class=\"wp-block-heading\"><strong>Impacto eleitoral e legado de pol\u00edticas anteriores<\/strong><\/h2>\n\n\n\n<p>A proposta resgata elementos de um plano apresentado em 2012 por&nbsp;<strong>Fernando Haddad<\/strong>, hoje ministro da Fazenda, \u00e0 ent\u00e3o presidente Dilma Rousseff \u2014 um modelo que n\u00e3o impactava o resultado fiscal prim\u00e1rio.<\/p>\n\n\n\n<p>Lula deseja anunciar a tarifa zero em 2026, mesmo sabendo que sua implementa\u00e7\u00e3o n\u00e3o poder\u00e1 ser acelerada para vigorar imediatamente, a fim de evitar problemas com a Lei Eleitoral.<\/p>\n\n\n\n<p>O projeto deve figurar entre as principais bandeiras do governo ao lado de outras medidas, como:<\/p>\n\n\n\n<ul class=\"wp-block-list\">\n<li>isen\u00e7\u00e3o do Imposto de Renda para quem ganha at\u00e9 R$ 5 mil;<\/li>\n\n\n\n<li>mudan\u00e7a na jornada de trabalho 6 por 1.<\/li>\n<\/ul>\n\n\n\n<h2 class=\"wp-block-heading\"><strong>Pr\u00f3ximos passos<\/strong><\/h2>\n\n\n\n<p>O ministro Jader Filho informou que deixar\u00e1 a pasta no in\u00edcio de abril de 2026 para disputar uma vaga na C\u00e2mara dos Deputados, mas disse que a proposta estar\u00e1 estruturada antes disso.<\/p>\n\n\n\n<blockquote class=\"wp-block-quote is-layout-flow wp-block-quote-is-layout-flow\">\n<p>\u201cA Fazenda prepara estudos para verificar o que \u00e9 poss\u00edvel ser feito. O Brasil n\u00e3o pode mais adiar essa discuss\u00e3o\u201d, reiterou.<\/p>\n<\/blockquote>\n\n\n\n<p>Se avan\u00e7ar, o programa poder\u00e1 se tornar uma das maiores transforma\u00e7\u00f5es no transporte p\u00fablico brasileiro em d\u00e9cadas \u2014 e redefinir o debate sobre mobilidade, sustentabilidade e inclus\u00e3o social no pa\u00eds.<\/p>\n","protected":false},"excerpt":{"rendered":"<p>O governo federal trabalha em um projeto para&nbsp;reduzir ou at\u00e9 zerar a tarifa de \u00f4nibus urbanos no Brasil, uma das principais promessas do presidente Luiz In\u00e1cio Lula da Silva (PT) para 2026. A iniciativa, considerada potencialmente transformadora para a mobilidade urbana, ainda depende da conclus\u00e3o dos estudos t\u00e9cnicos que est\u00e3o sendo elaborados pelo Minist\u00e9rio da [&hellip;]<\/p>\n","protected":false},"author":9,"featured_media":28990,"comment_status":"closed","ping_status":"closed","sticky":false,"template":"","format":"standard","meta":{"jnews-multi-image_gallery":[],"jnews_single_post":{"format":"standard"},"jnews_primary_category":[],"jnews_social_meta":[],"jnews_override_counter":[],"jnews_post_split":[],"footnotes":""},"categories":[1],"tags":[],"class_list":["post-28989","post","type-post","status-publish","format-standard","has-post-thumbnail","hentry","category-geral"],"_referencia":"","_links":{"self":[{"href":"https:\/\/diariodocomercio.com.br\/mix\/wp-json\/wp\/v2\/posts\/28989","targetHints":{"allow":["GET"]}}],"collection":[{"href":"https:\/\/diariodocomercio.com.br\/mix\/wp-json\/wp\/v2\/posts"}],"about":[{"href":"https:\/\/diariodocomercio.com.br\/mix\/wp-json\/wp\/v2\/types\/post"}],"author":[{"embeddable":true,"href":"https:\/\/diariodocomercio.com.br\/mix\/wp-json\/wp\/v2\/users\/9"}],"replies":[{"embeddable":true,"href":"https:\/\/diariodocomercio.com.br\/mix\/wp-json\/wp\/v2\/comments?post=28989"}],"version-history":[{"count":2,"href":"https:\/\/diariodocomercio.com.br\/mix\/wp-json\/wp\/v2\/posts\/28989\/revisions"}],"predecessor-version":[{"id":29071,"href":"https:\/\/diariodocomercio.com.br\/mix\/wp-json\/wp\/v2\/posts\/28989\/revisions\/29071"}],"wp:featuredmedia":[{"embeddable":true,"href":"https:\/\/diariodocomercio.com.br\/mix\/wp-json\/wp\/v2\/media\/28990"}],"wp:attachment":[{"href":"https:\/\/diariodocomercio.com.br\/mix\/wp-json\/wp\/v2\/media?parent=28989"}],"wp:term":[{"taxonomy":"category","embeddable":true,"href":"https:\/\/diariodocomercio.com.br\/mix\/wp-json\/wp\/v2\/categories?post=28989"},{"taxonomy":"post_tag","embeddable":true,"href":"https:\/\/diariodocomercio.com.br\/mix\/wp-json\/wp\/v2\/tags?post=28989"}],"curies":[{"name":"wp","href":"https:\/\/api.w.org\/{rel}","templated":true}]}}