{"id":28992,"date":"2025-12-11T12:03:02","date_gmt":"2025-12-11T15:03:02","guid":{"rendered":"https:\/\/diariodocomercio.com.br\/mix\/?p=28992"},"modified":"2025-12-11T12:03:04","modified_gmt":"2025-12-11T15:03:04","slug":"governo-aprova-e-trabalhadores-vao-receber-adicional-de-r-103-em-janeiro","status":"publish","type":"post","link":"https:\/\/diariodocomercio.com.br\/mix\/governo-aprova-e-trabalhadores-vao-receber-adicional-de-r-103-em-janeiro\/","title":{"rendered":"Governo aprova e trabalhadores v\u00e3o receber adicional de R$ 103 em janeiro"},"content":{"rendered":"\n<p>O sal\u00e1rio m\u00ednimo brasileiro ter\u00e1\u00a0<strong>reajuste de R$ 103 a partir de janeiro de 2026<\/strong>, passando dos atuais R$ 1.518 para\u00a0<strong>R$ 1.621<\/strong>, segundo confirmou o Minist\u00e9rio do Planejamento e Or\u00e7amento nesta quarta-feira (10). <\/p>\n\n\n\n<p>O novo valor ser\u00e1 sentido pelos trabalhadores no pagamento de fevereiro e afeta diretamente mais de 59 milh\u00f5es de brasileiros que recebem o piso nacional ou benef\u00edcios atrelados a ele.<\/p>\n\n\n\n<p>O reajuste de 6,79% ficou abaixo das primeiras proje\u00e7\u00f5es feitas pelo pr\u00f3prio governo. Em mar\u00e7o, o PLDO previa um sal\u00e1rio m\u00ednimo de&nbsp;<strong>R$ 1.630<\/strong>, e a LDO aprovada na semana passada indicava&nbsp;<strong>R$ 1.627<\/strong>. A diferen\u00e7a se deve \u00e0 desacelera\u00e7\u00e3o da infla\u00e7\u00e3o medida pelo INPC nos \u00faltimos meses.<\/p>\n\n\n\n<p>O c\u00e1lculo oficial considera dois fatores:<\/p>\n\n\n\n<ul class=\"wp-block-list\">\n<li><strong>Infla\u00e7\u00e3o acumulada pelo INPC<\/strong>, que est\u00e1 em 4,18% em 12 meses;<\/li>\n\n\n\n<li><strong>Crescimento do PIB<\/strong>, estimado em 3,4% para 2024, segundo dados revisados do IBGE.<\/li>\n<\/ul>\n\n\n\n<p>Esse modelo segue a pol\u00edtica permanente de valoriza\u00e7\u00e3o do sal\u00e1rio m\u00ednimo, que combina reposi\u00e7\u00e3o inflacion\u00e1ria com ganho real baseado na atividade econ\u00f4mica.<\/p>\n\n\n\n<h2 class=\"wp-block-heading\"><strong>Aumento amplia despesas do governo em mais de R$ 44 bilh\u00f5es<\/strong><\/h2>\n\n\n\n<p>A cada R$ 1 de aumento no sal\u00e1rio m\u00ednimo, a despesa obrigat\u00f3ria do governo sobe cerca de&nbsp;<strong>R$ 429,3 milh\u00f5es<\/strong>. Assim, o acr\u00e9scimo de R$ 103 deve gerar impacto de&nbsp;<strong>R$ 44,2 bilh\u00f5es<\/strong>&nbsp;nas contas p\u00fablicas em 2026, conforme proje\u00e7\u00e3o inclu\u00edda na LDO aprovada pelo Congresso.<\/p>\n\n\n\n<p>Esse efeito ocorre porque nenhum benef\u00edcio previdenci\u00e1rio ou assistencial pode ser inferior ao sal\u00e1rio m\u00ednimo. O reajuste, portanto, altera valores pagos por:<\/p>\n\n\n\n<ul class=\"wp-block-list\">\n<li>aposentadorias e pens\u00f5es do\u00a0<strong>INSS<\/strong>,<\/li>\n\n\n\n<li><strong>seguro-desemprego<\/strong>,<\/li>\n\n\n\n<li><strong>abono salarial<\/strong>,<\/li>\n\n\n\n<li>Benef\u00edcio de Presta\u00e7\u00e3o Continuada (<strong>BPC<\/strong>).<\/li>\n<\/ul>\n\n\n\n<p>T\u00e9cnicos da equipe econ\u00f4mica afirmam que o novo valor respeita a f\u00f3rmula de reajuste e mant\u00e9m a trajet\u00f3ria de valoriza\u00e7\u00e3o real do sal\u00e1rio m\u00ednimo, sem romper com o compromisso fiscal estabelecido.<\/p>\n\n\n\n<p>A pasta lembra ainda que a redu\u00e7\u00e3o natural da infla\u00e7\u00e3o nos \u00faltimos meses evitou um reajuste maior, mas refor\u00e7ou que o ganho real permanece garantido pela regra atual.<\/p>\n\n\n\n<h2 class=\"wp-block-heading\"><strong>Quando o trabalhador sente o aumento?<\/strong><\/h2>\n\n\n\n<p>O novo sal\u00e1rio m\u00ednimo entra em vigor em&nbsp;<strong>1\u00ba de janeiro de 2026<\/strong>, mas o trabalhador ver\u00e1 o reajuste&nbsp;<strong>no pagamento de fevereiro<\/strong>, referente ao m\u00eas trabalhado j\u00e1 com o valor atualizado.<\/p>\n\n\n\n<p>Benef\u00edcios do INSS tamb\u00e9m come\u00e7am a ser pagos com reajuste a partir da primeira folha de 2026.<\/p>\n","protected":false},"excerpt":{"rendered":"<p>O sal\u00e1rio m\u00ednimo brasileiro ter\u00e1\u00a0reajuste de R$ 103 a partir de janeiro de 2026, passando dos atuais R$ 1.518 para\u00a0R$ 1.621, segundo confirmou o Minist\u00e9rio do Planejamento e Or\u00e7amento nesta quarta-feira (10). O novo valor ser\u00e1 sentido pelos trabalhadores no pagamento de fevereiro e afeta diretamente mais de 59 milh\u00f5es de brasileiros que recebem o [&hellip;]<\/p>\n","protected":false},"author":9,"featured_media":5371,"comment_status":"closed","ping_status":"closed","sticky":false,"template":"","format":"standard","meta":{"jnews-multi-image_gallery":[],"jnews_single_post":{"format":"standard"},"jnews_primary_category":[],"jnews_social_meta":[],"jnews_override_counter":[],"jnews_post_split":[],"footnotes":""},"categories":[1],"tags":[],"class_list":["post-28992","post","type-post","status-publish","format-standard","has-post-thumbnail","hentry","category-geral"],"_referencia":"","_links":{"self":[{"href":"https:\/\/diariodocomercio.com.br\/mix\/wp-json\/wp\/v2\/posts\/28992","targetHints":{"allow":["GET"]}}],"collection":[{"href":"https:\/\/diariodocomercio.com.br\/mix\/wp-json\/wp\/v2\/posts"}],"about":[{"href":"https:\/\/diariodocomercio.com.br\/mix\/wp-json\/wp\/v2\/types\/post"}],"author":[{"embeddable":true,"href":"https:\/\/diariodocomercio.com.br\/mix\/wp-json\/wp\/v2\/users\/9"}],"replies":[{"embeddable":true,"href":"https:\/\/diariodocomercio.com.br\/mix\/wp-json\/wp\/v2\/comments?post=28992"}],"version-history":[{"count":1,"href":"https:\/\/diariodocomercio.com.br\/mix\/wp-json\/wp\/v2\/posts\/28992\/revisions"}],"predecessor-version":[{"id":28995,"href":"https:\/\/diariodocomercio.com.br\/mix\/wp-json\/wp\/v2\/posts\/28992\/revisions\/28995"}],"wp:featuredmedia":[{"embeddable":true,"href":"https:\/\/diariodocomercio.com.br\/mix\/wp-json\/wp\/v2\/media\/5371"}],"wp:attachment":[{"href":"https:\/\/diariodocomercio.com.br\/mix\/wp-json\/wp\/v2\/media?parent=28992"}],"wp:term":[{"taxonomy":"category","embeddable":true,"href":"https:\/\/diariodocomercio.com.br\/mix\/wp-json\/wp\/v2\/categories?post=28992"},{"taxonomy":"post_tag","embeddable":true,"href":"https:\/\/diariodocomercio.com.br\/mix\/wp-json\/wp\/v2\/tags?post=28992"}],"curies":[{"name":"wp","href":"https:\/\/api.w.org\/{rel}","templated":true}]}}