{"id":28993,"date":"2025-12-11T11:57:36","date_gmt":"2025-12-11T14:57:36","guid":{"rendered":"https:\/\/diariodocomercio.com.br\/mix\/?p=28993"},"modified":"2025-12-11T11:57:38","modified_gmt":"2025-12-11T14:57:38","slug":"fim-das-cotas-raciais-pl-e-aprovada-e-alunos-nao-poderao-mais-ingressar-em-universidades-por-essa-modalidade","status":"publish","type":"post","link":"https:\/\/diariodocomercio.com.br\/mix\/fim-das-cotas-raciais-pl-e-aprovada-e-alunos-nao-poderao-mais-ingressar-em-universidades-por-essa-modalidade\/","title":{"rendered":"Fim das cotas raciais: PL \u00e9 aprovada e alunos n\u00e3o poder\u00e3o mais ingressar em universidades por essa modalidade"},"content":{"rendered":"\n<p>A <strong>Assembleia Legislativa de Santa Catarina<\/strong> (Alesc) aprovou nesta quarta-feira, dia 10 de dezembro, um projeto de lei que pro\u00edbe a implementa\u00e7\u00e3o de cotas raciais em universidades estaduais e institui\u00e7\u00f5es privadas financiadas pelo estado.<\/p>\n\n\n\n<p>O projeto, de autoria do deputado Alex Brasil (PL), aguarda san\u00e7\u00e3o do governador Jorginho Mello (PL). O debate sobre igualdade no acesso \u00e0 educa\u00e7\u00e3o ganha novas dimens\u00f5es com essa medida.<\/p>\n\n\n\n<p>O projeto prev\u00ea a exclus\u00e3o das cotas raciais, mas permite reservas de vagas baseadas em <strong>crit\u00e9rios econ\u00f4micos, <\/strong>para <strong>pessoas com defici\u00eancia<\/strong> e estudantes de <strong>escolas p\u00fablicas estaduais.<\/strong> Institui\u00e7\u00f5es que descumprirem a nova norma estar\u00e3o sujeitas a multa de R$ 100 mil e cortes de recursos estatais.<\/p>\n\n\n\n<h2 class=\"wp-block-heading\">Mudan\u00e7as na educa\u00e7\u00e3o superior em Santa Catarina<\/h2>\n\n\n\n<p>A nova legisla\u00e7\u00e3o altera significativamente os crit\u00e9rios de sele\u00e7\u00e3o em universidades estaduais. A \u00eanfase passa a ser em crit\u00e9rios econ\u00f4micos e na inclus\u00e3o de pessoas com defici\u00eancia, em vez de crit\u00e9rios raciais ou \u00e9tnicos.&nbsp;<\/p>\n\n\n\n<p>Essas mudan\u00e7as impactam diretamente a forma como as institui\u00e7\u00f5es gerenciam os processos seletivos.<\/p>\n\n\n\n<p>O projeto tamb\u00e9m estabelece penalidades rigorosas para institui\u00e7\u00f5es que descumprirem as novas diretrizes. Al\u00e9m de multas, h\u00e1 possibilidade de corte de recursos estatais.<\/p>\n\n\n\n<h2 class=\"wp-block-heading\">Rea\u00e7\u00f5es<\/h2>\n\n\n\n<p>A decis\u00e3o gerou rea\u00e7\u00f5es diversas. De acordo com o Censo de 2022, 23,94% da popula\u00e7\u00e3o de Santa Catarina se declara preta ou parda.<\/p>\n\n\n\n<p>A elimina\u00e7\u00e3o das cotas raciais pode impactar significativamente essa parcela da popula\u00e7\u00e3o. No \u00e2mbito pol\u00edtico, alguns deputados apontaram poss\u00edveis inconstitucionalidades na medida.&nbsp;<\/p>\n","protected":false},"excerpt":{"rendered":"<p>A decis\u00e3o gerou rea\u00e7\u00f5es diversas.<\/p>\n","protected":false},"author":12,"featured_media":18281,"comment_status":"closed","ping_status":"closed","sticky":false,"template":"","format":"standard","meta":{"jnews-multi-image_gallery":[],"jnews_single_post":{"format":"standard"},"jnews_primary_category":[],"jnews_social_meta":[],"jnews_override_counter":[],"jnews_post_split":[],"footnotes":""},"categories":[1],"tags":[],"class_list":["post-28993","post","type-post","status-publish","format-standard","has-post-thumbnail","hentry","category-geral"],"_referencia":"","_links":{"self":[{"href":"https:\/\/diariodocomercio.com.br\/mix\/wp-json\/wp\/v2\/posts\/28993","targetHints":{"allow":["GET"]}}],"collection":[{"href":"https:\/\/diariodocomercio.com.br\/mix\/wp-json\/wp\/v2\/posts"}],"about":[{"href":"https:\/\/diariodocomercio.com.br\/mix\/wp-json\/wp\/v2\/types\/post"}],"author":[{"embeddable":true,"href":"https:\/\/diariodocomercio.com.br\/mix\/wp-json\/wp\/v2\/users\/12"}],"replies":[{"embeddable":true,"href":"https:\/\/diariodocomercio.com.br\/mix\/wp-json\/wp\/v2\/comments?post=28993"}],"version-history":[{"count":1,"href":"https:\/\/diariodocomercio.com.br\/mix\/wp-json\/wp\/v2\/posts\/28993\/revisions"}],"predecessor-version":[{"id":28994,"href":"https:\/\/diariodocomercio.com.br\/mix\/wp-json\/wp\/v2\/posts\/28993\/revisions\/28994"}],"wp:featuredmedia":[{"embeddable":true,"href":"https:\/\/diariodocomercio.com.br\/mix\/wp-json\/wp\/v2\/media\/18281"}],"wp:attachment":[{"href":"https:\/\/diariodocomercio.com.br\/mix\/wp-json\/wp\/v2\/media?parent=28993"}],"wp:term":[{"taxonomy":"category","embeddable":true,"href":"https:\/\/diariodocomercio.com.br\/mix\/wp-json\/wp\/v2\/categories?post=28993"},{"taxonomy":"post_tag","embeddable":true,"href":"https:\/\/diariodocomercio.com.br\/mix\/wp-json\/wp\/v2\/tags?post=28993"}],"curies":[{"name":"wp","href":"https:\/\/api.w.org\/{rel}","templated":true}]}}