{"id":28999,"date":"2025-12-11T12:31:16","date_gmt":"2025-12-11T15:31:16","guid":{"rendered":"https:\/\/diariodocomercio.com.br\/mix\/?p=28999"},"modified":"2025-12-11T12:31:18","modified_gmt":"2025-12-11T15:31:18","slug":"governo-convoca-beneficiarios-do-bolsa-familia-para-atualizacao-obrigatoria-neste-sabado-13-12","status":"publish","type":"post","link":"https:\/\/diariodocomercio.com.br\/mix\/governo-convoca-beneficiarios-do-bolsa-familia-para-atualizacao-obrigatoria-neste-sabado-13-12\/","title":{"rendered":"Governo convoca benefici\u00e1rios do Bolsa Fam\u00edlia para atualiza\u00e7\u00e3o obrigat\u00f3ria neste s\u00e1bado (13\/12)"},"content":{"rendered":"\n<p>Neste s\u00e1bado, 13 de dezembro, <strong>Salvador <\/strong>sedia uma a\u00e7\u00e3o importante para o <strong>Bolsa Fam\u00edlia. <\/strong>Promovida pela Secretaria Municipal da Sa\u00fade (SMS), a iniciativa do governo municipal busca atualizar as condicionalidades de sa\u00fade do programa, beneficiando milhares de fam\u00edlias. O objetivo \u00e9 facilitar o servi\u00e7o, especialmente para aqueles que n\u00e3o conseguem comparecer durante a semana.<\/p>\n\n\n\n<p>Cerca de 479 mil benefici\u00e1rios precisam atualizar dados de sa\u00fade, referentes \u00e0 segunda vig\u00eancia do ano. A a\u00e7\u00e3o visa elevar a cobertura, que at\u00e9 agora abrange aproximadamente 172.852 pessoas, ou seja, 36,07% do total.<\/p>\n\n\n\n<p>Para participar do S\u00e1bado do Bolsa Fam\u00edlia Salvador 2025, \u00e9 necess\u00e1rio apresentar o cart\u00e3o do programa, RG, CPF, Caderneta da Crian\u00e7a e Cart\u00e3o da Gestante, se for o caso.<\/p>\n\n\n\n<h2 class=\"wp-block-heading\">Servi\u00e7os de sa\u00fade ampliados<\/h2>\n\n\n\n<p>A a\u00e7\u00e3o oferece v\u00e1rios servi\u00e7os essenciais. Inclui a verifica\u00e7\u00e3o do cart\u00e3o de vacina\u00e7\u00e3o, avalia\u00e7\u00e3o de peso, altura e desenvolvimento de crian\u00e7as menores de 7 anos.<\/p>\n\n\n\n<p>Gestantes poder\u00e3o atualizar a Caderneta da Gestante, garantindo o in\u00edcio e a regularidade do pr\u00e9-natal. Mulheres entre 14 e 44 anos passar\u00e3o por avalia\u00e7\u00f5es de sa\u00fade e atualiza\u00e7\u00e3o do esquema vacinal.<\/p>\n\n\n\n<p>Essa mobiliza\u00e7\u00e3o refor\u00e7a o compromisso da gest\u00e3o local em garantir acesso aos cuidados de sa\u00fade prim\u00e1rios. Al\u00e9m disso, assegura que todos cumpram as exig\u00eancias do Bolsa Fam\u00edlia para manter o benef\u00edcio.<\/p>\n\n\n\n<h2 class=\"wp-block-heading\">Planejamento para evitar filas<\/h2>\n\n\n\n<p>A lista dos postos de sa\u00fade que participar\u00e3o ser\u00e1 divulgada em canais oficiais da SMS, garantindo que a informa\u00e7\u00e3o chegue rapidamente. A estrat\u00e9gia \u00e9 atender o maior n\u00famero de pessoas sem causar filas longas.&nbsp;<\/p>\n\n\n\n<p>A mobiliza\u00e7\u00e3o especial deste s\u00e1bado \u00e9 um passo significativo para Salvador. Atualiza\u00e7\u00f5es como essa s\u00e3o fundamentais para promover a preven\u00e7\u00e3o e o cuidado cont\u00ednuo.<\/p>\n","protected":false},"excerpt":{"rendered":"<p>A a\u00e7\u00e3o oferece v\u00e1rios servi\u00e7os essenciais. Veja detalhes.<\/p>\n","protected":false},"author":12,"featured_media":12376,"comment_status":"closed","ping_status":"closed","sticky":false,"template":"","format":"standard","meta":{"jnews-multi-image_gallery":[],"jnews_single_post":{"format":"standard"},"jnews_primary_category":[],"jnews_social_meta":[],"jnews_override_counter":[],"jnews_post_split":[],"footnotes":""},"categories":[1],"tags":[],"class_list":["post-28999","post","type-post","status-publish","format-standard","has-post-thumbnail","hentry","category-geral"],"_referencia":"","_links":{"self":[{"href":"https:\/\/diariodocomercio.com.br\/mix\/wp-json\/wp\/v2\/posts\/28999","targetHints":{"allow":["GET"]}}],"collection":[{"href":"https:\/\/diariodocomercio.com.br\/mix\/wp-json\/wp\/v2\/posts"}],"about":[{"href":"https:\/\/diariodocomercio.com.br\/mix\/wp-json\/wp\/v2\/types\/post"}],"author":[{"embeddable":true,"href":"https:\/\/diariodocomercio.com.br\/mix\/wp-json\/wp\/v2\/users\/12"}],"replies":[{"embeddable":true,"href":"https:\/\/diariodocomercio.com.br\/mix\/wp-json\/wp\/v2\/comments?post=28999"}],"version-history":[{"count":1,"href":"https:\/\/diariodocomercio.com.br\/mix\/wp-json\/wp\/v2\/posts\/28999\/revisions"}],"predecessor-version":[{"id":29003,"href":"https:\/\/diariodocomercio.com.br\/mix\/wp-json\/wp\/v2\/posts\/28999\/revisions\/29003"}],"wp:featuredmedia":[{"embeddable":true,"href":"https:\/\/diariodocomercio.com.br\/mix\/wp-json\/wp\/v2\/media\/12376"}],"wp:attachment":[{"href":"https:\/\/diariodocomercio.com.br\/mix\/wp-json\/wp\/v2\/media?parent=28999"}],"wp:term":[{"taxonomy":"category","embeddable":true,"href":"https:\/\/diariodocomercio.com.br\/mix\/wp-json\/wp\/v2\/categories?post=28999"},{"taxonomy":"post_tag","embeddable":true,"href":"https:\/\/diariodocomercio.com.br\/mix\/wp-json\/wp\/v2\/tags?post=28999"}],"curies":[{"name":"wp","href":"https:\/\/api.w.org\/{rel}","templated":true}]}}