{"id":29002,"date":"2025-12-11T12:59:49","date_gmt":"2025-12-11T15:59:49","guid":{"rendered":"https:\/\/diariodocomercio.com.br\/mix\/?p=29002"},"modified":"2025-12-11T18:15:11","modified_gmt":"2025-12-11T21:15:11","slug":"trabalhadores-recebem-auxilio-surpresa-por-2-meses-mas-governo-da-prazo-para-retirada","status":"publish","type":"post","link":"https:\/\/diariodocomercio.com.br\/mix\/trabalhadores-recebem-auxilio-surpresa-por-2-meses-mas-governo-da-prazo-para-retirada\/","title":{"rendered":"Trabalhadores recebem aux\u00edlio surpresa por 2 meses, mas Governo d\u00e1 prazo para retirada"},"content":{"rendered":"\n<p>Trabalhadores que dependem do\u00a0aux\u00edlio por incapacidade tempor\u00e1ria\u00a0\u2014 antigo aux\u00edlio-doen\u00e7a \u2014 poder\u00e3o receber o benef\u00edcio por\u00a0at\u00e9 60 dias, sem necessidade de per\u00edcia presencial, at\u00e9\u00a0abril de 2026. A amplia\u00e7\u00e3o, anunciada pelo Minist\u00e9rio da Previd\u00eancia Social e pelo INSS, pegou muitos segurados de surpresa e j\u00e1 est\u00e1 em vigor. A medida, por\u00e9m, \u00e9\u00a0tempor\u00e1ria: a partir de maio de 2026, o limite volta aos tradicionais\u00a030 dias.<\/p>\n\n\n\n<p>A mudan\u00e7a consta na&nbsp;<strong>Portaria Conjunta MPS\/INSS n\u00ba 83<\/strong>, que altera o funcionamento do sistema&nbsp;<strong>Atestmed<\/strong>, mecanismo que permite conceder o benef\u00edcio apenas com an\u00e1lise de documentos m\u00e9dicos enviados pelo segurado.<\/p>\n\n\n\n<h2 class=\"wp-block-heading\"><strong>Aux\u00edlio ampliado por 120 dias: como funciona<\/strong><\/h2>\n\n\n\n<p>Pelas novas regras, pedidos avaliados por meio de&nbsp;<strong>an\u00e1lise documental<\/strong>&nbsp;\u2014 sem contato presencial com peritos \u2014 poder\u00e3o gerar afastamento de at\u00e9&nbsp;<strong>60 dias<\/strong>, ainda que n\u00e3o consecutivos.<\/p>\n\n\n\n<p>Segundo o Minist\u00e9rio da Previd\u00eancia, a amplia\u00e7\u00e3o busca reduzir filas e acelerar a concess\u00e3o.<\/p>\n\n\n\n<p>O per\u00edodo ampliado ter\u00e1 validade de&nbsp;<strong>120 dias<\/strong>. Depois disso, o sistema volta ao padr\u00e3o normal de 30 dias por documento analisado.<\/p>\n\n\n\n<h2 class=\"wp-block-heading\"><strong>Como solicitar o benef\u00edcio pelo Atestmed<\/strong><\/h2>\n\n\n\n<p>O pedido pode ser feito por tr\u00eas canais:<\/p>\n\n\n\n<ul class=\"wp-block-list\">\n<li><strong>Site do <a href=\"https:\/\/meu.inss.gov.br\/#\/login\" target=\"_blank\" rel=\"noopener\">INSS<\/a><\/strong><\/li>\n\n\n\n<li><strong>Aplicativo MeuINSS<\/strong><\/li>\n\n\n\n<li><strong>Central 135<\/strong>\u00a0\u2014 com possibilidade de convers\u00e3o para Atestmed, desde que o segurado envie os documentos m\u00e9dicos.<\/li>\n<\/ul>\n\n\n\n<p>Para an\u00e1lise, \u00e9 obrigat\u00f3rio anexar&nbsp;<strong>atestados ou relat\u00f3rios m\u00e9dicos\/odontol\u00f3gicos<\/strong>&nbsp;que indiquem claramente a necessidade de afastamento.<\/p>\n\n\n\n<p>Caso os documentos n\u00e3o sejam suficientes para conceder o benef\u00edcio, o INSS n\u00e3o rejeitar\u00e1 o pedido automaticamente. Em vez disso, o segurado ser\u00e1 orientado a&nbsp;<strong>agendar per\u00edcia presencial<\/strong>.<\/p>\n","protected":false},"excerpt":{"rendered":"<p>Trabalhadores que dependem do\u00a0aux\u00edlio por incapacidade tempor\u00e1ria\u00a0\u2014 antigo aux\u00edlio-doen\u00e7a \u2014 poder\u00e3o receber o benef\u00edcio por\u00a0at\u00e9 60 dias, sem necessidade de per\u00edcia presencial, at\u00e9\u00a0abril de 2026. A amplia\u00e7\u00e3o, anunciada pelo Minist\u00e9rio da Previd\u00eancia Social e pelo INSS, pegou muitos segurados de surpresa e j\u00e1 est\u00e1 em vigor. A medida, por\u00e9m, \u00e9\u00a0tempor\u00e1ria: a partir de maio de [&hellip;]<\/p>\n","protected":false},"author":9,"featured_media":6223,"comment_status":"closed","ping_status":"closed","sticky":false,"template":"","format":"standard","meta":{"jnews-multi-image_gallery":[],"jnews_single_post":{"format":"standard"},"jnews_primary_category":[],"jnews_social_meta":[],"jnews_override_counter":[],"jnews_post_split":[],"footnotes":""},"categories":[1],"tags":[],"class_list":["post-29002","post","type-post","status-publish","format-standard","has-post-thumbnail","hentry","category-geral"],"_referencia":"","_links":{"self":[{"href":"https:\/\/diariodocomercio.com.br\/mix\/wp-json\/wp\/v2\/posts\/29002","targetHints":{"allow":["GET"]}}],"collection":[{"href":"https:\/\/diariodocomercio.com.br\/mix\/wp-json\/wp\/v2\/posts"}],"about":[{"href":"https:\/\/diariodocomercio.com.br\/mix\/wp-json\/wp\/v2\/types\/post"}],"author":[{"embeddable":true,"href":"https:\/\/diariodocomercio.com.br\/mix\/wp-json\/wp\/v2\/users\/9"}],"replies":[{"embeddable":true,"href":"https:\/\/diariodocomercio.com.br\/mix\/wp-json\/wp\/v2\/comments?post=29002"}],"version-history":[{"count":1,"href":"https:\/\/diariodocomercio.com.br\/mix\/wp-json\/wp\/v2\/posts\/29002\/revisions"}],"predecessor-version":[{"id":29006,"href":"https:\/\/diariodocomercio.com.br\/mix\/wp-json\/wp\/v2\/posts\/29002\/revisions\/29006"}],"wp:featuredmedia":[{"embeddable":true,"href":"https:\/\/diariodocomercio.com.br\/mix\/wp-json\/wp\/v2\/media\/6223"}],"wp:attachment":[{"href":"https:\/\/diariodocomercio.com.br\/mix\/wp-json\/wp\/v2\/media?parent=29002"}],"wp:term":[{"taxonomy":"category","embeddable":true,"href":"https:\/\/diariodocomercio.com.br\/mix\/wp-json\/wp\/v2\/categories?post=29002"},{"taxonomy":"post_tag","embeddable":true,"href":"https:\/\/diariodocomercio.com.br\/mix\/wp-json\/wp\/v2\/tags?post=29002"}],"curies":[{"name":"wp","href":"https:\/\/api.w.org\/{rel}","templated":true}]}}