{"id":29016,"date":"2025-12-11T15:39:21","date_gmt":"2025-12-11T18:39:21","guid":{"rendered":"https:\/\/diariodocomercio.com.br\/mix\/?p=29016"},"modified":"2025-12-11T17:57:29","modified_gmt":"2025-12-11T20:57:29","slug":"aeroportos-pelo-brasil-cancelam-voos-de-ultima-hora-veja-o-que-esta-acontecendo","status":"publish","type":"post","link":"https:\/\/diariodocomercio.com.br\/mix\/aeroportos-pelo-brasil-cancelam-voos-de-ultima-hora-veja-o-que-esta-acontecendo\/","title":{"rendered":"Aeroportos pelo Brasil cancelam voos de \u00faltima hora; veja o que est\u00e1 acontecendo"},"content":{"rendered":"\n<p>Os aeroportos de Bras\u00edlia, Congonhas e Guarulhos enfrentam, pelo segundo dia consecutivo,&nbsp;<strong>uma onda de atrasos e cancelamentos<\/strong>&nbsp;causada pelo mau tempo em S\u00e3o Paulo. Ventos que chegaram a&nbsp;<strong>98 km\/h<\/strong>, provocados por um ciclone extratropical vindo da Regi\u00e3o Sul, desorganizaram a malha a\u00e9rea nacional e resultaram em centenas de viagens suspensas desde quarta-feira (10).<\/p>\n\n\n\n<p>Somente no&nbsp;<strong>Aeroporto Internacional de Bras\u00edlia<\/strong>, administrado pela Inframerica,&nbsp;<strong>31 voos foram cancelados at\u00e9 as 7h desta quinta (11)<\/strong>. Ao longo da manh\u00e3, 19 novas cancelamentos foram registrados, al\u00e9m de tr\u00eas atrasos.<\/p>\n\n\n\n<p>Os aeroportos paulistas vivem a situa\u00e7\u00e3o mais cr\u00edtica. Entre quarta e quinta,&nbsp;<strong>mais de 300 voos foram cancelados<\/strong>&nbsp;em Congonhas e Guarulhos, segundo dados das concession\u00e1rias e da Ag\u00eancia Nacional de Avia\u00e7\u00e3o Civil (Anac).<\/p>\n\n\n\n<p>Em&nbsp;<strong>Guarulhos<\/strong>, somente nesta quinta-feira:<\/p>\n\n\n\n<ul class=\"wp-block-list\">\n<li>27 voos cancelados (8 partidas e 19 chegadas);<\/li>\n\n\n\n<li>Linhas afetando destinos como Rio de Janeiro, Porto Alegre, Bel\u00e9m, Manaus, Ilh\u00e9us, Goi\u00e2nia e Foz do Igua\u00e7u.<\/li>\n<\/ul>\n\n\n<style>@media (min-width: 992px) {\n    .recomendadorV2Area1 {\n        width: 280px;\n    }\n    .recomendadorV2Area2 {\n        padding: 0px 20px;\n        width: calc(100% - 280px);\n    }\n}\n\n@media (max-width: 992px) {\n    .recomendadorV2Button {\n        margin: 0 auto;\n    }\n    .recomendadorV2Area {\n        flex-direction: column;\n        text-align: center;\n    }\n    .recomendadorV2Area2 {\n        padding: 0px 20px;\n    }\n}\n\n.recomendadorV2Area {\n    background: #eeeeee3d;\n    border-radius: 10px;\n    padding: 15px;\n    display: flex;\n    margin: 15px auto;\n    border: 1px solid #00000014;\n    max-width: 800px;\n}\n\n.recomendadorV2Area1 img {\n    width: 280px;\n    height: auto;\n    border-radius: 8px;\n}\n\n.linkrecomendadorv2 {\n    text-decoration: none !important;\n}\n\n.recomendadorV2Area2 .recomendadorV2Type {\n    text-transform: uppercase;\n    font-weight: 500;\n    font-size: 11px;\n    letter-spacing: 2px;\n    color: #666;\n    margin: 12px 0;\n    display: block;\n}\n\n.recomendadorV2Title h2 {\n    padding-top: 0px !important;\n    margin: 0px !important;\n    border-left: none !important;\n    padding-left: 0px !important;\n    line-height: 1.3;\n    color: #000 !important;\n    font-size: 24px;\n    margin-bottom: 12px !important;\n}\n\n.recomendadorV2Desc {\n    color: #333;\n    margin: 12px 0px !important;\n    font-size: 15px;\n    line-height: 1.5;\n}\n\n.recomendadorV2Button {\n    width: auto;\n    max-width: 200px;\n    margin: 0;\n    display: inline-flex;\n    align-items: center;\n    background: #1D3557;\n    border-radius: 8px;\n    color: #fff;\n    height: 36px;\n    justify-content: center;\n    text-align: center;\n    font-size: 14px;\n    padding: 0 20px;\n    transition: background-color 0.2s ease;\n}\n\n.recomendadorV2Button:hover {\n    background: #2a4d7a;\n}\n\n.recomendadorV2Button:after {\n    margin-top: -2px;\n    content: \"\u2192\";\n    padding: 0px 0px 0px 8px;\n}\n\n.recomendadorV2Alert {\n    text-align: left;\n    font-size: 11px;\n    margin-top: 8px;\n    color: #666;\n}\n\n.recomendadorFixedArea {\n    width: 100%;\n    display: flex;\n    justify-content: center;\n    align-items: center;\n}\n\n@media (min-width: 992px) {\n    #recomendadorFixed {\n        width: 32% !important;\n        left: 5%;\n    }\n    .recomendadorCloseFixed{\n        right: inherit !important;\n        left: 378px !important;\n    }\n}\n\n#recomendadorFixed {\n    width: 90%;\n    box-shadow: 0 10px 20px 0px #00000057;\n    display: none;\n    height: 90px;\n    background: #F6F6F6;\n    position: fixed;\n    flex-direction: row;\n    bottom: 10px;\n    z-index: 9999;\n    border-radius: 16px;\n    padding: 7px 10px;\n}\n\n.recomendadorLeftArea {\n    width: 160px;\n}\n\n.recomendadorRightArea h2 {\n    padding-top: 0px;\n    margin: 2px 0px 4px 0px !important;\n    font-weight: 400;\n    text-align: center;\n    padding-left: 0px !important;\n    color: #000 !important;\n    border-left: none !important;\n    line-height: 20px;\n    font-size: 12px !important;\n}\n\n.recomendadorImgFixed {\n    overflow: hidden;\n    padding: 8px 6px;\n    height: 100%;\n}\n\n.recomendadorImgFixed img {\n    height: 100% !important;\n    border-radius: 16px;\n}\n\n.recomendadorRightArea {\n    padding-top: 6px;\n    display: flex;\n    width: calc(100% - 130px);\n    justify-content: space-between;\n    align-items: center;\n    flex-direction: column;\n}\n\n.recomendadorButtonFixed {\n    margin: 0 auto;\n    background: #1D3557;\n    width: 80%;\n    text-align: center;\n    font-size: 10px;\n    color: #FFF;\n    padding: 2px 10px;\n    border-radius: 3px;\n}\n\n.recomendadorButtonFixed:after {\n    margin-top: -3px;\n    content: \"\u2192\";\n    padding: 0px 0px 0px 10px;\n}\n\n.recomendadorAlertFixed {\n    font-weight: 400;\n    text-align: center;\n    color: #484848;\n    font-size: 8px;\n}\n\n.recomendadorCloseFixed {\n    z-index: 99999;\n    display: none;\n    right: 0px;\n    left: inherit;\n    bottom: 99px;\n    position: fixed;\n    justify-content: center;\n    background: #F6F6F6;\n    width: 25px;\n    align-items: center;\n    height: 25px;\n    font-weight: 800;\n    border-radius: 50%;\n    border: 1px solid #EBEBEB;\n}\n\n.recomendadorV2Desc{\n    color: #000000;\n    margin: 20px 0px;\n}\n\n@media (max-width: 576px) {\n    .recomendadorV2Area {\n      padding: 10px;\n      max-width: 100%;\n    }\n  \n    .recomendadorV2Area1 img {\n      width: 100%;\n      border-radius: 6px;\n    }\n  \n    .recomendadorV2Area2 .recomendadorV2Type {\n      font-size: 9px;\n      letter-spacing: 1px;\n      margin: 8px 0;\n    }\n  \n    .recomendadorV2Title h2 {\n      font-size: 18px !important;\n      margin-bottom: 8px !important;\n      line-height: 1.2;\n    }\n  \n    .recomendadorV2Desc {\n      font-size: 14px;\n      margin: 8px 0 !important;\n      line-height: 1.4;\n    }\n  \n    .recomendadorV2Button {\n      font-size: 14px;\n      height: 40px;\n      padding: 0 12px;\n      max-width: 100%;\n      width: 100%;\n    }\n  \n    .recomendadorV2Button:after {\n      padding-left: 6px;\n    }\n  }\n  <\/style>\n        <div class=\"lazyblock-recomendador-v2-2jDGz wp-block-lazyblock-recomendador-v2\">\n        <a class=\"linkrecomendadorv2\" href=\"https:\/\/diariodocomercio.com.br\/mix\/voos-cancelados-podem-render-indenizacao-de-ate-r-20-mil-veja-como-garantir\/?utm_source=lazy\">\n            <div class=\"recomendadorV2Area\">\n            <div class=\"recomendadorV2Area1\">\n                <div class=\"recomendadorV2Img\">\n                <img class=\"lazyloaded\" decoding=\"async\" src=\"https:\/\/diariodocomercio.com.br\/mix\/wp-content\/uploads\/2025\/06\/img_4193-1-1140x570.jpg\" data-src=\"https:\/\/diariodocomercio.com.br\/mix\/wp-content\/uploads\/2025\/06\/img_4193-1-1140x570.jpg\" alt=\"\">\n                <\/div>\n            <\/div>\n            <div class=\"recomendadorV2Area2\">\n                <div class=\"recomendadorV2Type\">\n                    <span>Direitos A\u00e9reos<\/span>\n                <\/div>\n                <div class=\"recomendadorV2Title\">\n                <h2><span>Indeniza\u00e7\u00e3o alta \u2708\ufe0f<\/span><\/h2>\n                <\/div>\n                <div class=\"recomendadorV2Desc\">\n                <span>Voos cancelados podem pagar R$20 mil<\/span>\n                <\/div>\n                <div class=\"recomendadorV2Button\">Saiba como garantir<\/div>\n                <div class=\"recomendadorV2Alert\"><\/div>\n            <\/div>\n            <\/div>\n        <\/a>\n        <div>\n            <div style=\"z-index:99999;\" id=\"buttonClose\" onclick=\"closeRecomendadorFixed()\">\n            <div class=\"recomendadorCloseFixed\">X<\/div>\n            <\/div>\n            <a href=\"https:\/\/diariodocomercio.com.br\/mix\/voos-cancelados-podem-render-indenizacao-de-ate-r-20-mil-veja-como-garantir\/?utm_source=lazy\">\n            <div class=\"recomendadorFixedArea\">\n                <div id=\"recomendadorFixed\">\n                <div class=\"recomendadorLeftArea\">\n                    <div class=\"recomendadorImgFixed\">\n                    <img class=\"lazyload\" decoding=\"async\" src=\"https:\/\/diariodocomercio.com.br\/mix\/wp-content\/uploads\/2025\/06\/img_4193-1-1140x570.jpg\" alt=\"\">\n                    <\/div>\n                <\/div>\n                <div class=\"recomendadorRightArea\">\n                    <div class=\"recomendadorTitleFixed\">\n                    <h2><span>Indeniza\u00e7\u00e3o alta \u2708\ufe0f<\/span><\/h2>\n                    <\/div>\n                    <div class=\"recomendadorButtonFixed\">Saiba como garantir<\/div>\n                    <div class=\"recomendadorAlertFixed\"><\/div>\n                <\/div>\n                <\/div>\n            <\/div>\n            <\/a>\n        <\/div>\n        <\/div>\n\n\n\n<p>Passageiros relataram horas de espera e falta de informa\u00e7\u00f5es. Em alguns casos, companhias como a Gol distribu\u00edram&nbsp;<strong>vouchers de \u00f4nibus<\/strong>&nbsp;para minimizar o impacto, o que gerou longas filas.<\/p>\n\n\n\n<p>A Gol afirmou ao portal&nbsp;<em>Metr\u00f3poles<\/em>&nbsp;que&nbsp;<strong>\u201cas opera\u00e7\u00f5es seguem regulares nos aeroportos de Congonhas e Guarulhos\u201d<\/strong>, embora o registro de cancelamentos tenha sido significativo.<\/p>\n\n\n\n<h2 class=\"wp-block-heading\"><strong>Ventos fortes, quedas de \u00e1rvores e apag\u00e3o: o que provocou o caos<\/strong><\/h2>\n\n\n\n<p>A ventania extrema derrubou energia de&nbsp;<strong>mais de 1,5 milh\u00e3o de im\u00f3veis na Grande S\u00e3o Paulo<\/strong>. No auge da crise, na quarta-feira, o n\u00famero ultrapassou&nbsp;<strong>2 milh\u00f5es de unidades sem luz<\/strong>, segundo a Enel.<\/p>\n\n\n\n<p>O Corpo de Bombeiros registrou:<\/p>\n\n\n\n<ul class=\"wp-block-list\">\n<li>1.327 quedas de \u00e1rvores;<\/li>\n\n\n\n<li>19 ocorr\u00eancias de desabamento ou desmoronamento;<\/li>\n\n\n\n<li>3 alagamentos.<\/li>\n<\/ul>\n\n\n\n<p>A Ag\u00eancia Nacional de Energia El\u00e9trica (Aneel) notificou a Enel exigindo explica\u00e7\u00f5es, lembrando que a Defesa Civil havia alertado previamente sobre o ciclone e que epis\u00f3dios semelhantes j\u00e1 ocorreram em 2023 e 2024.<\/p>\n\n\n\n<h2 class=\"wp-block-heading\"><strong>Situa\u00e7\u00e3o deve melhorar nas pr\u00f3ximas horas, diz previs\u00e3o<\/strong><\/h2>\n\n\n\n<p>O Centro de Gerenciamento de Emerg\u00eancias (CGE) prev\u00ea que o ciclone deve se afastar gradualmente, reduzindo a intensidade dos ventos \u2014 que ainda podem chegar a&nbsp;<strong>60 km\/h<\/strong>&nbsp;nesta quinta-feira. A tend\u00eancia \u00e9 de tempo mais firme e temperaturas em eleva\u00e7\u00e3o.<\/p>\n\n\n\n<p>Ainda assim, as companhias a\u00e9reas alertam que o&nbsp;<strong>efeito domin\u00f3<\/strong>&nbsp;dos cancelamentos seguir\u00e1 impactando voos ao longo do dia.<\/p>\n","protected":false},"excerpt":{"rendered":"<p>Os aeroportos de Bras\u00edlia, Congonhas e Guarulhos enfrentam, pelo segundo dia consecutivo,&nbsp;uma onda de atrasos e cancelamentos&nbsp;causada pelo mau tempo em S\u00e3o Paulo. Ventos que chegaram a&nbsp;98 km\/h, provocados por um ciclone extratropical vindo da Regi\u00e3o Sul, desorganizaram a malha a\u00e9rea nacional e resultaram em centenas de viagens suspensas desde quarta-feira (10). Somente no&nbsp;Aeroporto Internacional [&hellip;]<\/p>\n","protected":false},"author":9,"featured_media":22336,"comment_status":"closed","ping_status":"closed","sticky":false,"template":"","format":"standard","meta":{"jnews-multi-image_gallery":[],"jnews_single_post":{"format":"standard"},"jnews_primary_category":[],"jnews_social_meta":[],"jnews_override_counter":[],"jnews_post_split":[],"footnotes":""},"categories":[1],"tags":[],"class_list":["post-29016","post","type-post","status-publish","format-standard","has-post-thumbnail","hentry","category-geral"],"_referencia":"","_links":{"self":[{"href":"https:\/\/diariodocomercio.com.br\/mix\/wp-json\/wp\/v2\/posts\/29016","targetHints":{"allow":["GET"]}}],"collection":[{"href":"https:\/\/diariodocomercio.com.br\/mix\/wp-json\/wp\/v2\/posts"}],"about":[{"href":"https:\/\/diariodocomercio.com.br\/mix\/wp-json\/wp\/v2\/types\/post"}],"author":[{"embeddable":true,"href":"https:\/\/diariodocomercio.com.br\/mix\/wp-json\/wp\/v2\/users\/9"}],"replies":[{"embeddable":true,"href":"https:\/\/diariodocomercio.com.br\/mix\/wp-json\/wp\/v2\/comments?post=29016"}],"version-history":[{"count":2,"href":"https:\/\/diariodocomercio.com.br\/mix\/wp-json\/wp\/v2\/posts\/29016\/revisions"}],"predecessor-version":[{"id":29058,"href":"https:\/\/diariodocomercio.com.br\/mix\/wp-json\/wp\/v2\/posts\/29016\/revisions\/29058"}],"wp:featuredmedia":[{"embeddable":true,"href":"https:\/\/diariodocomercio.com.br\/mix\/wp-json\/wp\/v2\/media\/22336"}],"wp:attachment":[{"href":"https:\/\/diariodocomercio.com.br\/mix\/wp-json\/wp\/v2\/media?parent=29016"}],"wp:term":[{"taxonomy":"category","embeddable":true,"href":"https:\/\/diariodocomercio.com.br\/mix\/wp-json\/wp\/v2\/categories?post=29016"},{"taxonomy":"post_tag","embeddable":true,"href":"https:\/\/diariodocomercio.com.br\/mix\/wp-json\/wp\/v2\/tags?post=29016"}],"curies":[{"name":"wp","href":"https:\/\/api.w.org\/{rel}","templated":true}]}}