{"id":29026,"date":"2025-12-11T15:59:00","date_gmt":"2025-12-11T18:59:00","guid":{"rendered":"https:\/\/diariodocomercio.com.br\/mix\/?p=29026"},"modified":"2025-12-11T18:05:14","modified_gmt":"2025-12-11T21:05:14","slug":"engenheiro-brasileiro-sera-o-novo-presidente-da-coca-cola-no-mundo-todo","status":"publish","type":"post","link":"https:\/\/diariodocomercio.com.br\/mix\/engenheiro-brasileiro-sera-o-novo-presidente-da-coca-cola-no-mundo-todo\/","title":{"rendered":"Engenheiro brasileiro ser\u00e1 o novo presidente da Coca-Cola no mundo todo"},"content":{"rendered":"\n<p><strong>Henrique Braun<\/strong>, brasileiro nascido na Calif\u00f3rnia, foi nomeado <strong>presidente-executivo da Coca-Cola.<\/strong> Ele assumir\u00e1 o cargo em 31 de mar\u00e7o de 2026. Braun, que possui quase 30 anos de experi\u00eancia na empresa, substituir\u00e1 James Quincey, que passar\u00e1 a ser presidente do conselho executivo.<\/p>\n\n\n<div class=\"wp-block-image\">\n<figure class=\"aligncenter size-full is-resized\"><img decoding=\"async\" width=\"1000\" height=\"800\" src=\"https:\/\/diariodocomercio.com.br\/mix\/wp-content\/uploads\/2025\/12\/henrique-braun-5x4-1.avif\" alt=\"\" class=\"wp-image-29029\" style=\"aspect-ratio:1.2500475616716342;width:390px;height:auto\" srcset=\"https:\/\/diariodocomercio.com.br\/mix\/wp-content\/uploads\/2025\/12\/henrique-braun-5x4-1.avif 1000w, https:\/\/diariodocomercio.com.br\/mix\/wp-content\/uploads\/2025\/12\/henrique-braun-5x4-1-300x240.avif 300w, https:\/\/diariodocomercio.com.br\/mix\/wp-content\/uploads\/2025\/12\/henrique-braun-5x4-1-768x614.avif 768w, https:\/\/diariodocomercio.com.br\/mix\/wp-content\/uploads\/2025\/12\/henrique-braun-5x4-1-150x120.avif 150w, https:\/\/diariodocomercio.com.br\/mix\/wp-content\/uploads\/2025\/12\/henrique-braun-5x4-1-750x600.avif 750w\" sizes=\"(max-width: 1000px) 100vw, 1000px\" \/><figcaption class=\"wp-element-caption\">Henrique Braun (Foto: Divulga\u00e7\u00e3o\/Coca-Cola)<\/figcaption><\/figure>\n<\/div>\n\n\n<p>A mudan\u00e7a foi influenciada por sua trajet\u00f3ria destacada, que se desenvolveu em v\u00e1rias regi\u00f5es do mundo. A decis\u00e3o reflete a capacidade de Braun em superar desafios em um cen\u00e1rio de consumo global em constante muta\u00e7\u00e3o.<\/p>\n\n\n\n<h2 class=\"wp-block-heading\">De trainee a CEO<\/h2>\n\n\n\n<p>A carreira de Braun na Coca-Cola come\u00e7ou em 1996, em Atlanta, como <strong>trainee na engenharia global.<\/strong> Ele ascendeu rapidamente, ocupando posi\u00e7\u00f5es de lideran\u00e7a nos Estados Unidos, Europa, \u00c1sia e Am\u00e9rica Latina.<\/p>\n\n\n\n<p>De 2016 a 2020, liderou a Coca-Cola Brasil e, em seguida, comandou as opera\u00e7\u00f5es na Am\u00e9rica Latina at\u00e9 2022. A partir da\u00ed, assumiu a presid\u00eancia de Desenvolvimento Internacional, desempenhando um papel crucial nas estrat\u00e9gias globais da empresa.<\/p>\n\n\n\n<h2 class=\"wp-block-heading\">Foco na inova\u00e7\u00e3o<\/h2>\n\n\n\n<p>Durante sua gest\u00e3o, a Coca-Cola ampliou significativamente seu portf\u00f3lio, incluindo bebidas sem a\u00e7\u00facar e produtos premium. Sob influ\u00eancia de Braun, a empresa investiu em <strong>aquisi\u00e7\u00f5es estrat\u00e9gicas,<\/strong> como nos segmentos de leite, caf\u00e9, \u00e1gua com g\u00e1s e energ\u00e9ticos.<\/p>\n\n\n\n<p>Isso refor\u00e7a seu comprometimento com a inova\u00e7\u00e3o e adapta\u00e7\u00e3o a tend\u00eancias de consumo. A experi\u00eancia de Braun em opera\u00e7\u00f5es de engarrafamento e desenvolvimento de novos neg\u00f3cios exemplifica seu enfoque estrat\u00e9gico na expans\u00e3o global da Coca-Cola.<\/p>\n\n\n\n<p>O renome de Braun em diversas geografias e sua habilidade em coordenar estrat\u00e9gias frente a desafios log\u00edsticos destacam sua capacidade de lideran\u00e7a.&nbsp;<\/p>\n","protected":false},"excerpt":{"rendered":"<p>Brasileiro assumir\u00e1 o cargo em mar\u00e7o de 2026. Ele possui quase 30 anos de experi\u00eancia na empresa.<\/p>\n","protected":false},"author":12,"featured_media":29028,"comment_status":"closed","ping_status":"closed","sticky":false,"template":"","format":"standard","meta":{"jnews-multi-image_gallery":[],"jnews_single_post":{"format":"standard"},"jnews_primary_category":[],"jnews_social_meta":[],"jnews_override_counter":[],"jnews_post_split":[],"footnotes":""},"categories":[1],"tags":[],"class_list":["post-29026","post","type-post","status-publish","format-standard","has-post-thumbnail","hentry","category-geral"],"_referencia":"","_links":{"self":[{"href":"https:\/\/diariodocomercio.com.br\/mix\/wp-json\/wp\/v2\/posts\/29026","targetHints":{"allow":["GET"]}}],"collection":[{"href":"https:\/\/diariodocomercio.com.br\/mix\/wp-json\/wp\/v2\/posts"}],"about":[{"href":"https:\/\/diariodocomercio.com.br\/mix\/wp-json\/wp\/v2\/types\/post"}],"author":[{"embeddable":true,"href":"https:\/\/diariodocomercio.com.br\/mix\/wp-json\/wp\/v2\/users\/12"}],"replies":[{"embeddable":true,"href":"https:\/\/diariodocomercio.com.br\/mix\/wp-json\/wp\/v2\/comments?post=29026"}],"version-history":[{"count":1,"href":"https:\/\/diariodocomercio.com.br\/mix\/wp-json\/wp\/v2\/posts\/29026\/revisions"}],"predecessor-version":[{"id":29030,"href":"https:\/\/diariodocomercio.com.br\/mix\/wp-json\/wp\/v2\/posts\/29026\/revisions\/29030"}],"wp:featuredmedia":[{"embeddable":true,"href":"https:\/\/diariodocomercio.com.br\/mix\/wp-json\/wp\/v2\/media\/29028"}],"wp:attachment":[{"href":"https:\/\/diariodocomercio.com.br\/mix\/wp-json\/wp\/v2\/media?parent=29026"}],"wp:term":[{"taxonomy":"category","embeddable":true,"href":"https:\/\/diariodocomercio.com.br\/mix\/wp-json\/wp\/v2\/categories?post=29026"},{"taxonomy":"post_tag","embeddable":true,"href":"https:\/\/diariodocomercio.com.br\/mix\/wp-json\/wp\/v2\/tags?post=29026"}],"curies":[{"name":"wp","href":"https:\/\/api.w.org\/{rel}","templated":true}]}}