{"id":29052,"date":"2025-12-11T17:33:36","date_gmt":"2025-12-11T20:33:36","guid":{"rendered":"https:\/\/diariodocomercio.com.br\/mix\/?p=29052"},"modified":"2025-12-11T18:05:08","modified_gmt":"2025-12-11T21:05:08","slug":"governo-envia-proposta-que-pode-mudar-todas-as-regras-da-inteligencia-artificial-no-brasil","status":"publish","type":"post","link":"https:\/\/diariodocomercio.com.br\/mix\/governo-envia-proposta-que-pode-mudar-todas-as-regras-da-inteligencia-artificial-no-brasil\/","title":{"rendered":"Governo envia proposta que pode mudar todas as regras da Intelig\u00eancia Artificial no Brasil"},"content":{"rendered":"\n<p>O governo federal enviou ao Congresso Nacional um&nbsp;projeto de lei que reorganiza toda a governan\u00e7a da Intelig\u00eancia Artificial no pa\u00eds, instituindo o&nbsp;Sistema Nacional para Desenvolvimento, Regula\u00e7\u00e3o e Governan\u00e7a de Intelig\u00eancia Artificial (SIA). A proposta chega para complementar e corrigir lacunas do&nbsp;PL 2338\/23, j\u00e1 aprovado no Senado e atualmente em an\u00e1lise na C\u00e2mara.<\/p>\n\n\n\n<p>O projeto estabelece o&nbsp;<strong>Conselho Brasileiro para Intelig\u00eancia Artificial (CBIA)<\/strong>, formado pela&nbsp;<strong>Ag\u00eancia Nacional de Prote\u00e7\u00e3o de Dados (ANPD)<\/strong>&nbsp;e at\u00e9 cinco minist\u00e9rios, respons\u00e1vel por liderar e coordenar o SIA.<\/p>\n\n\n\n<p>Com o envio pelo Executivo, o texto resolve o chamado \u201cv\u00edcio de iniciativa\u201d \u2014 j\u00e1 que&nbsp;<strong>somente o governo pode propor leis que criem estruturas administrativas<\/strong>.<\/p>\n\n\n\n<p>O relator do PL 2338\/23, deputado&nbsp;Aguinaldo Ribeiro (PP-PB), afirmou que o desenho foi constru\u00eddo em conjunto com o governo.<\/p>\n\n\n\n<p>\u201cIsso \u00e9 parte de um di\u00e1logo nosso com o governo para suprir o v\u00edcio de iniciativa na parte da governan\u00e7a da IA\u201d, disse. \u201cEle vai ser apensado ao 2338\/23 para agrupar as ideias e fazermos um substitutivo.\u201d<\/p>\n\n\n\n<p>Pela proposta, a&nbsp;ANPD passa a ser o regulador residual&nbsp;dos setores que n\u00e3o possuam regras pr\u00f3prias para IA. Caber\u00e1 \u00e0 ag\u00eancia editar normas gerais, fiscalizar sistemas, aplicar san\u00e7\u00f5es, definir crit\u00e9rios m\u00ednimos de transpar\u00eancia e credenciar entidades respons\u00e1veis por auditorias independentes.<\/p>\n\n\n\n<p>O \u00f3rg\u00e3o tamb\u00e9m dever\u00e1 publicar um relat\u00f3rio anual sobre a implementa\u00e7\u00e3o das normas no pa\u00eds.<\/p>\n\n\n<style>@media (min-width: 992px) {\n    .recomendadorV2Area1 {\n        width: 280px;\n    }\n    .recomendadorV2Area2 {\n        padding: 0px 20px;\n        width: calc(100% - 280px);\n    }\n}\n\n@media (max-width: 992px) {\n    .recomendadorV2Button {\n        margin: 0 auto;\n    }\n    .recomendadorV2Area {\n        flex-direction: column;\n        text-align: center;\n    }\n    .recomendadorV2Area2 {\n        padding: 0px 20px;\n    }\n}\n\n.recomendadorV2Area {\n    background: #eeeeee3d;\n    border-radius: 10px;\n    padding: 15px;\n    display: flex;\n    margin: 15px auto;\n    border: 1px solid #00000014;\n    max-width: 800px;\n}\n\n.recomendadorV2Area1 img {\n    width: 280px;\n    height: auto;\n    border-radius: 8px;\n}\n\n.linkrecomendadorv2 {\n    text-decoration: none !important;\n}\n\n.recomendadorV2Area2 .recomendadorV2Type {\n    text-transform: uppercase;\n    font-weight: 500;\n    font-size: 11px;\n    letter-spacing: 2px;\n    color: #666;\n    margin: 12px 0;\n    display: block;\n}\n\n.recomendadorV2Title h2 {\n    padding-top: 0px !important;\n    margin: 0px !important;\n    border-left: none !important;\n    padding-left: 0px !important;\n    line-height: 1.3;\n    color: #000 !important;\n    font-size: 24px;\n    margin-bottom: 12px !important;\n}\n\n.recomendadorV2Desc {\n    color: #333;\n    margin: 12px 0px !important;\n    font-size: 15px;\n    line-height: 1.5;\n}\n\n.recomendadorV2Button {\n    width: auto;\n    max-width: 200px;\n    margin: 0;\n    display: inline-flex;\n    align-items: center;\n    background: #1D3557;\n    border-radius: 8px;\n    color: #fff;\n    height: 36px;\n    justify-content: center;\n    text-align: center;\n    font-size: 14px;\n    padding: 0 20px;\n    transition: background-color 0.2s ease;\n}\n\n.recomendadorV2Button:hover {\n    background: #2a4d7a;\n}\n\n.recomendadorV2Button:after {\n    margin-top: -2px;\n    content: \"\u2192\";\n    padding: 0px 0px 0px 8px;\n}\n\n.recomendadorV2Alert {\n    text-align: left;\n    font-size: 11px;\n    margin-top: 8px;\n    color: #666;\n}\n\n.recomendadorFixedArea {\n    width: 100%;\n    display: flex;\n    justify-content: center;\n    align-items: center;\n}\n\n@media (min-width: 992px) {\n    #recomendadorFixed {\n        width: 32% !important;\n        left: 5%;\n    }\n    .recomendadorCloseFixed{\n        right: inherit !important;\n        left: 378px !important;\n    }\n}\n\n#recomendadorFixed {\n    width: 90%;\n    box-shadow: 0 10px 20px 0px #00000057;\n    display: none;\n    height: 90px;\n    background: #F6F6F6;\n    position: fixed;\n    flex-direction: row;\n    bottom: 10px;\n    z-index: 9999;\n    border-radius: 16px;\n    padding: 7px 10px;\n}\n\n.recomendadorLeftArea {\n    width: 160px;\n}\n\n.recomendadorRightArea h2 {\n    padding-top: 0px;\n    margin: 2px 0px 4px 0px !important;\n    font-weight: 400;\n    text-align: center;\n    padding-left: 0px !important;\n    color: #000 !important;\n    border-left: none !important;\n    line-height: 20px;\n    font-size: 12px !important;\n}\n\n.recomendadorImgFixed {\n    overflow: hidden;\n    padding: 8px 6px;\n    height: 100%;\n}\n\n.recomendadorImgFixed img {\n    height: 100% !important;\n    border-radius: 16px;\n}\n\n.recomendadorRightArea {\n    padding-top: 6px;\n    display: flex;\n    width: calc(100% - 130px);\n    justify-content: space-between;\n    align-items: center;\n    flex-direction: column;\n}\n\n.recomendadorButtonFixed {\n    margin: 0 auto;\n    background: #1D3557;\n    width: 80%;\n    text-align: center;\n    font-size: 10px;\n    color: #FFF;\n    padding: 2px 10px;\n    border-radius: 3px;\n}\n\n.recomendadorButtonFixed:after {\n    margin-top: -3px;\n    content: \"\u2192\";\n    padding: 0px 0px 0px 10px;\n}\n\n.recomendadorAlertFixed {\n    font-weight: 400;\n    text-align: center;\n    color: #484848;\n    font-size: 8px;\n}\n\n.recomendadorCloseFixed {\n    z-index: 99999;\n    display: none;\n    right: 0px;\n    left: inherit;\n    bottom: 99px;\n    position: fixed;\n    justify-content: center;\n    background: #F6F6F6;\n    width: 25px;\n    align-items: center;\n    height: 25px;\n    font-weight: 800;\n    border-radius: 50%;\n    border: 1px solid #EBEBEB;\n}\n\n.recomendadorV2Desc{\n    color: #000000;\n    margin: 20px 0px;\n}\n\n@media (max-width: 576px) {\n    .recomendadorV2Area {\n      padding: 10px;\n      max-width: 100%;\n    }\n  \n    .recomendadorV2Area1 img {\n      width: 100%;\n      border-radius: 6px;\n    }\n  \n    .recomendadorV2Area2 .recomendadorV2Type {\n      font-size: 9px;\n      letter-spacing: 1px;\n      margin: 8px 0;\n    }\n  \n    .recomendadorV2Title h2 {\n      font-size: 18px !important;\n      margin-bottom: 8px !important;\n      line-height: 1.2;\n    }\n  \n    .recomendadorV2Desc {\n      font-size: 14px;\n      margin: 8px 0 !important;\n      line-height: 1.4;\n    }\n  \n    .recomendadorV2Button {\n      font-size: 14px;\n      height: 40px;\n      padding: 0 12px;\n      max-width: 100%;\n      width: 100%;\n    }\n  \n    .recomendadorV2Button:after {\n      padding-left: 6px;\n    }\n  }\n  <\/style>\n        <div class=\"lazyblock-recomendador-v2-2jDGz wp-block-lazyblock-recomendador-v2\">\n        <a class=\"linkrecomendadorv2\" href=\"https:\/\/diariodocomercio.com.br\/mix\/engenheiro-brasileiro-sera-o-novo-presidente-da-coca-cola-no-mundo-todo\/?utm_source=lazy\">\n            <div class=\"recomendadorV2Area\">\n            <div class=\"recomendadorV2Area1\">\n                <div class=\"recomendadorV2Img\">\n                <img class=\"lazyloaded\" decoding=\"async\" src=\"https:\/\/diariodocomercio.com.br\/mix\/wp-content\/uploads\/2025\/12\/width1960-750x375.jpg\" data-src=\"https:\/\/diariodocomercio.com.br\/mix\/wp-content\/uploads\/2025\/12\/width1960-750x375.jpg\" alt=\"\">\n                <\/div>\n            <\/div>\n            <div class=\"recomendadorV2Area2\">\n                <div class=\"recomendadorV2Type\">\n                    <span>Coca-Cola<\/span>\n                <\/div>\n                <div class=\"recomendadorV2Title\">\n                <h2><span>Brasileiro no topo \ud83c\udf0d<\/span><\/h2>\n                <\/div>\n                <div class=\"recomendadorV2Desc\">\n                <span>Engenheiro assume presid\u00eancia global<\/span>\n                <\/div>\n                <div class=\"recomendadorV2Button\">Ver trajet\u00f3ria<\/div>\n                <div class=\"recomendadorV2Alert\"><\/div>\n            <\/div>\n            <\/div>\n        <\/a>\n        <div>\n            <div style=\"z-index:99999;\" id=\"buttonClose\" onclick=\"closeRecomendadorFixed()\">\n            <div class=\"recomendadorCloseFixed\">X<\/div>\n            <\/div>\n            <a href=\"https:\/\/diariodocomercio.com.br\/mix\/engenheiro-brasileiro-sera-o-novo-presidente-da-coca-cola-no-mundo-todo\/?utm_source=lazy\">\n            <div class=\"recomendadorFixedArea\">\n                <div id=\"recomendadorFixed\">\n                <div class=\"recomendadorLeftArea\">\n                    <div class=\"recomendadorImgFixed\">\n                    <img class=\"lazyload\" decoding=\"async\" src=\"https:\/\/diariodocomercio.com.br\/mix\/wp-content\/uploads\/2025\/12\/width1960-750x375.jpg\" alt=\"\">\n                    <\/div>\n                <\/div>\n                <div class=\"recomendadorRightArea\">\n                    <div class=\"recomendadorTitleFixed\">\n                    <h2><span>Brasileiro no topo \ud83c\udf0d<\/span><\/h2>\n                    <\/div>\n                    <div class=\"recomendadorButtonFixed\">Ver trajet\u00f3ria<\/div>\n                    <div class=\"recomendadorAlertFixed\"><\/div>\n                <\/div>\n                <\/div>\n            <\/div>\n            <\/a>\n        <\/div>\n        <\/div>\n\n\n\n<h2 class=\"wp-block-heading\"><strong>Regula\u00e7\u00e3o da IA \u00e9 vista como essencial para desenvolvimento, diz Fazenda<\/strong><\/h2>\n\n\n\n<p>O envio do projeto ocorre em meio ao avan\u00e7o das discuss\u00f5es sobre o PL 2338\/23 na C\u00e2mara. Em junho, o secret\u00e1rio-executivo do Minist\u00e9rio da Fazenda,&nbsp;<strong>Dario Durigan<\/strong>, defendeu a necessidade de uma regula\u00e7\u00e3o \u201crespons\u00e1vel e equilibrada\u201d para impulsionar o crescimento tecnol\u00f3gico do pa\u00eds.<\/p>\n\n\n\n<p>\u201c<strong>A regula\u00e7\u00e3o traz previsibilidade e atra\u00e7\u00e3o de investimento ao pa\u00eds<\/strong>\u201d, afirmou em audi\u00eancia na Comiss\u00e3o Especial sobre Intelig\u00eancia Artificial.<br>Segundo ele, o Brasil vive a \u201chora da terceira gera\u00e7\u00e3o legislativa\u201d, ap\u00f3s o Marco Civil da Internet e a Lei Geral de Prote\u00e7\u00e3o de Dados.<\/p>\n\n\n\n<p>Durigan destacou que o pa\u00eds est\u00e1 em posi\u00e7\u00e3o de destaque no debate global:<br>\u201cA urg\u00eancia de tratar do tema e a oportunidade de ter uma regula\u00e7\u00e3o brasileira da intelig\u00eancia artificial devem ser ressaltadas como primeiro ponto.\u201d<\/p>\n\n\n\n<h2 class=\"wp-block-heading\"><strong>Impacto econ\u00f4mico, datacenters e disputa tecnol\u00f3gica<\/strong><\/h2>\n\n\n\n<p>O secret\u00e1rio-executivo tamb\u00e9m apontou que novas tecnologias v\u00eam pressionando o pa\u00eds a agir rapidamente \u2014 especialmente diante do interesse crescente de grandes empresas em instalar&nbsp;<strong>datacenters<\/strong>&nbsp;no Brasil.<\/p>\n\n\n\n<p>Durigan alertou que o pa\u00eds precisa aproveitar a oportunidade:<br>\u201cSe nada for feito, teremos a mesma l\u00f3gica de sempre. Veremos essa riqueza sair do Brasil sem adensar cadeias produtivas e sem deixar ganhos para o pa\u00eds.\u201d<\/p>\n\n\n\n<p>O governo afirma estar estruturando uma pol\u00edtica espec\u00edfica para datacenters, com foco em inova\u00e7\u00e3o, exporta\u00e7\u00e3o de servi\u00e7os digitais e impactos ambientais e energ\u00e9ticos.<\/p>\n\n\n\n<h2 class=\"wp-block-heading\"><strong>Pr\u00f3ximos passos<\/strong><\/h2>\n\n\n\n<p>A expectativa, segundo Aguinaldo Ribeiro, \u00e9 que o novo texto \u2014 agora unificado \u2014 seja votado&nbsp;<strong>nas pr\u00f3ximas semanas<\/strong>. A aprova\u00e7\u00e3o definir\u00e1, pela primeira vez, um modelo nacional de governan\u00e7a, supervis\u00e3o e transpar\u00eancia para sistemas de intelig\u00eancia artificial no Brasil.<\/p>\n","protected":false},"excerpt":{"rendered":"<p>O governo federal enviou ao Congresso Nacional um&nbsp;projeto de lei que reorganiza toda a governan\u00e7a da Intelig\u00eancia Artificial no pa\u00eds, instituindo o&nbsp;Sistema Nacional para Desenvolvimento, Regula\u00e7\u00e3o e Governan\u00e7a de Intelig\u00eancia Artificial (SIA). A proposta chega para complementar e corrigir lacunas do&nbsp;PL 2338\/23, j\u00e1 aprovado no Senado e atualmente em an\u00e1lise na C\u00e2mara. O projeto estabelece [&hellip;]<\/p>\n","protected":false},"author":9,"featured_media":10534,"comment_status":"closed","ping_status":"closed","sticky":false,"template":"","format":"standard","meta":{"jnews-multi-image_gallery":[],"jnews_single_post":{"format":"standard"},"jnews_primary_category":[],"jnews_social_meta":[],"jnews_override_counter":[],"jnews_post_split":[],"footnotes":""},"categories":[1],"tags":[],"class_list":["post-29052","post","type-post","status-publish","format-standard","has-post-thumbnail","hentry","category-geral"],"_referencia":"","_links":{"self":[{"href":"https:\/\/diariodocomercio.com.br\/mix\/wp-json\/wp\/v2\/posts\/29052","targetHints":{"allow":["GET"]}}],"collection":[{"href":"https:\/\/diariodocomercio.com.br\/mix\/wp-json\/wp\/v2\/posts"}],"about":[{"href":"https:\/\/diariodocomercio.com.br\/mix\/wp-json\/wp\/v2\/types\/post"}],"author":[{"embeddable":true,"href":"https:\/\/diariodocomercio.com.br\/mix\/wp-json\/wp\/v2\/users\/9"}],"replies":[{"embeddable":true,"href":"https:\/\/diariodocomercio.com.br\/mix\/wp-json\/wp\/v2\/comments?post=29052"}],"version-history":[{"count":2,"href":"https:\/\/diariodocomercio.com.br\/mix\/wp-json\/wp\/v2\/posts\/29052\/revisions"}],"predecessor-version":[{"id":29065,"href":"https:\/\/diariodocomercio.com.br\/mix\/wp-json\/wp\/v2\/posts\/29052\/revisions\/29065"}],"wp:featuredmedia":[{"embeddable":true,"href":"https:\/\/diariodocomercio.com.br\/mix\/wp-json\/wp\/v2\/media\/10534"}],"wp:attachment":[{"href":"https:\/\/diariodocomercio.com.br\/mix\/wp-json\/wp\/v2\/media?parent=29052"}],"wp:term":[{"taxonomy":"category","embeddable":true,"href":"https:\/\/diariodocomercio.com.br\/mix\/wp-json\/wp\/v2\/categories?post=29052"},{"taxonomy":"post_tag","embeddable":true,"href":"https:\/\/diariodocomercio.com.br\/mix\/wp-json\/wp\/v2\/tags?post=29052"}],"curies":[{"name":"wp","href":"https:\/\/api.w.org\/{rel}","templated":true}]}}