{"id":29056,"date":"2025-12-11T18:23:00","date_gmt":"2025-12-11T21:23:00","guid":{"rendered":"https:\/\/diariodocomercio.com.br\/mix\/?p=29056"},"modified":"2025-12-11T18:02:48","modified_gmt":"2025-12-11T21:02:48","slug":"quem-fez-o-enem-pode-recuperar-o-valor-de-r-85-da-inscricao-saiba-como","status":"publish","type":"post","link":"https:\/\/diariodocomercio.com.br\/mix\/quem-fez-o-enem-pode-recuperar-o-valor-de-r-85-da-inscricao-saiba-como\/","title":{"rendered":"Quem fez o Enem pode recuperar o valor de R$ 85 da inscri\u00e7\u00e3o; saiba como"},"content":{"rendered":"\n<p>O b\u00f4nus <strong>P\u00e9-de-Meia <\/strong>relacionado ao <strong>Enem 2025,<\/strong> que oferece um total de R$ 1.200,00, est\u00e1 previsto para ser pago entre 24 de fevereiro e 3 de mar\u00e7o de 2026. Este montante inclui R$ 1.000,00 pela conclus\u00e3o do ensino m\u00e9dio e um adicional de R$ 200,00 para estudantes que participaram dos dois dias do Enem 2025.<\/p>\n\n\n\n<p>O dep\u00f3sito ser\u00e1 realizado diretamente na conta digital dos estudantes na Caixa Econ\u00f4mica Federal e pode ser acessado pelo aplicativo Caixa Tem.<\/p>\n\n\n\n<p>Essa \u00e9 uma oportunidade para os estudantes inscritos no programa que <strong>perderam o prazo para solicitar a isen\u00e7\u00e3o <\/strong>da taxa de inscri\u00e7\u00e3o do Enem, que este ano foi de R$ 85. Para estes, o lucro do repasse ainda fica em R$ 1.115.<\/p>\n\n\n\n<p>A isen\u00e7\u00e3o da taxa do Enem, para quem \u00e9 do programa P\u00e9-de-Meia, n\u00e3o \u00e9 autom\u00e1tica, sendo necess\u00e1rio que o estudante solicite o benef\u00edcio na P\u00e1gina do Participante do Inep dentro do prazo.<\/p>\n\n\n\n<h2 class=\"wp-block-heading\">Crit\u00e9rios para recebimento do b\u00f4nus<\/h2>\n\n\n\n<p>Estudantes que concluam o ensino m\u00e9dio em 2025 e estejam inscritos no programa P\u00e9-de-Meia s\u00e3o eleg\u00edveis a receber o b\u00f4nus. A confirma\u00e7\u00e3o de participa\u00e7\u00e3o nos dias do Enem, realizados em 9 e 16 de novembro de 2025, \u00e9 <strong>autom\u00e1tica.<\/strong><\/p>\n\n\n\n<p>O Instituto Nacional de Estudos e Pesquisas Educacionais (Inep) registra a presen\u00e7a e compartilha os dados com o Minist\u00e9rio da Educa\u00e7\u00e3o para a libera\u00e7\u00e3o do pagamento.<\/p>\n\n\n\n<p>Os pagamentos ocorrer\u00e3o entre 24 de fevereiro e 3 de mar\u00e7o de 2026, com a data espec\u00edfica variando conforme o m\u00eas de nascimento do benefici\u00e1rio, a fim de evitar sobrecarga nos sistemas.&nbsp;<\/p>\n\n\n\n<p>A aus\u00eancia em qualquer um dos dias do Enem resulta na <strong>perda do b\u00f4nus de R$ 200,00, <\/strong>apesar das outras parcelas do programa P\u00e9-de-Meia permanecerem asseguradas. \u00c9 imprescind\u00edvel manter uma frequ\u00eancia m\u00ednima de 80% nas aulas mensais para continuar recebendo outros incentivos.<\/p>\n","protected":false},"excerpt":{"rendered":"<p>Valor pode ser recuperado. Veja como.<\/p>\n","protected":false},"author":12,"featured_media":27481,"comment_status":"closed","ping_status":"closed","sticky":false,"template":"","format":"standard","meta":{"jnews-multi-image_gallery":[],"jnews_single_post":{"format":"standard"},"jnews_primary_category":[],"jnews_social_meta":[],"jnews_override_counter":[],"jnews_post_split":[],"footnotes":""},"categories":[1],"tags":[],"class_list":["post-29056","post","type-post","status-publish","format-standard","has-post-thumbnail","hentry","category-geral"],"_referencia":"","_links":{"self":[{"href":"https:\/\/diariodocomercio.com.br\/mix\/wp-json\/wp\/v2\/posts\/29056","targetHints":{"allow":["GET"]}}],"collection":[{"href":"https:\/\/diariodocomercio.com.br\/mix\/wp-json\/wp\/v2\/posts"}],"about":[{"href":"https:\/\/diariodocomercio.com.br\/mix\/wp-json\/wp\/v2\/types\/post"}],"author":[{"embeddable":true,"href":"https:\/\/diariodocomercio.com.br\/mix\/wp-json\/wp\/v2\/users\/12"}],"replies":[{"embeddable":true,"href":"https:\/\/diariodocomercio.com.br\/mix\/wp-json\/wp\/v2\/comments?post=29056"}],"version-history":[{"count":1,"href":"https:\/\/diariodocomercio.com.br\/mix\/wp-json\/wp\/v2\/posts\/29056\/revisions"}],"predecessor-version":[{"id":29063,"href":"https:\/\/diariodocomercio.com.br\/mix\/wp-json\/wp\/v2\/posts\/29056\/revisions\/29063"}],"wp:featuredmedia":[{"embeddable":true,"href":"https:\/\/diariodocomercio.com.br\/mix\/wp-json\/wp\/v2\/media\/27481"}],"wp:attachment":[{"href":"https:\/\/diariodocomercio.com.br\/mix\/wp-json\/wp\/v2\/media?parent=29056"}],"wp:term":[{"taxonomy":"category","embeddable":true,"href":"https:\/\/diariodocomercio.com.br\/mix\/wp-json\/wp\/v2\/categories?post=29056"},{"taxonomy":"post_tag","embeddable":true,"href":"https:\/\/diariodocomercio.com.br\/mix\/wp-json\/wp\/v2\/tags?post=29056"}],"curies":[{"name":"wp","href":"https:\/\/api.w.org\/{rel}","templated":true}]}}