{"id":29073,"date":"2025-12-11T18:47:00","date_gmt":"2025-12-11T21:47:00","guid":{"rendered":"https:\/\/diariodocomercio.com.br\/mix\/?p=29073"},"modified":"2025-12-11T18:37:18","modified_gmt":"2025-12-11T21:37:18","slug":"ficamos-boquiabertos-com-o-nome-que-mc-guime-escolheu-para-sua-filha","status":"publish","type":"post","link":"https:\/\/diariodocomercio.com.br\/mix\/ficamos-boquiabertos-com-o-nome-que-mc-guime-escolheu-para-sua-filha\/","title":{"rendered":"Ficamos boquiabertos com o nome que MC Guim\u00ea escolheu para sua filha"},"content":{"rendered":"\n<p>A \u00faltima segunda-feira, 8 de dezembro, se tornou marcante para <strong>MC Guim\u00ea<\/strong> e sua noiva, Fernanda Stroschein. O casal celebrou o nascimento de sua primeira filha, <strong>Yarin<\/strong>, em S\u00e3o Paulo.<\/p>\n\n\n\n<p>O nome da beb\u00ea, Yarin, \u00e9 de origem hebraica e significa &#8220;aquela que entende e ouve&#8221;. A chegada de Yarin, embora n\u00e3o planejada, foi um momento de grande alegria para a fam\u00edlia. Desde a descoberta da gravidez, Guim\u00ea e Fernanda embarcaram com entusiasmo na nova jornada de paternidade.<\/p>\n\n\n\n<h2 class=\"wp-block-heading\">Yarin: um nome com significado<\/h2>\n\n\n\n<p>O nome raro de Yarin chama aten\u00e7\u00e3o por suas ra\u00edzes culturais e sonoridade marcante. Em um cen\u00e1rio onde cresce o interesse por nomes \u00fanicos e cheios de significado, Yarin destaca-se por essas qualidades.<\/p>\n\n\n\n<p>No contexto atual, nomes assim est\u00e3o em alta, atraindo pais que desejam algo distinto para seus filhos.<\/p>\n\n\n\n<h2 class=\"wp-block-heading\">Nova realidade para Guim\u00ea e Fernanda<\/h2>\n\n\n\n<p>A chegada de Yarin marcou um novo cap\u00edtulo para Guim\u00ea e Fernanda, que est\u00e3o noivos desde abril de 2025. Apesar de a gravidez n\u00e3o ter sido planejada inicialmente, ambos abra\u00e7aram essa fase com dedica\u00e7\u00e3o.<\/p>\n\n\n\n<p>Guim\u00ea continua sua carreira musical, enquanto Fernanda se mant\u00e9m envolvida em atividades profissionais n\u00e3o especificadas.<\/p>\n\n\n\n<h2 class=\"wp-block-heading\">Rea\u00e7\u00f5es nas redes sociais<\/h2>\n\n\n\n<p>MC Guim\u00ea e Fernanda compartilharam momentos do parto nas redes sociais, recebendo uma onda de felicita\u00e7\u00f5es. O apoio dos amigos e f\u00e3s foi evidente, destacando o carinho em torno da nova fam\u00edlia.<\/p>\n\n\n\n<p>As imagens emocionantes do cantor e da modelo segurando a beb\u00ea Yarin foram acompanhadas por mensagens de gratid\u00e3o pela chegada da filha.<\/p>\n","protected":false},"excerpt":{"rendered":"<p>MC Guim\u00ea e sua noiva, Fernanda Stroschein, celebraram o nascimento da primeira filha do casal.<\/p>\n","protected":false},"author":12,"featured_media":29074,"comment_status":"closed","ping_status":"closed","sticky":false,"template":"","format":"standard","meta":{"jnews-multi-image_gallery":[],"jnews_single_post":{"format":"standard"},"jnews_primary_category":[],"jnews_social_meta":[],"jnews_override_counter":[],"jnews_post_split":[],"footnotes":""},"categories":[1],"tags":[],"class_list":["post-29073","post","type-post","status-publish","format-standard","has-post-thumbnail","hentry","category-geral"],"_referencia":"","_links":{"self":[{"href":"https:\/\/diariodocomercio.com.br\/mix\/wp-json\/wp\/v2\/posts\/29073","targetHints":{"allow":["GET"]}}],"collection":[{"href":"https:\/\/diariodocomercio.com.br\/mix\/wp-json\/wp\/v2\/posts"}],"about":[{"href":"https:\/\/diariodocomercio.com.br\/mix\/wp-json\/wp\/v2\/types\/post"}],"author":[{"embeddable":true,"href":"https:\/\/diariodocomercio.com.br\/mix\/wp-json\/wp\/v2\/users\/12"}],"replies":[{"embeddable":true,"href":"https:\/\/diariodocomercio.com.br\/mix\/wp-json\/wp\/v2\/comments?post=29073"}],"version-history":[{"count":1,"href":"https:\/\/diariodocomercio.com.br\/mix\/wp-json\/wp\/v2\/posts\/29073\/revisions"}],"predecessor-version":[{"id":29075,"href":"https:\/\/diariodocomercio.com.br\/mix\/wp-json\/wp\/v2\/posts\/29073\/revisions\/29075"}],"wp:featuredmedia":[{"embeddable":true,"href":"https:\/\/diariodocomercio.com.br\/mix\/wp-json\/wp\/v2\/media\/29074"}],"wp:attachment":[{"href":"https:\/\/diariodocomercio.com.br\/mix\/wp-json\/wp\/v2\/media?parent=29073"}],"wp:term":[{"taxonomy":"category","embeddable":true,"href":"https:\/\/diariodocomercio.com.br\/mix\/wp-json\/wp\/v2\/categories?post=29073"},{"taxonomy":"post_tag","embeddable":true,"href":"https:\/\/diariodocomercio.com.br\/mix\/wp-json\/wp\/v2\/tags?post=29073"}],"curies":[{"name":"wp","href":"https:\/\/api.w.org\/{rel}","templated":true}]}}