{"id":29077,"date":"2025-12-11T19:13:00","date_gmt":"2025-12-11T22:13:00","guid":{"rendered":"https:\/\/diariodocomercio.com.br\/mix\/?p=29077"},"modified":"2025-12-11T18:59:52","modified_gmt":"2025-12-11T21:59:52","slug":"lenda-da-tv-brasileira-anuncia-aposentadoria-aos-96-anos","status":"publish","type":"post","link":"https:\/\/diariodocomercio.com.br\/mix\/lenda-da-tv-brasileira-anuncia-aposentadoria-aos-96-anos\/","title":{"rendered":"Lenda da TV brasileira anuncia aposentadoria aos 96 anos"},"content":{"rendered":"\n<p><strong>Fernanda Montenegro<\/strong> e <strong>Bruna Marquezine<\/strong> est\u00e3o no elenco de &#8220;Velhos Bandidos&#8221;, que estreia em 5 de mar\u00e7o de 2026 nos cinemas brasileiros. O filme, dirigido por Cl\u00e1udio Torres, marca a <strong>aposentadoria<\/strong> de Fernanda Montenegro do cinema, aos 96 anos.<\/p>\n\n\n\n<p>Essa despedida re\u00fane grandes nomes como Ary Fontoura, L\u00e1zaro Ramos e Vladimir Brichta e \u00e9 uma combina\u00e7\u00e3o de a\u00e7\u00e3o e com\u00e9dia.<\/p>\n\n\n\n<p>O projeto, produzido pela Conspira\u00e7\u00e3o Filmes, acontece em um cen\u00e1rio fict\u00edcio atual do Brasil, onde Marta (Fernanda Montenegro) e Rodolfo (Ary Fontoura), formam um casal de aposentados que decide roubar um banco.&nbsp;<\/p>\n\n\n\n<p>Para concretizar o golpe, eles convocam Nancy (Bruna Marquezine) e Sid (Vladimir Brichta), assaltantes mais jovens e inexperientes. A equipe precisa driblar Oswaldo, um investigador interpretado por L\u00e1zaro Ramos, que est\u00e1 determinado a impedir o crime.<\/p>\n\n\n\n<p>O primeiro trailer foi lan\u00e7ado pela Paris Filmes em 10 de dezembro. <strong>Assista:<\/strong><\/p>\n\n\n\n<figure class=\"wp-block-embed is-type-video is-provider-youtube wp-block-embed-youtube wp-embed-aspect-16-9 wp-has-aspect-ratio\"><div class=\"wp-block-embed__wrapper\">\n<div class=\"jeg_video_container jeg_video_content\"><iframe loading=\"lazy\" title=\"Velhos Bandidos | Trailer Oficial\" width=\"500\" height=\"281\" src=\"https:\/\/www.youtube.com\/embed\/FWIX2wi9nNU?feature=oembed\" frameborder=\"0\" allow=\"accelerometer; autoplay; clipboard-write; encrypted-media; gyroscope; picture-in-picture; web-share\" referrerpolicy=\"strict-origin-when-cross-origin\" allowfullscreen><\/iframe><\/div>\n<\/div><\/figure>\n\n\n\n<h2 class=\"wp-block-heading\">Trama envolvente<\/h2>\n\n\n\n<p>A narrativa de &#8220;Velhos Bandidos&#8221; aposta na qu\u00edmica entre os atores principais. O quarteto central busca se desvencilhar de conflitos internos enquanto planejam a execu\u00e7\u00e3o do roubo.<\/p>\n\n\n\n<p>O filme destaca elementos de com\u00e9dia e a\u00e7\u00e3o, mostrando cenas intensas de persegui\u00e7\u00e3o e estrat\u00e9gias audaciosas. As atua\u00e7\u00f5es de Montenegro e Fontoura, ambos experimentados artistas, prometem profundidade na interpreta\u00e7\u00e3o de seus personagens.<\/p>\n\n\n\n<h2 class=\"wp-block-heading\">Elenco de estrelas<\/h2>\n\n\n\n<p>Al\u00e9m dos atores principais, o filme conta com participa\u00e7\u00f5es de Reginaldo Faria, Vera Fischer, Nathalia Timberg e outros veteranos. Esse mix de novos talentos e artistas consagrados traz uma nova dimens\u00e3o ao filme, que espera surpreender o p\u00fablico com suas surpresas narrativas e performances marcantes.<\/p>\n\n\n\n<p>A expectativa \u00e9 que &#8220;Velhos Bandidos&#8221; conquiste n\u00e3o apenas os espectadores fi\u00e9is de Montenegro, mas tamb\u00e9m uma nova gera\u00e7\u00e3o, evidenciando o que h\u00e1 de melhor no cinema brasileiro.&nbsp;<\/p>\n","protected":false},"excerpt":{"rendered":"<p>Estrela tem uma carreira de mais de 70 anos, consolidada em r\u00e1dio, teatro, cinema e televis\u00e3o.<\/p>\n","protected":false},"author":12,"featured_media":16487,"comment_status":"closed","ping_status":"closed","sticky":false,"template":"","format":"standard","meta":{"jnews-multi-image_gallery":[],"jnews_single_post":{"format":"standard"},"jnews_primary_category":[],"jnews_social_meta":[],"jnews_override_counter":[],"jnews_post_split":[],"footnotes":""},"categories":[1],"tags":[],"class_list":["post-29077","post","type-post","status-publish","format-standard","has-post-thumbnail","hentry","category-geral"],"_referencia":"","_links":{"self":[{"href":"https:\/\/diariodocomercio.com.br\/mix\/wp-json\/wp\/v2\/posts\/29077","targetHints":{"allow":["GET"]}}],"collection":[{"href":"https:\/\/diariodocomercio.com.br\/mix\/wp-json\/wp\/v2\/posts"}],"about":[{"href":"https:\/\/diariodocomercio.com.br\/mix\/wp-json\/wp\/v2\/types\/post"}],"author":[{"embeddable":true,"href":"https:\/\/diariodocomercio.com.br\/mix\/wp-json\/wp\/v2\/users\/12"}],"replies":[{"embeddable":true,"href":"https:\/\/diariodocomercio.com.br\/mix\/wp-json\/wp\/v2\/comments?post=29077"}],"version-history":[{"count":1,"href":"https:\/\/diariodocomercio.com.br\/mix\/wp-json\/wp\/v2\/posts\/29077\/revisions"}],"predecessor-version":[{"id":29079,"href":"https:\/\/diariodocomercio.com.br\/mix\/wp-json\/wp\/v2\/posts\/29077\/revisions\/29079"}],"wp:featuredmedia":[{"embeddable":true,"href":"https:\/\/diariodocomercio.com.br\/mix\/wp-json\/wp\/v2\/media\/16487"}],"wp:attachment":[{"href":"https:\/\/diariodocomercio.com.br\/mix\/wp-json\/wp\/v2\/media?parent=29077"}],"wp:term":[{"taxonomy":"category","embeddable":true,"href":"https:\/\/diariodocomercio.com.br\/mix\/wp-json\/wp\/v2\/categories?post=29077"},{"taxonomy":"post_tag","embeddable":true,"href":"https:\/\/diariodocomercio.com.br\/mix\/wp-json\/wp\/v2\/tags?post=29077"}],"curies":[{"name":"wp","href":"https:\/\/api.w.org\/{rel}","templated":true}]}}