{"id":29080,"date":"2025-12-11T19:39:00","date_gmt":"2025-12-11T22:39:00","guid":{"rendered":"https:\/\/diariodocomercio.com.br\/mix\/?p=29080"},"modified":"2025-12-11T19:14:27","modified_gmt":"2025-12-11T22:14:27","slug":"bayern-de-munique-abre-os-cofres-e-decide-pagar-r-76-milhoes-por-destaque-do-brasileirao","status":"publish","type":"post","link":"https:\/\/diariodocomercio.com.br\/mix\/bayern-de-munique-abre-os-cofres-e-decide-pagar-r-76-milhoes-por-destaque-do-brasileirao\/","title":{"rendered":"Bayern de Munique abre os cofres e decide pagar R$ 76 milh\u00f5es por destaque do Brasileir\u00e3o"},"content":{"rendered":"\n<p>O <strong>Bayern de Munique<\/strong> fez uma ambiciosa proposta ao Santos, oferecendo 12 milh\u00f5es de euros (aproximadamente R$ 76 milh\u00f5es) para adquirir 70% dos direitos do goleiro <strong>Gabriel Braz\u00e3o. <\/strong>As informa\u00e7\u00f5es s\u00e3o do Di\u00e1rio do Peixe.<\/p>\n\n\n\n<p>Esta oferta surge em um momento crucial para o futebol brasileiro. O Santos enfrenta dificuldades financeiras e a potencial venda de Braz\u00e3o pode ser uma solu\u00e7\u00e3o significativa para o clube reduzir seu d\u00e9ficit projetado.<\/p>\n\n\n\n<h2 class=\"wp-block-heading\">Estrat\u00e9gia do Bayern de Munique<\/h2>\n\n\n\n<p>Gabriel Braz\u00e3o, aos 25 anos, tem chamado a aten\u00e7\u00e3o de gigantes europeus. Embora n\u00e3o existam confirma\u00e7\u00f5es de que o Bayern esteja planejando Braz\u00e3o como sucessor imediato de Manuel Neuer, o clube v\u00ea potencial no goleiro santista.<\/p>\n\n\n\n<p>Neuer, que renovou at\u00e9 2026, enfrenta dificuldades devido a les\u00f5es e o Bayern busca garantir um elenco forte.<\/p>\n\n\n\n<h2 class=\"wp-block-heading\">Finan\u00e7as do Santos<\/h2>\n\n\n\n<p>O d\u00e9ficit financeiro do Santos est\u00e1 fortemente presente no planejamento estrat\u00e9gico do clube. Embora o Santos n\u00e3o tenha exig\u00eancia expl\u00edcita de venda de jogadores at\u00e9 2026, a atual situa\u00e7\u00e3o econ\u00f4mica pressiona a diretoria a buscar alternativas de gera\u00e7\u00e3o de receita.<\/p>\n\n\n\n<p>A venda de ativos, como jogadores de destaque, seria uma op\u00e7\u00e3o em discuss\u00e3o interna.<\/p>\n\n\n\n<h2 class=\"wp-block-heading\">Flamengo na disputa<\/h2>\n\n\n\n<p>Al\u00e9m do Bayern, o Flamengo demonstrou interesse em contratar Gabriel Braz\u00e3o, oferecendo 7 milh\u00f5es de euros por 60% dos direitos do jogador. O Santos, entretanto, recusou a proposta, esperando obter valores mais ajustados ao seu valor estimado para o goleiro.<\/p>\n\n\n\n<p>A negocia\u00e7\u00e3o com o Flamengo refor\u00e7a a atratividade de Braz\u00e3o, mas a prefer\u00eancia \u00e9 internacional, evitando fortalecer concorrentes locais.<\/p>\n","protected":false},"excerpt":{"rendered":"<p>Oferta surge em um momento crucial para o futebol brasileiro. Atleta tem chamado a aten\u00e7\u00e3o de gigantes europeus.<\/p>\n","protected":false},"author":12,"featured_media":26245,"comment_status":"closed","ping_status":"closed","sticky":false,"template":"","format":"standard","meta":{"jnews-multi-image_gallery":[],"jnews_single_post":{"format":"standard"},"jnews_primary_category":[],"jnews_social_meta":[],"jnews_override_counter":[],"jnews_post_split":[],"footnotes":""},"categories":[1],"tags":[],"class_list":["post-29080","post","type-post","status-publish","format-standard","has-post-thumbnail","hentry","category-geral"],"_referencia":"","_links":{"self":[{"href":"https:\/\/diariodocomercio.com.br\/mix\/wp-json\/wp\/v2\/posts\/29080","targetHints":{"allow":["GET"]}}],"collection":[{"href":"https:\/\/diariodocomercio.com.br\/mix\/wp-json\/wp\/v2\/posts"}],"about":[{"href":"https:\/\/diariodocomercio.com.br\/mix\/wp-json\/wp\/v2\/types\/post"}],"author":[{"embeddable":true,"href":"https:\/\/diariodocomercio.com.br\/mix\/wp-json\/wp\/v2\/users\/12"}],"replies":[{"embeddable":true,"href":"https:\/\/diariodocomercio.com.br\/mix\/wp-json\/wp\/v2\/comments?post=29080"}],"version-history":[{"count":1,"href":"https:\/\/diariodocomercio.com.br\/mix\/wp-json\/wp\/v2\/posts\/29080\/revisions"}],"predecessor-version":[{"id":29081,"href":"https:\/\/diariodocomercio.com.br\/mix\/wp-json\/wp\/v2\/posts\/29080\/revisions\/29081"}],"wp:featuredmedia":[{"embeddable":true,"href":"https:\/\/diariodocomercio.com.br\/mix\/wp-json\/wp\/v2\/media\/26245"}],"wp:attachment":[{"href":"https:\/\/diariodocomercio.com.br\/mix\/wp-json\/wp\/v2\/media?parent=29080"}],"wp:term":[{"taxonomy":"category","embeddable":true,"href":"https:\/\/diariodocomercio.com.br\/mix\/wp-json\/wp\/v2\/categories?post=29080"},{"taxonomy":"post_tag","embeddable":true,"href":"https:\/\/diariodocomercio.com.br\/mix\/wp-json\/wp\/v2\/tags?post=29080"}],"curies":[{"name":"wp","href":"https:\/\/api.w.org\/{rel}","templated":true}]}}