{"id":2971,"date":"2025-02-19T10:29:39","date_gmt":"2025-02-19T13:29:39","guid":{"rendered":"https:\/\/diariodocomercio.com.br\/mix\/?p=2971"},"modified":"2025-02-19T10:37:46","modified_gmt":"2025-02-19T13:37:46","slug":"governo-inova-e-passa-a-permitir-desbloqueio-do-caixa-tem-pelo-whatsapp","status":"publish","type":"post","link":"https:\/\/diariodocomercio.com.br\/mix\/governo-inova-e-passa-a-permitir-desbloqueio-do-caixa-tem-pelo-whatsapp\/","title":{"rendered":"Governo inova e passa a permitir desbloqueio do Caixa Tem pelo WhatsApp"},"content":{"rendered":"\n<p>Para facilitar o desbloqueio do aplicativo da Caixa Tem, a institui\u00e7\u00e3o banc\u00e1ria firmou um acordo com o WhatsApp e o usu\u00e1rio poder\u00e1 desbloquear o aplicativo sem a necessidade de ir \u00e0 uma ag\u00eancia da Caixa Econ\u00f4mica Federal, caso tenha esquecido o c\u00f3digo de acesso. Dessa forma, ser\u00e1 enviado ao app de mensagem o c\u00f3digo para o acesso aos dados banc\u00e1rios.&nbsp;<\/p>\n\n\n\n<p>Utilizado principalmente para pagamentos de benef\u00edcios como Aux\u00edlio Emergencial, FGTS e outros servi\u00e7os da Caixa Econ\u00f4mica Federal, o Caixa Tem \u00e9 um aplicativo pr\u00e1tico e ser\u00e1 ainda mais com essa atualiza\u00e7\u00e3o. Al\u00e9m do desbloqueio, tamb\u00e9m ser\u00e1 poss\u00edvel alterar dados obrigat\u00f3rios como telefone, e-mail, endere\u00e7o e renda e, em caso de troca de celular, o registro do novo n\u00famero tamb\u00e9m foi simplificado.<\/p>\n\n\n\n<p>Vale ressaltar que a atualiza\u00e7\u00e3o da Caixa Tem em 2025 tamb\u00e9m aumentou a seguran\u00e7a, com novas camadas para tornar o processo de atualiza\u00e7\u00e3o cadastral ainda mais seguro, evitando riscos de vazamento de dados.&nbsp;<\/p>\n\n\n\n<h2 class=\"wp-block-heading\">Confira abaixo o passo a passo para desbloquear o Caixa Tem pelo WhatsApp<\/h2>\n\n\n\n<p>1\u00b0- Acesse o aplicativo Caixa Tem e informe o CPF e n\u00famero de telefone.&nbsp;<\/p>\n\n\n\n<p>2\u00b0- Em seguida, o app enviar\u00e1 um c\u00f3digo de verifica\u00e7\u00e3o para o n\u00famero informado no WhatsApp oficial da Caixa.<\/p>\n\n\n\n<p>3\u00b0- Uma curiosidade sobre a facilidade do envio do c\u00f3digo \u00e9 que, pessoas que possuem celulares Android ter\u00e3o o c\u00f3digo sendo&nbsp; preenchido automaticamente no Caixa Tem. Em iPhone, ser\u00e1 necess\u00e1rio copiar e colar no app.<\/p>\n\n\n\n<p>4\u00b0- Depois de inserir o c\u00f3digo, ser\u00e1 necess\u00e1rio autenticar o acesso com facial, atrav\u00e9s de uma selfie.&nbsp;<\/p>\n\n\n\n<p>5\u00b0- Em alguns casos de n\u00e3o reconhecimentos, a Caixa pode pedir uma foto do documento como a carteira de identidade ou carteira de habilita\u00e7\u00e3o para comprovar a identidade do usu\u00e1rio.<\/p>\n","protected":false},"excerpt":{"rendered":"<p>Para facilitar o desbloqueio do aplicativo da Caixa Tem, a institui\u00e7\u00e3o banc\u00e1ria firmou um acordo com o WhatsApp e o usu\u00e1rio poder\u00e1 desbloquear o aplicativo sem a necessidade de ir \u00e0 uma ag\u00eancia da Caixa Econ\u00f4mica Federal, caso tenha esquecido o c\u00f3digo de acesso. Dessa forma, ser\u00e1 enviado ao app de mensagem o c\u00f3digo para [&hellip;]<\/p>\n","protected":false},"author":7,"featured_media":2972,"comment_status":"closed","ping_status":"closed","sticky":false,"template":"","format":"standard","meta":{"jnews-multi-image_gallery":[],"jnews_single_post":{"format":"standard"},"jnews_primary_category":[],"jnews_social_meta":[],"jnews_override_counter":[],"jnews_post_split":[],"footnotes":""},"categories":[1],"tags":[],"class_list":["post-2971","post","type-post","status-publish","format-standard","has-post-thumbnail","hentry","category-geral"],"_referencia":"","_links":{"self":[{"href":"https:\/\/diariodocomercio.com.br\/mix\/wp-json\/wp\/v2\/posts\/2971","targetHints":{"allow":["GET"]}}],"collection":[{"href":"https:\/\/diariodocomercio.com.br\/mix\/wp-json\/wp\/v2\/posts"}],"about":[{"href":"https:\/\/diariodocomercio.com.br\/mix\/wp-json\/wp\/v2\/types\/post"}],"author":[{"embeddable":true,"href":"https:\/\/diariodocomercio.com.br\/mix\/wp-json\/wp\/v2\/users\/7"}],"replies":[{"embeddable":true,"href":"https:\/\/diariodocomercio.com.br\/mix\/wp-json\/wp\/v2\/comments?post=2971"}],"version-history":[{"count":3,"href":"https:\/\/diariodocomercio.com.br\/mix\/wp-json\/wp\/v2\/posts\/2971\/revisions"}],"predecessor-version":[{"id":2984,"href":"https:\/\/diariodocomercio.com.br\/mix\/wp-json\/wp\/v2\/posts\/2971\/revisions\/2984"}],"wp:featuredmedia":[{"embeddable":true,"href":"https:\/\/diariodocomercio.com.br\/mix\/wp-json\/wp\/v2\/media\/2972"}],"wp:attachment":[{"href":"https:\/\/diariodocomercio.com.br\/mix\/wp-json\/wp\/v2\/media?parent=2971"}],"wp:term":[{"taxonomy":"category","embeddable":true,"href":"https:\/\/diariodocomercio.com.br\/mix\/wp-json\/wp\/v2\/categories?post=2971"},{"taxonomy":"post_tag","embeddable":true,"href":"https:\/\/diariodocomercio.com.br\/mix\/wp-json\/wp\/v2\/tags?post=2971"}],"curies":[{"name":"wp","href":"https:\/\/api.w.org\/{rel}","templated":true}]}}