{"id":2977,"date":"2025-02-19T10:58:54","date_gmt":"2025-02-19T13:58:54","guid":{"rendered":"https:\/\/diariodocomercio.com.br\/mix\/?p=2977"},"modified":"2025-02-19T10:58:56","modified_gmt":"2025-02-19T13:58:56","slug":"vai-optar-pelo-saque-aniversario-em-2025-tenha-este-cuidado","status":"publish","type":"post","link":"https:\/\/diariodocomercio.com.br\/mix\/vai-optar-pelo-saque-aniversario-em-2025-tenha-este-cuidado\/","title":{"rendered":"Vai optar pelo saque-anivers\u00e1rio em 2025? Tenha ESTE cuidado"},"content":{"rendered":"\n<p>O saque-anivers\u00e1rio surgiu como uma alternativa para que os trabalhadores tivessem acesso ao Fundo de Garantia do Tempo de Servi\u00e7o (FGTS), um dinheiro que s\u00f3 era liberado em casos especiais. Atrav\u00e9s dessa modalidade, no m\u00eas de anivers\u00e1rio do contribuinte ele tem direito de sacar anualmente parte do saldo, possibilitando um planejamento financeiro melhor em momento oportuno.<\/p>\n\n\n\n<p>Lembrando que, as formas tradicionais do saque do FGTS ocorrem quando h\u00e1 demiss\u00e3o sem justa causa, rescis\u00e3o de acordo, aposentadoria, doen\u00e7as graves e aquisi\u00e7\u00e3o de moradia pr\u00f3pria. No entanto, talvez nem todos saibam que ao optar pela modalidade do saque-anivers\u00e1rio, o trabalhador renuncia ao direito de sacar o valor total do FGTS em caso de demiss\u00e3o sem justa causa e s\u00f3 receber\u00e1 40% da multa rescis\u00f3ria. Por isso \u00e9 preciso ter cuidado e ser cauteloso com o dinheiro, considerando as implica\u00e7\u00f5es financeiras e a seguran\u00e7a no emprego.<\/p>\n\n\n\n<h2 class=\"wp-block-heading\"><strong>Confira abaixo o calend\u00e1rio do Saque-Anivers\u00e1rio do FGTS 2025<\/strong><\/h2>\n\n\n\n<ul class=\"wp-block-list\">\n<li>Nascidos em Janeiro: 2 de janeiro a 31 de mar\u00e7o<\/li>\n\n\n\n<li>Nascidos em Fevereiro: 3 de fevereiro a 30 de abril<\/li>\n\n\n\n<li>Nascidos em Mar\u00e7o: 3 de mar\u00e7o a 30 de maio<\/li>\n\n\n\n<li>Nascidos em Abril: 1\u00ba de abril a 30 de junho<\/li>\n\n\n\n<li>Nascidos em Maio: 2 de maio a 31 de julho<\/li>\n\n\n\n<li>Nascidos em Junho: 2 de junho a 29 de agosto<\/li>\n\n\n\n<li>Nascidos em Julho: 1\u00ba de julho a 30 de setembro<\/li>\n\n\n\n<li>Nascidos em Agosto: 1\u00ba de agosto a 31 de outubro<\/li>\n\n\n\n<li>Nascidos em Setembro: 1\u00ba de setembro a 28 de novembro<\/li>\n\n\n\n<li>Nascidos em Outubro: 1\u00ba de outubro a 30 de dezembro<\/li>\n\n\n\n<li>Nascidos em Novembro: 3 de novembro a 30 de janeiro de 2026<\/li>\n\n\n\n<li>Nascidos em Dezembro: 1\u00ba de dezembro a 27 de fevereiro de 2026<\/li>\n<\/ul>\n\n\n\n<h2 class=\"wp-block-heading\"><strong>Como solicitar o Saque-Anivers\u00e1rio?<\/strong><\/h2>\n\n\n\n<p>O trabalhador pode ter acesso ao saldo atrav\u00e9s do aplicativo FGTS, onde a op\u00e7\u00e3o de ades\u00e3o est\u00e1 dispon\u00edvel, assim como nos sites da Caixa Econ\u00f4mica Federal, onde \u00e9 poss\u00edvel realizar a ades\u00e3o na \u00e1rea do FGTS. A terceira alternativa \u00e9 ir pessoalmente a uma ag\u00eancia da Caixa Econ\u00f4mica Federal.<\/p>\n","protected":false},"excerpt":{"rendered":"<p>O saque-anivers\u00e1rio surgiu como uma alternativa para que os trabalhadores tivessem acesso ao Fundo de Garantia do Tempo de Servi\u00e7o (FGTS), um dinheiro que s\u00f3 era liberado em casos especiais. Atrav\u00e9s dessa modalidade, no m\u00eas de anivers\u00e1rio do contribuinte ele tem direito de sacar anualmente parte do saldo, possibilitando um planejamento financeiro melhor em momento [&hellip;]<\/p>\n","protected":false},"author":7,"featured_media":2857,"comment_status":"closed","ping_status":"closed","sticky":false,"template":"","format":"standard","meta":{"jnews-multi-image_gallery":[],"jnews_single_post":{"format":"standard"},"jnews_primary_category":[],"jnews_social_meta":[],"jnews_override_counter":[],"jnews_post_split":[],"footnotes":""},"categories":[1],"tags":[],"class_list":["post-2977","post","type-post","status-publish","format-standard","has-post-thumbnail","hentry","category-geral"],"_referencia":"","_links":{"self":[{"href":"https:\/\/diariodocomercio.com.br\/mix\/wp-json\/wp\/v2\/posts\/2977","targetHints":{"allow":["GET"]}}],"collection":[{"href":"https:\/\/diariodocomercio.com.br\/mix\/wp-json\/wp\/v2\/posts"}],"about":[{"href":"https:\/\/diariodocomercio.com.br\/mix\/wp-json\/wp\/v2\/types\/post"}],"author":[{"embeddable":true,"href":"https:\/\/diariodocomercio.com.br\/mix\/wp-json\/wp\/v2\/users\/7"}],"replies":[{"embeddable":true,"href":"https:\/\/diariodocomercio.com.br\/mix\/wp-json\/wp\/v2\/comments?post=2977"}],"version-history":[{"count":1,"href":"https:\/\/diariodocomercio.com.br\/mix\/wp-json\/wp\/v2\/posts\/2977\/revisions"}],"predecessor-version":[{"id":2994,"href":"https:\/\/diariodocomercio.com.br\/mix\/wp-json\/wp\/v2\/posts\/2977\/revisions\/2994"}],"wp:featuredmedia":[{"embeddable":true,"href":"https:\/\/diariodocomercio.com.br\/mix\/wp-json\/wp\/v2\/media\/2857"}],"wp:attachment":[{"href":"https:\/\/diariodocomercio.com.br\/mix\/wp-json\/wp\/v2\/media?parent=2977"}],"wp:term":[{"taxonomy":"category","embeddable":true,"href":"https:\/\/diariodocomercio.com.br\/mix\/wp-json\/wp\/v2\/categories?post=2977"},{"taxonomy":"post_tag","embeddable":true,"href":"https:\/\/diariodocomercio.com.br\/mix\/wp-json\/wp\/v2\/tags?post=2977"}],"curies":[{"name":"wp","href":"https:\/\/api.w.org\/{rel}","templated":true}]}}