{"id":2995,"date":"2025-02-19T11:26:43","date_gmt":"2025-02-19T14:26:43","guid":{"rendered":"https:\/\/diariodocomercio.com.br\/mix\/?p=2995"},"modified":"2025-02-19T11:26:45","modified_gmt":"2025-02-19T14:26:45","slug":"saque-aniversario-fgts-2025-pessima-noticia-para-os-nascidos-em-novembro-e-dezembro","status":"publish","type":"post","link":"https:\/\/diariodocomercio.com.br\/mix\/saque-aniversario-fgts-2025-pessima-noticia-para-os-nascidos-em-novembro-e-dezembro\/","title":{"rendered":"Saque-anivers\u00e1rio FGTS 2025: p\u00e9ssima not\u00edcia para os nascidos em novembro e dezembro"},"content":{"rendered":"\n<p>Surgindo como uma alternativa para os trabalhadores terem acesso ao Fundo de Garantia do Tempo de Servi\u00e7o (FGTS), o saque-anivers\u00e1rio funciona de forma anual e, como no nome diz, permite que o contribuinte consiga sacar uma parte do seu saldo. Esta modalidade foi criada para proporcionar maior flexibilidade no uso dos recursos do FGTS, que tradicionalmente possuem outros meios mais complexos de disponibilizar o dinheiro.&nbsp;&nbsp;<\/p>\n\n\n\n<p>No entanto, \u00e9 preciso se atentar ao m\u00eas que o saldo estar\u00e1 dispon\u00edvel, dificultando os trabalhadores que nasceram nos \u00faltimos meses do ano. Quem nasceu em novembro e dezembro, s\u00f3 ter\u00e3o acesso ao saldo entre janeiro e fevereiro de 2026. Lembrando que, ao optar pela modalidade de saque-anivers\u00e1rio, o trabalhador abre m\u00e3o do saque integral do FGTS em caso de demiss\u00e3o sem justa causa e recebe apenas a multa de 40% do saldo do FGTS.<\/p>\n\n\n\n<h2 class=\"wp-block-heading\">Confira abaixo o calend\u00e1rio completo do saque-anivers\u00e1rio 2025<\/h2>\n\n\n\n<ul class=\"wp-block-list\">\n<li>Nascidos em Janeiro: 2 de janeiro a 31 de mar\u00e7o<\/li>\n\n\n\n<li>Nascidos em Fevereiro: 3 de fevereiro a 30 de abril<\/li>\n\n\n\n<li>Nascidos em Mar\u00e7o: 3 de mar\u00e7o a 30 de maio<\/li>\n\n\n\n<li>Nascidos em Abril: 1\u00ba de abril a 30 de junho<\/li>\n\n\n\n<li>Nascidos em Maio: 2 de maio a 31 de julho<\/li>\n\n\n\n<li>Nascidos em Junho: 2 de junho a 29 de agosto<\/li>\n\n\n\n<li>Nascidos em Julho: 1\u00ba de julho a 30 de setembro<\/li>\n\n\n\n<li>Nascidos em Agosto: 1\u00ba de agosto a 31 de outubro<\/li>\n\n\n\n<li>Nascidos em Setembro: 1\u00ba de setembro a 28 de novembro<\/li>\n\n\n\n<li>Nascidos em Outubro: 1\u00ba de outubro a 30 de dezembro<\/li>\n\n\n\n<li><strong>Nascidos em Novembro: 3 de novembro a 30 de janeiro de 2026<\/strong><\/li>\n\n\n\n<li><strong>Nascidos em Dezembro: 1\u00ba de dezembro a 27 de fevereiro de 2026<\/strong><\/li>\n<\/ul>\n\n\n\n<h2 class=\"wp-block-heading\">Como \u00e9 feito o c\u00e1lculo do saque-anivers\u00e1rio?<\/h2>\n\n\n\n<p>A porcentagem do saldo pode ser sacado anualmente e \u00e9 calculado com base no valor&nbsp; total dispon\u00edvel no FGTS do trabalhador, aplicando-se uma al\u00edquota espec\u00edfica e adicionando uma parcela fixa. Veja abaixo detalhes de como \u00e9 feito esse c\u00e1lculo:&nbsp;<\/p>\n\n\n\n<ul class=\"wp-block-list\">\n<li>At\u00e9 R$ 500,00: Al\u00edquota de 50% sem parcela adicional<\/li>\n\n\n\n<li>De R$ 500,01 a R$ 1.000,00: Al\u00edquota de 40%, parcela de R$ 50,00<\/li>\n\n\n\n<li>De R$ 1.000,01 a R$ 5.000,00: Al\u00edquota de 30%, parcela de R$ 150,00<\/li>\n\n\n\n<li>De R$ 5.000,01 a R$ 10.000,00: Al\u00edquota de 20%, parcela de R$ 650,00<\/li>\n\n\n\n<li>De R$ 10.000,01 a R$ 15.000,00: Al\u00edquota de 15%, parcela de R$ 1.150,00<\/li>\n\n\n\n<li>De R$ 15.000,01 a R$ 20.000,00: Al\u00edquota de 10%, parcela de R$ 1.900,00<\/li>\n\n\n\n<li>Acima de R$ 20.000,00: Al\u00edquota de 5%, parcela de R$ 2.900,00<\/li>\n<\/ul>\n","protected":false},"excerpt":{"rendered":"<p>Surgindo como uma alternativa para os trabalhadores terem acesso ao Fundo de Garantia do Tempo de Servi\u00e7o (FGTS), o saque-anivers\u00e1rio funciona de forma anual e, como no nome diz, permite que o contribuinte consiga sacar uma parte do seu saldo. Esta modalidade foi criada para proporcionar maior flexibilidade no uso dos recursos do FGTS, que [&hellip;]<\/p>\n","protected":false},"author":7,"featured_media":2996,"comment_status":"closed","ping_status":"closed","sticky":false,"template":"","format":"standard","meta":{"jnews-multi-image_gallery":[],"jnews_single_post":{"format":"standard"},"jnews_primary_category":[],"jnews_social_meta":[],"jnews_override_counter":[],"jnews_post_split":[],"footnotes":""},"categories":[1],"tags":[],"class_list":["post-2995","post","type-post","status-publish","format-standard","has-post-thumbnail","hentry","category-geral"],"_referencia":"","_links":{"self":[{"href":"https:\/\/diariodocomercio.com.br\/mix\/wp-json\/wp\/v2\/posts\/2995","targetHints":{"allow":["GET"]}}],"collection":[{"href":"https:\/\/diariodocomercio.com.br\/mix\/wp-json\/wp\/v2\/posts"}],"about":[{"href":"https:\/\/diariodocomercio.com.br\/mix\/wp-json\/wp\/v2\/types\/post"}],"author":[{"embeddable":true,"href":"https:\/\/diariodocomercio.com.br\/mix\/wp-json\/wp\/v2\/users\/7"}],"replies":[{"embeddable":true,"href":"https:\/\/diariodocomercio.com.br\/mix\/wp-json\/wp\/v2\/comments?post=2995"}],"version-history":[{"count":1,"href":"https:\/\/diariodocomercio.com.br\/mix\/wp-json\/wp\/v2\/posts\/2995\/revisions"}],"predecessor-version":[{"id":2997,"href":"https:\/\/diariodocomercio.com.br\/mix\/wp-json\/wp\/v2\/posts\/2995\/revisions\/2997"}],"wp:featuredmedia":[{"embeddable":true,"href":"https:\/\/diariodocomercio.com.br\/mix\/wp-json\/wp\/v2\/media\/2996"}],"wp:attachment":[{"href":"https:\/\/diariodocomercio.com.br\/mix\/wp-json\/wp\/v2\/media?parent=2995"}],"wp:term":[{"taxonomy":"category","embeddable":true,"href":"https:\/\/diariodocomercio.com.br\/mix\/wp-json\/wp\/v2\/categories?post=2995"},{"taxonomy":"post_tag","embeddable":true,"href":"https:\/\/diariodocomercio.com.br\/mix\/wp-json\/wp\/v2\/tags?post=2995"}],"curies":[{"name":"wp","href":"https:\/\/api.w.org\/{rel}","templated":true}]}}