{"id":2998,"date":"2025-02-19T12:26:39","date_gmt":"2025-02-19T15:26:39","guid":{"rendered":"https:\/\/diariodocomercio.com.br\/mix\/?p=2998"},"modified":"2025-02-19T12:26:42","modified_gmt":"2025-02-19T15:26:42","slug":"optei-pelo-saque-aniversario-e-fui-demitido-saiba-o-que-acontece","status":"publish","type":"post","link":"https:\/\/diariodocomercio.com.br\/mix\/optei-pelo-saque-aniversario-e-fui-demitido-saiba-o-que-acontece\/","title":{"rendered":"Optei pelo saque-anivers\u00e1rio e fui demitido: saiba o que acontece"},"content":{"rendered":"\n<p>Apesar do saque-anivers\u00e1rio ter surgido como uma boa alternativa para a movimenta\u00e7\u00e3o do Fundo de Garantia do Tempo de Servi\u00e7o (FGTS), o trabalhador precisa saber que existem alguns crit\u00e9rios ap\u00f3s optar pela modalidade, que pode influenciar diretamente em caso de demiss\u00e3o sem justa causa. Se optar pelo saque-anivers\u00e1rio pouco antes de ser demitido, \u00e9 importante saber que ter\u00e1 direito \u00e0 multa rescis\u00f3ria de 40% sobre o saldo do FGTS, mas n\u00e3o poder\u00e1 sacar o valor total dele.<\/p>\n\n\n\n<p>Isso porque, a modalidade do saque-anivers\u00e1rio s\u00f3 permite que seja retirado um valor parcial do saldo no m\u00eas de anivers\u00e1rio, diferente do saque em caso de demiss\u00e3o. Apesar disso, saiba que o restante do saldo continua na conta e, caso o trabalhador deseje retornar \u00e0 modalidade de saque-rescis\u00e3o, \u00e9 necess\u00e1rio aguardar um per\u00edodo de car\u00eancia de dois anos.&nbsp;&nbsp;<\/p>\n\n\n\n<h2 class=\"wp-block-heading\">Entenda melhor como funciona o saque-anivers\u00e1rio do FGTS<\/h2>\n\n\n\n<p>O trabalhador que optar por sacar no m\u00eas do seu anivers\u00e1rio o saldo dispon\u00edvel e ser demitido logo ap\u00f3s, receber\u00e1 a multa de 40% sobre o valor total do FGTS. O restante do FGTS permanece na conta, sem a possibilidade de saque imediato. Mas, em caso de demiss\u00e3o sem justa causa, o valor total do FGTS \u00e9 disponibilizado, al\u00e9m da multa rescis\u00f3ria de 40%, mas n\u00e3o oferece saques anuais.<\/p>\n\n\n\n<p>Lembrando que, al\u00e9m da demiss\u00e3o sem justa causa, o FGTS pode ser sacado em outras situa\u00e7\u00f5es espec\u00edficas, como aposentadoria, compra de im\u00f3vel, doen\u00e7as graves, entre outros. \u00c9 fundamental que o trabalhador se atente \u00e0s regras sobre o que implica sacar o FGTS no m\u00eas de anivers\u00e1rio, para que n\u00e3o se sinta prejudicado em caso de demiss\u00e3o.&nbsp;<\/p>\n","protected":false},"excerpt":{"rendered":"<p>Apesar do saque-anivers\u00e1rio ter surgido como uma boa alternativa para a movimenta\u00e7\u00e3o do Fundo de Garantia do Tempo de Servi\u00e7o (FGTS), o trabalhador precisa saber que existem alguns crit\u00e9rios ap\u00f3s optar pela modalidade, que pode influenciar diretamente em caso de demiss\u00e3o sem justa causa. Se optar pelo saque-anivers\u00e1rio pouco antes de ser demitido, \u00e9 importante [&hellip;]<\/p>\n","protected":false},"author":7,"featured_media":2999,"comment_status":"closed","ping_status":"closed","sticky":false,"template":"","format":"standard","meta":{"jnews-multi-image_gallery":[],"jnews_single_post":{"format":"standard"},"jnews_primary_category":[],"jnews_social_meta":[],"jnews_override_counter":[],"jnews_post_split":[],"footnotes":""},"categories":[1],"tags":[],"class_list":["post-2998","post","type-post","status-publish","format-standard","has-post-thumbnail","hentry","category-geral"],"_referencia":"","_links":{"self":[{"href":"https:\/\/diariodocomercio.com.br\/mix\/wp-json\/wp\/v2\/posts\/2998","targetHints":{"allow":["GET"]}}],"collection":[{"href":"https:\/\/diariodocomercio.com.br\/mix\/wp-json\/wp\/v2\/posts"}],"about":[{"href":"https:\/\/diariodocomercio.com.br\/mix\/wp-json\/wp\/v2\/types\/post"}],"author":[{"embeddable":true,"href":"https:\/\/diariodocomercio.com.br\/mix\/wp-json\/wp\/v2\/users\/7"}],"replies":[{"embeddable":true,"href":"https:\/\/diariodocomercio.com.br\/mix\/wp-json\/wp\/v2\/comments?post=2998"}],"version-history":[{"count":1,"href":"https:\/\/diariodocomercio.com.br\/mix\/wp-json\/wp\/v2\/posts\/2998\/revisions"}],"predecessor-version":[{"id":3000,"href":"https:\/\/diariodocomercio.com.br\/mix\/wp-json\/wp\/v2\/posts\/2998\/revisions\/3000"}],"wp:featuredmedia":[{"embeddable":true,"href":"https:\/\/diariodocomercio.com.br\/mix\/wp-json\/wp\/v2\/media\/2999"}],"wp:attachment":[{"href":"https:\/\/diariodocomercio.com.br\/mix\/wp-json\/wp\/v2\/media?parent=2998"}],"wp:term":[{"taxonomy":"category","embeddable":true,"href":"https:\/\/diariodocomercio.com.br\/mix\/wp-json\/wp\/v2\/categories?post=2998"},{"taxonomy":"post_tag","embeddable":true,"href":"https:\/\/diariodocomercio.com.br\/mix\/wp-json\/wp\/v2\/tags?post=2998"}],"curies":[{"name":"wp","href":"https:\/\/api.w.org\/{rel}","templated":true}]}}