{"id":30095,"date":"2025-12-22T09:26:00","date_gmt":"2025-12-22T12:26:00","guid":{"rendered":"https:\/\/diariodocomercio.com.br\/mix\/?p=30095"},"modified":"2025-12-22T17:11:48","modified_gmt":"2025-12-22T20:11:48","slug":"enquanto-ana-castela-e-ze-felipe-curtem-namoro-ex-namorado-da-cantora-estreia-como-protagonista-em-novela-da-globo","status":"publish","type":"post","link":"https:\/\/diariodocomercio.com.br\/mix\/enquanto-ana-castela-e-ze-felipe-curtem-namoro-ex-namorado-da-cantora-estreia-como-protagonista-em-novela-da-globo\/","title":{"rendered":"Enquanto Ana Castela e Z\u00e9 Felipe curtem namoro, ex-namorado da cantora estreia como protagonista em novela da Globo"},"content":{"rendered":"\n<p>Enquanto Ana Castela vive um novo momento amoroso ao lado de Z\u00e9 Felipe, o ex-namorado da cantora, Gustavo Mioto, ganhou destaque por um motivo diferente: o sertanejo estreou como <strong>protagonista de uma novela da Globo<\/strong>, a produ\u00e7\u00e3o vertical <em>Cinderela e o Segredo do Pobre Milion\u00e1rio<\/em>, lan\u00e7ada recentemente no Globoplay.<\/p>\n\n\n\n<p>Lan\u00e7ada no in\u00edcio do m\u00eas, <em>Cinderela e o Segredo do Pobre Milion\u00e1rio<\/em> integra o cat\u00e1logo de <strong>novelinhas verticais Originais do Globoplay<\/strong>, pensadas para consumo r\u00e1pido em celulares e redes sociais. Os cap\u00edtulos t\u00eam dura\u00e7\u00e3o entre <strong>um e dois minutos<\/strong>, e a trama completa contar\u00e1 com <strong>50 epis\u00f3dios<\/strong>.<\/p>\n\n\n\n<p>A hist\u00f3ria acompanha Cindy, personagem de <strong>Maya Aniceto<\/strong>, uma cantora talentosa e m\u00e3e solo que se apaixona por Diego, vivido por <strong>Gustavo Mioto<\/strong>. Na narrativa, o personagem \u00e9 um milion\u00e1rio que se passa por m\u00fasico pobre para conquistar a protagonista, dando in\u00edcio a um romance marcado por segredos, mentiras e conflitos emocionais.<\/p>\n\n\n\n<p>A estreia de Gustavo Mioto na dramaturgia n\u00e3o passou despercebida, mas acabou rendendo avalia\u00e7\u00f5es negativas. O cantor recebeu <strong>nota zero<\/strong> da coluna <em>Play<\/em>, do jornal <em>O Globo<\/em>. A cr\u00edtica foi assinada pela colunista <strong>Anna Luiza Santiago<\/strong>, que questionou a escala\u00e7\u00e3o do sertanejo para um papel de destaque.<\/p>\n\n\n\n<blockquote class=\"wp-block-quote is-layout-flow wp-block-quote-is-layout-flow\">\n<p>\u201cLhe faltam recursos para fazer um papel de tanto destaque. \u00c9 pena n\u00e3o ver bons atores escalados\u201d, escreveu a colunista.<\/p>\n<\/blockquote>\n\n\n\n<p>Apesar das cr\u00edticas, o projeto despertou curiosidade do p\u00fablico justamente por marcar o <strong>primeiro trabalho de Mioto como ator<\/strong>. Na trama, ele contracena com Maya Aniceto, que j\u00e1 havia feito uma participa\u00e7\u00e3o discreta na novela <em>Al\u00e9m da Ilus\u00e3o<\/em>, exibida pela pr\u00f3pria Globo.<\/p>\n\n\n\n<blockquote class=\"instagram-media\" data-instgrm-captioned data-instgrm-permalink=\"https:\/\/www.instagram.com\/reel\/DSKuvHgDWTV\/?utm_source=ig_embed&amp;utm_campaign=loading\" data-instgrm-version=\"14\" style=\"background:#FFF;border:0;border-radius:3px;margin: 1px;max-width:540px;min-width:326px;padding:0;width:99.375%;width:-webkit-calc(100% - 2px);width:calc(100% - 2px)\"><div style=\"padding:16px\"> <a href=\"https:\/\/www.instagram.com\/reel\/DSKuvHgDWTV\/?utm_source=ig_embed&amp;utm_campaign=loading\" style=\"background:#FFFFFF;line-height:0;padding:0 0;text-align:center;text-decoration:none;width:100%\" target=\"_blank\" rel=\"noopener\"> <div style=\"flex-direction: row;align-items: center\"> <div style=\"background-color: #F4F4F4;border-radius: 50%;flex-grow: 0;height: 40px;margin-right: 14px;width: 40px\"><\/div> <div style=\"flex-direction: column;flex-grow: 1;justify-content: center\"> <div style=\"background-color: #F4F4F4;border-radius: 4px;flex-grow: 0;height: 14px;margin-bottom: 6px;width: 100px\"><\/div> <div style=\"background-color: #F4F4F4;border-radius: 4px;flex-grow: 0;height: 14px;width: 60px\"><\/div><\/div><\/div><div style=\"padding: 19% 0\"><\/div> <div style=\"height:50px;margin:0 auto 12px;width:50px\"><\/div><div style=\"padding-top: 8px\"> <div style=\"color:#3897f0;font-family:Arial,sans-serif;font-size:14px;font-style:normal;font-weight:550;line-height:18px\">Ver essa foto no Instagram<\/div><\/div><div style=\"padding: 12.5% 0\"><\/div> <div style=\"flex-direction: row;margin-bottom: 14px;align-items: center\"><div> <div style=\"background-color: #F4F4F4;border-radius: 50%;height: 12.5px;width: 12.5px\"><\/div> <div style=\"background-color: #F4F4F4;height: 12.5px;width: 12.5px;flex-grow: 0;margin-right: 14px;margin-left: 2px\"><\/div> <div style=\"background-color: #F4F4F4;border-radius: 50%;height: 12.5px;width: 12.5px\"><\/div><\/div><div style=\"margin-left: 8px\"> <div style=\"background-color: #F4F4F4;border-radius: 50%;flex-grow: 0;height: 20px;width: 20px\"><\/div> <div style=\"width: 0;height: 0;border-top: 2px solid transparent;border-left: 6px solid #f4f4f4;border-bottom: 2px solid transparent\"><\/div><\/div><div style=\"margin-left: auto\"> <div style=\"width: 0px;border-top: 8px solid #F4F4F4;border-right: 8px solid transparent\"><\/div> <div style=\"background-color: #F4F4F4;flex-grow: 0;height: 12px;width: 16px\"><\/div> <div style=\"width: 0;height: 0;border-top: 8px solid #F4F4F4;border-left: 8px solid transparent\"><\/div><\/div><\/div> <div style=\"flex-direction: column;flex-grow: 1;justify-content: center;margin-bottom: 24px\"> <div style=\"background-color: #F4F4F4;border-radius: 4px;flex-grow: 0;height: 14px;margin-bottom: 6px;width: 224px\"><\/div> <div style=\"background-color: #F4F4F4;border-radius: 4px;flex-grow: 0;height: 14px;width: 144px\"><\/div><\/div><\/a><p style=\"color:#c9c8cd;font-family:Arial,sans-serif;font-size:14px;line-height:17px;margin-bottom:0;margin-top:8px;overflow:hidden;padding:8px 0 7px;text-align:center;white-space:nowrap\"><a href=\"https:\/\/www.instagram.com\/reel\/DSKuvHgDWTV\/?utm_source=ig_embed&amp;utm_campaign=loading\" style=\"color:#c9c8cd;font-family:Arial,sans-serif;font-size:14px;font-style:normal;font-weight:normal;line-height:17px;text-decoration:none\" target=\"_blank\" rel=\"noopener\">Um post compartilhado por globoplay (@globoplay)<\/a><\/p><\/div><\/blockquote>\n<script async src=\"\/\/www.instagram.com\/embed.js\"><\/script>\n\n\n\n<h2 class=\"wp-block-heading\"><strong>M\u00fasica e boatos envolvendo Ana Castela<\/strong><\/h2>\n\n\n<style>@media (min-width: 992px) {\n    .recomendadorV2Area1 {\n        width: 280px;\n    }\n    .recomendadorV2Area2 {\n        padding: 0px 20px;\n        width: calc(100% - 280px);\n    }\n}\n\n@media (max-width: 992px) {\n    .recomendadorV2Button {\n        margin: 0 auto;\n    }\n    .recomendadorV2Area {\n        flex-direction: column;\n        text-align: center;\n    }\n    .recomendadorV2Area2 {\n        padding: 0px 20px;\n    }\n}\n\n.recomendadorV2Area {\n    background: #eeeeee3d;\n    border-radius: 10px;\n    padding: 15px;\n    display: flex;\n    margin: 15px auto;\n    border: 1px solid #00000014;\n    max-width: 800px;\n}\n\n.recomendadorV2Area1 img {\n    width: 280px;\n    height: auto;\n    border-radius: 8px;\n}\n\n.linkrecomendadorv2 {\n    text-decoration: none !important;\n}\n\n.recomendadorV2Area2 .recomendadorV2Type {\n    text-transform: uppercase;\n    font-weight: 500;\n    font-size: 11px;\n    letter-spacing: 2px;\n    color: #666;\n    margin: 12px 0;\n    display: block;\n}\n\n.recomendadorV2Title h2 {\n    padding-top: 0px !important;\n    margin: 0px !important;\n    border-left: none !important;\n    padding-left: 0px !important;\n    line-height: 1.3;\n    color: #000 !important;\n    font-size: 24px;\n    margin-bottom: 12px !important;\n}\n\n.recomendadorV2Desc {\n    color: #333;\n    margin: 12px 0px !important;\n    font-size: 15px;\n    line-height: 1.5;\n}\n\n.recomendadorV2Button {\n    width: auto;\n    max-width: 200px;\n    margin: 0;\n    display: inline-flex;\n    align-items: center;\n    background: #1D3557;\n    border-radius: 8px;\n    color: #fff;\n    height: 36px;\n    justify-content: center;\n    text-align: center;\n    font-size: 14px;\n    padding: 0 20px;\n    transition: background-color 0.2s ease;\n}\n\n.recomendadorV2Button:hover {\n    background: #2a4d7a;\n}\n\n.recomendadorV2Button:after {\n    margin-top: -2px;\n    content: \"\u2192\";\n    padding: 0px 0px 0px 8px;\n}\n\n.recomendadorV2Alert {\n    text-align: left;\n    font-size: 11px;\n    margin-top: 8px;\n    color: #666;\n}\n\n.recomendadorFixedArea {\n    width: 100%;\n    display: flex;\n    justify-content: center;\n    align-items: center;\n}\n\n@media (min-width: 992px) {\n    #recomendadorFixed {\n        width: 32% !important;\n        left: 5%;\n    }\n    .recomendadorCloseFixed{\n        right: inherit !important;\n        left: 378px !important;\n    }\n}\n\n#recomendadorFixed {\n    width: 90%;\n    box-shadow: 0 10px 20px 0px #00000057;\n    display: none;\n    height: 90px;\n    background: #F6F6F6;\n    position: fixed;\n    flex-direction: row;\n    bottom: 10px;\n    z-index: 9999;\n    border-radius: 16px;\n    padding: 7px 10px;\n}\n\n.recomendadorLeftArea {\n    width: 160px;\n}\n\n.recomendadorRightArea h2 {\n    padding-top: 0px;\n    margin: 2px 0px 4px 0px !important;\n    font-weight: 400;\n    text-align: center;\n    padding-left: 0px !important;\n    color: #000 !important;\n    border-left: none !important;\n    line-height: 20px;\n    font-size: 12px !important;\n}\n\n.recomendadorImgFixed {\n    overflow: hidden;\n    padding: 8px 6px;\n    height: 100%;\n}\n\n.recomendadorImgFixed img {\n    height: 100% !important;\n    border-radius: 16px;\n}\n\n.recomendadorRightArea {\n    padding-top: 6px;\n    display: flex;\n    width: calc(100% - 130px);\n    justify-content: space-between;\n    align-items: center;\n    flex-direction: column;\n}\n\n.recomendadorButtonFixed {\n    margin: 0 auto;\n    background: #1D3557;\n    width: 80%;\n    text-align: center;\n    font-size: 10px;\n    color: #FFF;\n    padding: 2px 10px;\n    border-radius: 3px;\n}\n\n.recomendadorButtonFixed:after {\n    margin-top: -3px;\n    content: \"\u2192\";\n    padding: 0px 0px 0px 10px;\n}\n\n.recomendadorAlertFixed {\n    font-weight: 400;\n    text-align: center;\n    color: #484848;\n    font-size: 8px;\n}\n\n.recomendadorCloseFixed {\n    z-index: 99999;\n    display: none;\n    right: 0px;\n    left: inherit;\n    bottom: 99px;\n    position: fixed;\n    justify-content: center;\n    background: #F6F6F6;\n    width: 25px;\n    align-items: center;\n    height: 25px;\n    font-weight: 800;\n    border-radius: 50%;\n    border: 1px solid #EBEBEB;\n}\n\n.recomendadorV2Desc{\n    color: #000000;\n    margin: 20px 0px;\n}\n\n@media (max-width: 576px) {\n    .recomendadorV2Area {\n      padding: 10px;\n      max-width: 100%;\n    }\n  \n    .recomendadorV2Area1 img {\n      width: 100%;\n      border-radius: 6px;\n    }\n  \n    .recomendadorV2Area2 .recomendadorV2Type {\n      font-size: 9px;\n      letter-spacing: 1px;\n      margin: 8px 0;\n    }\n  \n    .recomendadorV2Title h2 {\n      font-size: 18px !important;\n      margin-bottom: 8px !important;\n      line-height: 1.2;\n    }\n  \n    .recomendadorV2Desc {\n      font-size: 14px;\n      margin: 8px 0 !important;\n      line-height: 1.4;\n    }\n  \n    .recomendadorV2Button {\n      font-size: 14px;\n      height: 40px;\n      padding: 0 12px;\n      max-width: 100%;\n      width: 100%;\n    }\n  \n    .recomendadorV2Button:after {\n      padding-left: 6px;\n    }\n  }\n  <\/style>\n        <div class=\"lazyblock-recomendador-v2-2jDGz wp-block-lazyblock-recomendador-v2\">\n        <a class=\"linkrecomendadorv2\" href=\"https:\/\/diariodocomercio.com.br\/mix\/globo-paga-fortuna-para-tadeu-schmidt-ficar-em-casa-enquanto-o-bbb-26-nao-comeca\/?utm_source=lazy\">\n            <div class=\"recomendadorV2Area\">\n            <div class=\"recomendadorV2Area1\">\n                <div class=\"recomendadorV2Img\">\n                <img class=\"lazyloaded\" decoding=\"async\" src=\"https:\/\/diariodocomercio.com.br\/mix\/wp-content\/uploads\/2025\/07\/image-4-1140x570.jpg\" data-src=\"https:\/\/diariodocomercio.com.br\/mix\/wp-content\/uploads\/2025\/07\/image-4-1140x570.jpg\" alt=\"\">\n                <\/div>\n            <\/div>\n            <div class=\"recomendadorV2Area2\">\n                <div class=\"recomendadorV2Type\">\n                    <span>TV brasileira<\/span>\n                <\/div>\n                <div class=\"recomendadorV2Title\">\n                <h2><span>Tadeu bem pago \ud83d\udcfa<\/span><\/h2>\n                <\/div>\n                <div class=\"recomendadorV2Desc\">\n                <span>Globo paga fortuna antes do BBB 26<\/span>\n                <\/div>\n                <div class=\"recomendadorV2Button\">Veja o valor<\/div>\n                <div class=\"recomendadorV2Alert\"><\/div>\n            <\/div>\n            <\/div>\n        <\/a>\n        <div>\n            <div style=\"z-index:99999;\" id=\"buttonClose\" onclick=\"closeRecomendadorFixed()\">\n            <div class=\"recomendadorCloseFixed\">X<\/div>\n            <\/div>\n            <a href=\"https:\/\/diariodocomercio.com.br\/mix\/globo-paga-fortuna-para-tadeu-schmidt-ficar-em-casa-enquanto-o-bbb-26-nao-comeca\/?utm_source=lazy\">\n            <div class=\"recomendadorFixedArea\">\n                <div id=\"recomendadorFixed\">\n                <div class=\"recomendadorLeftArea\">\n                    <div class=\"recomendadorImgFixed\">\n                    <img class=\"lazyload\" decoding=\"async\" src=\"https:\/\/diariodocomercio.com.br\/mix\/wp-content\/uploads\/2025\/07\/image-4-1140x570.jpg\" alt=\"\">\n                    <\/div>\n                <\/div>\n                <div class=\"recomendadorRightArea\">\n                    <div class=\"recomendadorTitleFixed\">\n                    <h2><span>Tadeu bem pago \ud83d\udcfa<\/span><\/h2>\n                    <\/div>\n                    <div class=\"recomendadorButtonFixed\">Veja o valor<\/div>\n                    <div class=\"recomendadorAlertFixed\"><\/div>\n                <\/div>\n                <\/div>\n            <\/div>\n            <\/a>\n        <\/div>\n        <\/div>\n\n\n\n<p>A novela tamb\u00e9m trouxe rumores envolvendo a m\u00fasica <em>Princesa<\/em>, parceria lan\u00e7ada por Gustavo Mioto e Ana Castela durante o relacionamento dos dois. A can\u00e7\u00e3o foi usada como tema do casal fict\u00edcio da produ\u00e7\u00e3o, o que levou f\u00e3s a especularem uma poss\u00edvel regrava\u00e7\u00e3o.<\/p>\n\n\n\n<p>Mioto negou os boatos em uma publica\u00e7\u00e3o no X (antigo Twitter):<\/p>\n\n\n\n<blockquote class=\"wp-block-quote is-layout-flow wp-block-quote-is-layout-flow\">\n<p>\u201cGente, n\u00e3o existe regrava\u00e7\u00e3o. Nesse caso, a m\u00fasica ser\u00e1 tema do casal da novela. Que s\u00e3o personagens fict\u00edcios, que cantar\u00e3o outras m\u00fasicas tamb\u00e9m! E ainda assim, essa vers\u00e3o n\u00e3o ser\u00e1 lan\u00e7ada. A \u00fanica vers\u00e3o da m\u00fasica nas plataformas e oficial \u00e9 a original que voc\u00eas conhecem\u201d, esclareceu o cantor.<\/p>\n<\/blockquote>\n\n\n\n<h2 class=\"wp-block-heading\"><strong>Rela\u00e7\u00e3o marcada por idas e vindas<\/strong><\/h2>\n\n\n\n<p>Gustavo Mioto e Ana Castela assumiram o namoro em <strong>junho de 2023<\/strong>, mas o relacionamento foi marcado por <strong>t\u00e9rminos e reconcilia\u00e7\u00f5es<\/strong>. Ap\u00f3s separa\u00e7\u00f5es em 2023 e janeiro de 2024, o casal chegou a reatar pela terceira vez em maio, antes do fim definitivo anunciado em dezembro do mesmo ano.<\/p>\n\n\n\n<p>Depois do rompimento, os dois deixaram de se seguir nas redes sociais.<\/p>\n","protected":false},"excerpt":{"rendered":"<p>Enquanto Ana Castela vive um novo momento amoroso ao lado de Z\u00e9 Felipe, o ex-namorado da cantora, Gustavo Mioto, ganhou destaque por um motivo diferente: o sertanejo estreou como protagonista de uma novela da Globo, a produ\u00e7\u00e3o vertical Cinderela e o Segredo do Pobre Milion\u00e1rio, lan\u00e7ada recentemente no Globoplay. Lan\u00e7ada no in\u00edcio do m\u00eas, Cinderela [&hellip;]<\/p>\n","protected":false},"author":9,"featured_media":30099,"comment_status":"closed","ping_status":"closed","sticky":false,"template":"","format":"standard","meta":{"jnews-multi-image_gallery":[],"jnews_single_post":{"format":"standard"},"jnews_primary_category":[],"jnews_social_meta":[],"jnews_override_counter":[],"jnews_post_split":[],"footnotes":""},"categories":[1],"tags":[],"class_list":["post-30095","post","type-post","status-publish","format-standard","has-post-thumbnail","hentry","category-geral"],"_referencia":"","_links":{"self":[{"href":"https:\/\/diariodocomercio.com.br\/mix\/wp-json\/wp\/v2\/posts\/30095","targetHints":{"allow":["GET"]}}],"collection":[{"href":"https:\/\/diariodocomercio.com.br\/mix\/wp-json\/wp\/v2\/posts"}],"about":[{"href":"https:\/\/diariodocomercio.com.br\/mix\/wp-json\/wp\/v2\/types\/post"}],"author":[{"embeddable":true,"href":"https:\/\/diariodocomercio.com.br\/mix\/wp-json\/wp\/v2\/users\/9"}],"replies":[{"embeddable":true,"href":"https:\/\/diariodocomercio.com.br\/mix\/wp-json\/wp\/v2\/comments?post=30095"}],"version-history":[{"count":2,"href":"https:\/\/diariodocomercio.com.br\/mix\/wp-json\/wp\/v2\/posts\/30095\/revisions"}],"predecessor-version":[{"id":30140,"href":"https:\/\/diariodocomercio.com.br\/mix\/wp-json\/wp\/v2\/posts\/30095\/revisions\/30140"}],"wp:featuredmedia":[{"embeddable":true,"href":"https:\/\/diariodocomercio.com.br\/mix\/wp-json\/wp\/v2\/media\/30099"}],"wp:attachment":[{"href":"https:\/\/diariodocomercio.com.br\/mix\/wp-json\/wp\/v2\/media?parent=30095"}],"wp:term":[{"taxonomy":"category","embeddable":true,"href":"https:\/\/diariodocomercio.com.br\/mix\/wp-json\/wp\/v2\/categories?post=30095"},{"taxonomy":"post_tag","embeddable":true,"href":"https:\/\/diariodocomercio.com.br\/mix\/wp-json\/wp\/v2\/tags?post=30095"}],"curies":[{"name":"wp","href":"https:\/\/api.w.org\/{rel}","templated":true}]}}