{"id":30700,"date":"2026-01-03T08:59:00","date_gmt":"2026-01-03T11:59:00","guid":{"rendered":"https:\/\/diariodocomercio.com.br\/mix\/?p=30700"},"modified":"2026-01-02T14:57:24","modified_gmt":"2026-01-02T17:57:24","slug":"cidade-com-3-568-habitantes-e-eleita-a-melhor-do-brasil-em-2025","status":"publish","type":"post","link":"https:\/\/diariodocomercio.com.br\/mix\/cidade-com-3-568-habitantes-e-eleita-a-melhor-do-brasil-em-2025\/","title":{"rendered":"Cidade com 3.568 habitantes \u00e9 eleita a melhor do Brasil em 2025"},"content":{"rendered":"\n<p>Com pouco mais de 3,5 mil habitantes, o munic\u00edpio de <strong>Jate\u00ed<\/strong>, no interior de <strong>Mato Grosso do Sul<\/strong>, foi eleito a <strong>melhor cidade para se viver no Brasil em 2025<\/strong>, segundo ranking divulgado pelo jornal <strong>Gazeta do Povo<\/strong>. O levantamento analisou os <strong>5.570 munic\u00edpios brasileiros<\/strong> e apontou a pequena cidade sul-mato-grossense como l\u00edder nacional em qualidade de vida.<\/p>\n\n\n\n<p>De acordo com a <em>Gazeta do Povo<\/em>, o estudo combinou <strong>27 indicadores<\/strong>, aplicados de forma proporcional ao tamanho populacional de cada cidade. Entre os crit\u00e9rios avaliados est\u00e3o <strong>seguran\u00e7a p\u00fablica, educa\u00e7\u00e3o, infraestrutura, economia, arboriza\u00e7\u00e3o, sa\u00fade fiscal, cultura e qualidade urbana<\/strong>. Foram utilizados os dados mais recentes dispon\u00edveis em bases oficiais.<\/p>\n\n\n\n<p>O jornal ressalta que o ranking n\u00e3o tem car\u00e1ter absoluto. \u201c<strong>\u00c9 importante ressaltar que o ranking n\u00e3o pretende ser exaustivo, j\u00e1 que n\u00e3o existem dados nacionais sobre temas relevantes, como o n\u00famero de furtos. Al\u00e9m disso, h\u00e1 fatores subjetivos que fogem a qualquer tipo de medi\u00e7\u00e3o, como a beleza natural<\/strong>\u201d, destacou o peri\u00f3dico ao divulgar o levantamento.<\/p>\n\n\n\n<h2 class=\"wp-block-heading\"><strong>Por que Jate\u00ed ficou em primeiro lugar<\/strong><\/h2>\n\n\n\n<p>Com <strong>nota final de 8,72<\/strong>, Jate\u00ed se destacou por apresentar <strong>indicadores sociais e econ\u00f4micos acima da m\u00e9dia<\/strong>, al\u00e9m de baixos \u00edndices de viol\u00eancia. Segundo o levantamento, o munic\u00edpio n\u00e3o registrou <strong>homic\u00eddios<\/strong>, n\u00e3o possui <strong>moradores em situa\u00e7\u00e3o de rua<\/strong> e apresenta n\u00fameros reduzidos de acidentes, suic\u00eddios e interna\u00e7\u00f5es relacionadas ao uso de drogas.<\/p>\n\n\n<div class=\"wp-block-image\">\n<figure class=\"aligncenter size-large\"><img decoding=\"async\" width=\"1200\" height=\"675\" src=\"https:\/\/diariodocomercio.com.br\/mix\/wp-content\/uploads\/2026\/01\/image-6-1200x675.png\" alt=\"\" class=\"wp-image-30703\" srcset=\"https:\/\/diariodocomercio.com.br\/mix\/wp-content\/uploads\/2026\/01\/image-6-1200x675.png 1200w, https:\/\/diariodocomercio.com.br\/mix\/wp-content\/uploads\/2026\/01\/image-6-300x169.png 300w, https:\/\/diariodocomercio.com.br\/mix\/wp-content\/uploads\/2026\/01\/image-6-768x432.png 768w, https:\/\/diariodocomercio.com.br\/mix\/wp-content\/uploads\/2026\/01\/image-6-150x84.png 150w, https:\/\/diariodocomercio.com.br\/mix\/wp-content\/uploads\/2026\/01\/image-6-750x422.png 750w, https:\/\/diariodocomercio.com.br\/mix\/wp-content\/uploads\/2026\/01\/image-6-1140x641.png 1140w, https:\/\/diariodocomercio.com.br\/mix\/wp-content\/uploads\/2026\/01\/image-6.png 1280w\" sizes=\"(max-width: 1200px) 100vw, 1200px\" \/><figcaption class=\"wp-element-caption\">Jate\u00ed<\/figcaption><\/figure>\n<\/div>\n\n\n<p>Na infraestrutura, quase a totalidade das ruas \u00e9 <strong>pavimentada<\/strong>, h\u00e1 <strong>ilumina\u00e7\u00e3o p\u00fablica eficiente<\/strong> e <strong>coleta regular de lixo<\/strong>. J\u00e1 na economia, os n\u00fameros chamam aten\u00e7\u00e3o: o <strong>sal\u00e1rio m\u00e9dio \u00e9 de R$ 3.679<\/strong>, acima da m\u00e9dia nacional, e o <strong>PIB per capita chega a R$ 119.162,85<\/strong>, impulsionado principalmente pela <strong>suinocultura<\/strong>, atividade central da economia local.<\/p>\n\n\n\n<h2 class=\"wp-block-heading\"><strong>Pequenas cidades dominam o topo<\/strong><\/h2>\n\n\n\n<p>O ranking de 2025 refor\u00e7a uma tend\u00eancia j\u00e1 observada em edi\u00e7\u00f5es anteriores: as cidades mais bem avaliadas s\u00e3o, em sua maioria, <strong>pequenos munic\u00edpios do interior<\/strong>. Das dez primeiras colocadas, apenas uma possui mais de 10 mil habitantes.<\/p>\n\n\n<div class=\"wp-block-image\">\n<figure class=\"aligncenter size-full\"><img decoding=\"async\" width=\"606\" height=\"351\" src=\"https:\/\/diariodocomercio.com.br\/mix\/wp-content\/uploads\/2026\/01\/image-4.png\" alt=\"\" class=\"wp-image-30701\" srcset=\"https:\/\/diariodocomercio.com.br\/mix\/wp-content\/uploads\/2026\/01\/image-4.png 606w, https:\/\/diariodocomercio.com.br\/mix\/wp-content\/uploads\/2026\/01\/image-4-300x174.png 300w, https:\/\/diariodocomercio.com.br\/mix\/wp-content\/uploads\/2026\/01\/image-4-150x87.png 150w\" sizes=\"(max-width: 606px) 100vw, 606px\" \/><\/figure>\n<\/div>\n\n\n<p>Segundo a <em>Gazeta do Povo<\/em>, o tamanho reduzido da popula\u00e7\u00e3o costuma estar associado a <strong>menores \u00edndices de criminalidade<\/strong>, melhor gest\u00e3o p\u00fablica e maior efici\u00eancia na oferta de servi\u00e7os b\u00e1sicos. Em comum, as dez primeiras colocadas apresentaram boas notas em <strong>educa\u00e7\u00e3o, infraestrutura e sa\u00fade fiscal<\/strong>, embora tenham <strong>op\u00e7\u00f5es limitadas de lazer<\/strong>. Nenhuma delas, por exemplo, conta com salas de cinema.<\/p>\n\n\n\n<h2 class=\"wp-block-heading\"><strong>As 10 melhores cidades para morar no Brasil em 2025<\/strong><\/h2>\n\n\n\n<ol class=\"wp-block-list\">\n<li><strong>Jate\u00ed (MS)<\/strong> \u2013 8,72<\/li>\n\n\n\n<li><strong>Montauri (RS)<\/strong> \u2013 8,53<\/li>\n\n\n\n<li><strong>Para\u00ed (RS)<\/strong> \u2013 8,45<\/li>\n\n\n\n<li><strong>Nova Br\u00e9scia (RS)<\/strong> \u2013 8,24<\/li>\n\n\n\n<li><strong>Coqueiro Baixo (RS)<\/strong> \u2013 8,24<\/li>\n\n\n\n<li><strong>S\u00e3o Bento do Sapuca\u00ed (SP)<\/strong> \u2013 8,21<\/li>\n\n\n\n<li><strong>Cruz\u00e1lia (SP)<\/strong> \u2013 8,21<\/li>\n\n\n\n<li><strong>Santa Salete (SP)<\/strong> \u2013 8,19<\/li>\n\n\n\n<li><strong>Barra Funda (RS)<\/strong> \u2013 8,18<\/li>\n\n\n\n<li><strong>Guabiju (RS)<\/strong> \u2013 8,18<\/li>\n<\/ol>\n","protected":false},"excerpt":{"rendered":"<p>Com pouco mais de 3,5 mil habitantes, o munic\u00edpio de Jate\u00ed, no interior de Mato Grosso do Sul, foi eleito a melhor cidade para se viver no Brasil em 2025, segundo ranking divulgado pelo jornal Gazeta do Povo. O levantamento analisou os 5.570 munic\u00edpios brasileiros e apontou a pequena cidade sul-mato-grossense como l\u00edder nacional em [&hellip;]<\/p>\n","protected":false},"author":9,"featured_media":30704,"comment_status":"closed","ping_status":"closed","sticky":false,"template":"","format":"standard","meta":{"jnews-multi-image_gallery":[],"jnews_single_post":{"format":"standard"},"jnews_primary_category":[],"jnews_social_meta":[],"jnews_override_counter":[],"jnews_post_split":[],"footnotes":""},"categories":[1],"tags":[],"class_list":["post-30700","post","type-post","status-publish","format-standard","has-post-thumbnail","hentry","category-geral"],"_referencia":"","_links":{"self":[{"href":"https:\/\/diariodocomercio.com.br\/mix\/wp-json\/wp\/v2\/posts\/30700","targetHints":{"allow":["GET"]}}],"collection":[{"href":"https:\/\/diariodocomercio.com.br\/mix\/wp-json\/wp\/v2\/posts"}],"about":[{"href":"https:\/\/diariodocomercio.com.br\/mix\/wp-json\/wp\/v2\/types\/post"}],"author":[{"embeddable":true,"href":"https:\/\/diariodocomercio.com.br\/mix\/wp-json\/wp\/v2\/users\/9"}],"replies":[{"embeddable":true,"href":"https:\/\/diariodocomercio.com.br\/mix\/wp-json\/wp\/v2\/comments?post=30700"}],"version-history":[{"count":1,"href":"https:\/\/diariodocomercio.com.br\/mix\/wp-json\/wp\/v2\/posts\/30700\/revisions"}],"predecessor-version":[{"id":30705,"href":"https:\/\/diariodocomercio.com.br\/mix\/wp-json\/wp\/v2\/posts\/30700\/revisions\/30705"}],"wp:featuredmedia":[{"embeddable":true,"href":"https:\/\/diariodocomercio.com.br\/mix\/wp-json\/wp\/v2\/media\/30704"}],"wp:attachment":[{"href":"https:\/\/diariodocomercio.com.br\/mix\/wp-json\/wp\/v2\/media?parent=30700"}],"wp:term":[{"taxonomy":"category","embeddable":true,"href":"https:\/\/diariodocomercio.com.br\/mix\/wp-json\/wp\/v2\/categories?post=30700"},{"taxonomy":"post_tag","embeddable":true,"href":"https:\/\/diariodocomercio.com.br\/mix\/wp-json\/wp\/v2\/tags?post=30700"}],"curies":[{"name":"wp","href":"https:\/\/api.w.org\/{rel}","templated":true}]}}