{"id":30736,"date":"2026-01-04T16:43:00","date_gmt":"2026-01-04T19:43:00","guid":{"rendered":"https:\/\/diariodocomercio.com.br\/mix\/?p=30736"},"modified":"2026-01-02T18:09:04","modified_gmt":"2026-01-02T21:09:04","slug":"bolsa-familia-deve-subir-para-r-700-a-partir-de-janeiro","status":"publish","type":"post","link":"https:\/\/diariodocomercio.com.br\/mix\/bolsa-familia-deve-subir-para-r-700-a-partir-de-janeiro\/","title":{"rendered":"Bolsa Fam\u00edlia deve subir para R$ 700 a partir de janeiro"},"content":{"rendered":"\n<p>O Bolsa Fam\u00edlia pode ter um aumento no valor m\u00e9dio pago \u00e0s fam\u00edlias a partir de janeiro de 2026, chegando pr\u00f3ximo de R$ 700. A mudan\u00e7a, no entanto, n\u00e3o altera o valor base do programa, que continua sendo de R$ 600. O poss\u00edvel reajuste decorre da previs\u00e3o or\u00e7ament\u00e1ria enviada pelo governo federal ao Congresso Nacional, que reservou recursos acima do necess\u00e1rio para manter o atual n\u00famero de benefici\u00e1rios.<\/p>\n\n\n\n<p>O Or\u00e7amento de 2026 prev\u00ea <strong>R$ 158,6 bilh\u00f5es<\/strong> para o Bolsa Fam\u00edlia. Em outubro de 2025, o programa atendeu <strong>18,9 milh\u00f5es de fam\u00edlias<\/strong>, com custo anual estimado em <strong>R$ 154,6 bilh\u00f5es<\/strong>, caso o ritmo atual de pagamentos seja mantido.<\/p>\n\n\n\n<p>Essa diferen\u00e7a de aproximadamente <strong>R$ 4 bilh\u00f5es<\/strong> abre espa\u00e7o para um ajuste no valor m\u00e9dio dos repasses. Pelos c\u00e1lculos, seria poss\u00edvel elevar o benef\u00edcio m\u00e9dio em at\u00e9 <strong>R$ 17,59 por m\u00eas<\/strong>, fazendo o valor sair dos atuais <strong>R$ 683,42 para R$ 701,01<\/strong>, j\u00e1 no in\u00edcio de 2026.<\/p>\n\n\n\n<p>Ou seja, o que pode subir \u00e9 <strong>a m\u00e9dia dos dep\u00f3sitos mensais<\/strong>, impulsionada pelos benef\u00edcios adicionais pagos a fam\u00edlias com crian\u00e7as, adolescentes, gestantes e nutrizes \u2014 e n\u00e3o o piso fixo do programa.<\/p>\n\n\n\n<h2 class=\"wp-block-heading\"><strong>Valor m\u00ednimo segue em R$ 600<\/strong><\/h2>\n\n\n\n<p>Apesar da possibilidade de aumento no valor m\u00e9dio, <strong>o valor base do Bolsa Fam\u00edlia permanece em R$ 600<\/strong>, sem reajuste desde o relan\u00e7amento do programa, em mar\u00e7o de 2023.<\/p>\n\n\n\n<p>Pelas regras atuais, o benef\u00edcio \u00e9 composto por:<\/p>\n\n\n\n<ul class=\"wp-block-list\">\n<li><strong>R$ 600 fixos por fam\u00edlia<\/strong>;<\/li>\n\n\n\n<li><strong>R$ 150 adicionais<\/strong> por crian\u00e7a de at\u00e9 seis anos;<\/li>\n\n\n\n<li><strong>R$ 50 extras<\/strong> para crian\u00e7as e adolescentes de 7 a 18 anos, gestantes e nutrizes;<\/li>\n\n\n\n<li>Garantia de <strong>R$ 142 por pessoa<\/strong> na composi\u00e7\u00e3o familiar, com possibilidade de acumula\u00e7\u00e3o com o Seguro Defeso.<\/li>\n<\/ul>\n\n\n\n<p>Em dezembro, o valor m\u00e9dio pago por domic\u00edlio foi de <strong>R$ 691,37<\/strong>, reflexo da composi\u00e7\u00e3o familiar dos benefici\u00e1rios.<\/p>\n\n\n\n<p>Desde o in\u00edcio do governo Lula, <strong>2,7 milh\u00f5es de pessoas deixaram o Bolsa Fam\u00edlia<\/strong>, sendo <strong>1,9 milh\u00e3o apenas em 2025<\/strong>. A queda \u00e9 atribu\u00edda ao pente-fino promovido pelo Minist\u00e9rio do Desenvolvimento Social, com atualiza\u00e7\u00e3o do Cadastro \u00danico para excluir irregularidades.<\/p>\n\n\n\n<p>Essa redu\u00e7\u00e3o no n\u00famero de benefici\u00e1rios tamb\u00e9m contribui para a possibilidade de eleva\u00e7\u00e3o do valor m\u00e9dio pago, sem necessidade de aumento expressivo no or\u00e7amento total do programa.<\/p>\n\n\n\n<h2 class=\"wp-block-heading\"><strong>Governo nega reajuste oficial<\/strong><\/h2>\n\n\n\n<p>Apesar das proje\u00e7\u00f5es, o <strong>Minist\u00e9rio do Desenvolvimento e Assist\u00eancia Social, Fam\u00edlia e Combate \u00e0 Fome (MDS)<\/strong> afirmou que, at\u00e9 o momento, <strong>n\u00e3o h\u00e1 previs\u00e3o oficial de reajuste<\/strong> no Bolsa Fam\u00edlia em 2026.<\/p>\n\n\n\n<p>O programa, diferentemente de benef\u00edcios previdenci\u00e1rios, <strong>n\u00e3o possui regra autom\u00e1tica de corre\u00e7\u00e3o por infla\u00e7\u00e3o ou sal\u00e1rio m\u00ednimo<\/strong>, o que torna eventuais aumentos dependentes de decis\u00e3o pol\u00edtica e disponibilidade or\u00e7ament\u00e1ria.<\/p>\n","protected":false},"excerpt":{"rendered":"<p>O Bolsa Fam\u00edlia pode ter um aumento no valor m\u00e9dio pago \u00e0s fam\u00edlias a partir de janeiro de 2026, chegando pr\u00f3ximo de R$ 700. A mudan\u00e7a, no entanto, n\u00e3o altera o valor base do programa, que continua sendo de R$ 600. O poss\u00edvel reajuste decorre da previs\u00e3o or\u00e7ament\u00e1ria enviada pelo governo federal ao Congresso Nacional, [&hellip;]<\/p>\n","protected":false},"author":9,"featured_media":9091,"comment_status":"closed","ping_status":"closed","sticky":false,"template":"","format":"standard","meta":{"jnews-multi-image_gallery":[],"jnews_single_post":{"format":"standard"},"jnews_primary_category":[],"jnews_social_meta":[],"jnews_override_counter":[],"jnews_post_split":[],"footnotes":""},"categories":[1],"tags":[],"class_list":["post-30736","post","type-post","status-publish","format-standard","has-post-thumbnail","hentry","category-geral"],"_referencia":"","_links":{"self":[{"href":"https:\/\/diariodocomercio.com.br\/mix\/wp-json\/wp\/v2\/posts\/30736","targetHints":{"allow":["GET"]}}],"collection":[{"href":"https:\/\/diariodocomercio.com.br\/mix\/wp-json\/wp\/v2\/posts"}],"about":[{"href":"https:\/\/diariodocomercio.com.br\/mix\/wp-json\/wp\/v2\/types\/post"}],"author":[{"embeddable":true,"href":"https:\/\/diariodocomercio.com.br\/mix\/wp-json\/wp\/v2\/users\/9"}],"replies":[{"embeddable":true,"href":"https:\/\/diariodocomercio.com.br\/mix\/wp-json\/wp\/v2\/comments?post=30736"}],"version-history":[{"count":1,"href":"https:\/\/diariodocomercio.com.br\/mix\/wp-json\/wp\/v2\/posts\/30736\/revisions"}],"predecessor-version":[{"id":30737,"href":"https:\/\/diariodocomercio.com.br\/mix\/wp-json\/wp\/v2\/posts\/30736\/revisions\/30737"}],"wp:featuredmedia":[{"embeddable":true,"href":"https:\/\/diariodocomercio.com.br\/mix\/wp-json\/wp\/v2\/media\/9091"}],"wp:attachment":[{"href":"https:\/\/diariodocomercio.com.br\/mix\/wp-json\/wp\/v2\/media?parent=30736"}],"wp:term":[{"taxonomy":"category","embeddable":true,"href":"https:\/\/diariodocomercio.com.br\/mix\/wp-json\/wp\/v2\/categories?post=30736"},{"taxonomy":"post_tag","embeddable":true,"href":"https:\/\/diariodocomercio.com.br\/mix\/wp-json\/wp\/v2\/tags?post=30736"}],"curies":[{"name":"wp","href":"https:\/\/api.w.org\/{rel}","templated":true}]}}