{"id":31529,"date":"2026-01-09T15:39:55","date_gmt":"2026-01-09T18:39:55","guid":{"rendered":"https:\/\/diariodocomercio.com.br\/mix\/?p=31529"},"modified":"2026-01-09T15:39:59","modified_gmt":"2026-01-09T18:39:59","slug":"trem-ultratecnologico-sera-instalado-em-sao-paulo-e-trajeto-de-20-minutos-vai-levar-apenas-6","status":"publish","type":"post","link":"https:\/\/diariodocomercio.com.br\/mix\/trem-ultratecnologico-sera-instalado-em-sao-paulo-e-trajeto-de-20-minutos-vai-levar-apenas-6\/","title":{"rendered":"Trem ultratecnol\u00f3gico ser\u00e1 instalado em S\u00e3o Paulo e trajeto de 20 minutos vai levar apenas 6"},"content":{"rendered":"\n<p>O deslocamento entre os terminais do Aeroporto Internacional de S\u00e3o Paulo, em Guarulhos, e a rede ferrovi\u00e1ria da capital deve ganhar mais rapidez e conforto a partir de 2026. O novo\u00a0<strong>Aerom\u00f3vel People Mover<\/strong>, sistema de transporte automatizado que substituir\u00e1 os \u00f4nibus gratuitos, promete reduzir o trajeto de at\u00e9 20 minutos para apenas seis, conectando os terminais 1, 2 e 3 \u00e0 esta\u00e7\u00e3o Aeroporto-Guarulhos da Linha 13-Jade da CPTM.<\/p>\n\n\n\n<p>utiliza uma tecnologia nacional baseada em&nbsp;<strong>propuls\u00e3o pneum\u00e1tica<\/strong>, na qual os vag\u00f5es se movem pelo empuxo do ar pressurizado em dutos sob os trilhos, sem motores a combust\u00e3o. O sistema \u00e9 considerado silencioso, sustent\u00e1vel e com baixa emiss\u00e3o de carbono.<\/p>\n\n\n\n<p>O trem \u00e9 semelhante a um metr\u00f4 leve, composto por dois vag\u00f5es, com capacidade para at\u00e9&nbsp;<strong>200 passageiros por composi\u00e7\u00e3o<\/strong>. Totalmente automatizado, contar\u00e1 com ar-condicionado, Wi-Fi e controle remoto, percorrendo um trajeto elevado de&nbsp;<strong>2,7 quil\u00f4metros<\/strong>, com quatro esta\u00e7\u00f5es.<\/p>\n\n\n\n<h2 class=\"wp-block-heading\"><strong>Testes, atrasos e libera\u00e7\u00e3o ao p\u00fablico<\/strong><\/h2>\n\n\n\n<p>A obra, iniciada em janeiro de 2022, enfrentou sucessivos atrasos. A previs\u00e3o inicial era de inaugura\u00e7\u00e3o em 2024, depois adiada para agosto de 2025 e, por fim, para o in\u00edcio de 2026. Desde dezembro do ano passado, o sistema opera de forma assistida e restrita a funcion\u00e1rios do aeroporto.<\/p>\n\n\n\n<figure class=\"wp-block-image size-full\"><img decoding=\"async\" width=\"888\" height=\"592\" src=\"https:\/\/diariodocomercio.com.br\/mix\/wp-content\/uploads\/2026\/01\/image-92.png\" alt=\"\" class=\"wp-image-31530\" srcset=\"https:\/\/diariodocomercio.com.br\/mix\/wp-content\/uploads\/2026\/01\/image-92.png 888w, https:\/\/diariodocomercio.com.br\/mix\/wp-content\/uploads\/2026\/01\/image-92-300x200.png 300w, https:\/\/diariodocomercio.com.br\/mix\/wp-content\/uploads\/2026\/01\/image-92-768x512.png 768w, https:\/\/diariodocomercio.com.br\/mix\/wp-content\/uploads\/2026\/01\/image-92-150x100.png 150w, https:\/\/diariodocomercio.com.br\/mix\/wp-content\/uploads\/2026\/01\/image-92-750x500.png 750w\" sizes=\"(max-width: 888px) 100vw, 888px\" \/><figcaption class=\"wp-element-caption\">(Reprodu\u00e7\u00e3o\/AeroGRU)<\/figcaption><\/figure>\n\n\n\n<p>Segundo o cons\u00f3rcio&nbsp;<strong>AeroGRU<\/strong>, respons\u00e1vel pela constru\u00e7\u00e3o e futura opera\u00e7\u00e3o, a libera\u00e7\u00e3o para o p\u00fablico depende da conclus\u00e3o das certifica\u00e7\u00f5es de seguran\u00e7a. Em visita t\u00e9cnica realizada em dezembro, o Minist\u00e9rio P\u00fablico Federal (MPF) vistoriou o andamento das obras.<\/p>\n\n\n\n<p>\u201cFoi muito importante acompanhar o andamento dos trabalhos do People Mover, que beneficiar\u00e1 milhares de pessoas. \u00c9 uma obra de grande relev\u00e2ncia e que est\u00e1 sendo acompanhada de perto pelo MPF\u201d, afirmou&nbsp;<strong>Guilherme Rocha G\u00f6pfert<\/strong>, procurador da Rep\u00fablica.<\/p>\n\n\n\n<h2 class=\"wp-block-heading\"><strong>Integra\u00e7\u00e3o com a CPTM e impacto na mobilidade<\/strong><\/h2>\n\n\n\n<p>Quando estiver operando com dois trens simultaneamente, o sistema ter\u00e1 capacidade para transportar&nbsp;<strong>at\u00e9 2 mil passageiros por hora em cada dire\u00e7\u00e3o<\/strong>, com tempo total de viagem e espera estimado em seis minutos. Atualmente, apenas um trem circula, o que eleva os intervalos.<\/p>\n\n\n\n<p>O Aerom\u00f3vel permitir\u00e1 integra\u00e7\u00e3o direta com a&nbsp;<strong>Linha 13-Jade da CPTM<\/strong>, facilitando o acesso \u00e0s linhas 12-Safira e ao Metr\u00f4 de S\u00e3o Paulo. Tamb\u00e9m haver\u00e1 conex\u00e3o com o&nbsp;<strong>Expresso Aeroporto<\/strong>, que liga a esta\u00e7\u00e3o Palmeiras-Barra Funda ao aeroporto, com paradas na Luz e em Guarulhos-Cecap.<\/p>\n","protected":false},"excerpt":{"rendered":"<p>O deslocamento entre os terminais do Aeroporto Internacional de S\u00e3o Paulo, em Guarulhos, e a rede ferrovi\u00e1ria da capital deve ganhar mais rapidez e conforto a partir de 2026. O novo\u00a0Aerom\u00f3vel People Mover, sistema de transporte automatizado que substituir\u00e1 os \u00f4nibus gratuitos, promete reduzir o trajeto de at\u00e9 20 minutos para apenas seis, conectando os [&hellip;]<\/p>\n","protected":false},"author":9,"featured_media":31531,"comment_status":"closed","ping_status":"closed","sticky":false,"template":"","format":"standard","meta":{"jnews-multi-image_gallery":[],"jnews_single_post":{"format":"standard"},"jnews_primary_category":[],"jnews_social_meta":[],"jnews_override_counter":[],"jnews_post_split":[],"footnotes":""},"categories":[1],"tags":[],"class_list":["post-31529","post","type-post","status-publish","format-standard","has-post-thumbnail","hentry","category-geral"],"_referencia":"","_links":{"self":[{"href":"https:\/\/diariodocomercio.com.br\/mix\/wp-json\/wp\/v2\/posts\/31529","targetHints":{"allow":["GET"]}}],"collection":[{"href":"https:\/\/diariodocomercio.com.br\/mix\/wp-json\/wp\/v2\/posts"}],"about":[{"href":"https:\/\/diariodocomercio.com.br\/mix\/wp-json\/wp\/v2\/types\/post"}],"author":[{"embeddable":true,"href":"https:\/\/diariodocomercio.com.br\/mix\/wp-json\/wp\/v2\/users\/9"}],"replies":[{"embeddable":true,"href":"https:\/\/diariodocomercio.com.br\/mix\/wp-json\/wp\/v2\/comments?post=31529"}],"version-history":[{"count":1,"href":"https:\/\/diariodocomercio.com.br\/mix\/wp-json\/wp\/v2\/posts\/31529\/revisions"}],"predecessor-version":[{"id":31532,"href":"https:\/\/diariodocomercio.com.br\/mix\/wp-json\/wp\/v2\/posts\/31529\/revisions\/31532"}],"wp:featuredmedia":[{"embeddable":true,"href":"https:\/\/diariodocomercio.com.br\/mix\/wp-json\/wp\/v2\/media\/31531"}],"wp:attachment":[{"href":"https:\/\/diariodocomercio.com.br\/mix\/wp-json\/wp\/v2\/media?parent=31529"}],"wp:term":[{"taxonomy":"category","embeddable":true,"href":"https:\/\/diariodocomercio.com.br\/mix\/wp-json\/wp\/v2\/categories?post=31529"},{"taxonomy":"post_tag","embeddable":true,"href":"https:\/\/diariodocomercio.com.br\/mix\/wp-json\/wp\/v2\/tags?post=31529"}],"curies":[{"name":"wp","href":"https:\/\/api.w.org\/{rel}","templated":true}]}}