{"id":31539,"date":"2026-01-09T15:59:27","date_gmt":"2026-01-09T18:59:27","guid":{"rendered":"https:\/\/diariodocomercio.com.br\/mix\/?p=31539"},"modified":"2026-01-09T15:59:30","modified_gmt":"2026-01-09T18:59:30","slug":"propriedade-que-pertencia-a-pablo-escobar-e-era-protegida-por-120-homens-acaba-de-ser-vendida","status":"publish","type":"post","link":"https:\/\/diariodocomercio.com.br\/mix\/propriedade-que-pertencia-a-pablo-escobar-e-era-protegida-por-120-homens-acaba-de-ser-vendida\/","title":{"rendered":"Propriedade que pertencia a Pablo Escobar e era protegida por 120 homens acaba de ser vendida"},"content":{"rendered":"\n<p>Uma das propriedades mais emblem\u00e1ticas ligadas \u00e0 hist\u00f3ria do narcotr\u00e1fico na Am\u00e9rica Latina acaba de mudar de dono. A mans\u00e3o que pertenceu a Pablo Escobar, l\u00edder do Cartel de Medell\u00edn, foi vendida em leil\u00e3o p\u00fablico por aproximadamente R$ 110 milh\u00f5es, apesar de estar abandonada e em ru\u00ednas desde os anos 1990.<\/p>\n\n\n\n<p>Localizada na cidade tur\u00edstica de Guatap\u00e9, a leste de Medell\u00edn, a propriedade foi constru\u00edda no fim da d\u00e9cada de 1980 e batizada de&nbsp;<strong>La Manuela<\/strong>, em homenagem \u00e0 filha do narcotraficante. O im\u00f3vel fica \u00e0s margens de um lago artificial e chegou a ser protegido por um esquema de seguran\u00e7a formado por cerca de&nbsp;<strong>120 homens armados<\/strong>, reflexo do poder e da paranoia de Escobar no auge de sua influ\u00eancia.<\/p>\n\n\n\n<p>As paredes duplas da mans\u00e3o teriam sido projetadas para esconder grandes quantidades de dinheiro e coca\u00edna. Escobar liderava uma organiza\u00e7\u00e3o respons\u00e1vel por contrabandear mais de\u00a0<strong>80% da coca\u00edna consumida nos Estados Unidos<\/strong>\u00a0e, no auge, chegou a ser apontado como o\u00a0<strong>s\u00e9timo homem mais rico do mundo<\/strong>, com ganhos estimados em cerca de\u00a0<strong>US$ 500 milh\u00f5es por semana<\/strong>. Estima-se que aproximadamente\u00a0<strong>5 mil assassinatos<\/strong>\u00a0estejam ligados \u00e0 atua\u00e7\u00e3o do narcotraficante.<\/p>\n\n\n<div class=\"wp-block-image\">\n<figure class=\"aligncenter size-large\"><img decoding=\"async\" width=\"1200\" height=\"800\" src=\"https:\/\/diariodocomercio.com.br\/mix\/wp-content\/uploads\/2026\/01\/sought-erase-traces-escobars-legacy-891404346.jpg-1200x800.webp\" alt=\"mans\u00e3o pablo\" class=\"wp-image-31540\" srcset=\"https:\/\/diariodocomercio.com.br\/mix\/wp-content\/uploads\/2026\/01\/sought-erase-traces-escobars-legacy-891404346.jpg-1200x800.webp 1200w, https:\/\/diariodocomercio.com.br\/mix\/wp-content\/uploads\/2026\/01\/sought-erase-traces-escobars-legacy-891404346.jpg-300x200.webp 300w, https:\/\/diariodocomercio.com.br\/mix\/wp-content\/uploads\/2026\/01\/sought-erase-traces-escobars-legacy-891404346.jpg-768x512.webp 768w, https:\/\/diariodocomercio.com.br\/mix\/wp-content\/uploads\/2026\/01\/sought-erase-traces-escobars-legacy-891404346.jpg-1536x1024.webp 1536w, https:\/\/diariodocomercio.com.br\/mix\/wp-content\/uploads\/2026\/01\/sought-erase-traces-escobars-legacy-891404346.jpg-150x100.webp 150w, https:\/\/diariodocomercio.com.br\/mix\/wp-content\/uploads\/2026\/01\/sought-erase-traces-escobars-legacy-891404346.jpg-750x500.webp 750w, https:\/\/diariodocomercio.com.br\/mix\/wp-content\/uploads\/2026\/01\/sought-erase-traces-escobars-legacy-891404346.jpg-1140x760.webp 1140w, https:\/\/diariodocomercio.com.br\/mix\/wp-content\/uploads\/2026\/01\/sought-erase-traces-escobars-legacy-891404346.jpg.webp 2048w\" sizes=\"(max-width: 1200px) 100vw, 1200px\" \/><figcaption class=\"wp-element-caption\">(Reprodu\u00e7\u00e3o\/Getty Images)<\/figcaption><\/figure>\n<\/div>\n\n\n<h2 class=\"wp-block-heading\"><strong>Explos\u00f5es e abandono marcaram o fim do im\u00f3vel<\/strong><\/h2>\n\n\n\n<p>Em 1993, pouco antes da morte de Escobar, a mans\u00e3o foi parcialmente destru\u00edda por explosivos. O ataque foi atribu\u00eddo ao grupo&nbsp;<strong>Los Pepes<\/strong>, formado por ex-aliados do traficante e financiado pelo rival Cartel de Cali. Cerca de&nbsp;<strong>200 quilos de TNT<\/strong>foram detonados na propriedade, que desde ent\u00e3o permaneceu abandonada.<\/p>\n\n\n\n<figure class=\"wp-block-image size-large\"><img decoding=\"async\" width=\"1200\" height=\"800\" src=\"https:\/\/diariodocomercio.com.br\/mix\/wp-content\/uploads\/2026\/01\/view-la-manuela-former-vacation-482500855.jpg-1200x800.webp\" alt=\"\" class=\"wp-image-31541\" srcset=\"https:\/\/diariodocomercio.com.br\/mix\/wp-content\/uploads\/2026\/01\/view-la-manuela-former-vacation-482500855.jpg-1200x800.webp 1200w, https:\/\/diariodocomercio.com.br\/mix\/wp-content\/uploads\/2026\/01\/view-la-manuela-former-vacation-482500855.jpg-300x200.webp 300w, https:\/\/diariodocomercio.com.br\/mix\/wp-content\/uploads\/2026\/01\/view-la-manuela-former-vacation-482500855.jpg-768x512.webp 768w, https:\/\/diariodocomercio.com.br\/mix\/wp-content\/uploads\/2026\/01\/view-la-manuela-former-vacation-482500855.jpg-1536x1024.webp 1536w, https:\/\/diariodocomercio.com.br\/mix\/wp-content\/uploads\/2026\/01\/view-la-manuela-former-vacation-482500855.jpg-150x100.webp 150w, https:\/\/diariodocomercio.com.br\/mix\/wp-content\/uploads\/2026\/01\/view-la-manuela-former-vacation-482500855.jpg-750x500.webp 750w, https:\/\/diariodocomercio.com.br\/mix\/wp-content\/uploads\/2026\/01\/view-la-manuela-former-vacation-482500855.jpg-1140x760.webp 1140w, https:\/\/diariodocomercio.com.br\/mix\/wp-content\/uploads\/2026\/01\/view-la-manuela-former-vacation-482500855.jpg.webp 2048w\" sizes=\"(max-width: 1200px) 100vw, 1200px\" \/><figcaption class=\"wp-element-caption\">(Reprodu\u00e7\u00e3o\/Getty Images)<\/figcaption><\/figure>\n\n\n\n<p>Mesmo em ru\u00ednas, o local seguiu atraindo milh\u00f5es de turistas curiosos ao longo das d\u00e9cadas. Algumas estruturas resistiram \u00e0 destrui\u00e7\u00e3o, como um campo de futebol que tamb\u00e9m funcionava como heliponto, a casa do mordomo e um pr\u00e9dio usado como bar e restaurante. A piscina, por\u00e9m, tornou-se inutiliz\u00e1vel devido \u00e0 deteriora\u00e7\u00e3o e contamina\u00e7\u00e3o da \u00e1gua.<\/p>\n\n\n\n<h2 class=\"wp-block-heading\"><strong>Venda \u00e9 celebrada como vit\u00f3ria do Estado<\/strong><\/h2>\n\n\n\n<p>A venda foi confirmada pela&nbsp;<strong>Sociedad de Activos Especiales (SAE)<\/strong>, ag\u00eancia do governo colombiano respons\u00e1vel pela administra\u00e7\u00e3o de bens apreendidos do crime organizado. O im\u00f3vel foi arrematado ap\u00f3s leil\u00e3o p\u00fablico, cujo valor inicial era de pouco mais de 11 milh\u00f5es de libras.<\/p>\n\n\n\n<p>Ap\u00f3s a morte de Escobar, o terreno foi cuidado por cerca de 30 anos pelo jardineiro&nbsp;<strong>William Duque<\/strong>, que acabou deixando o local em 2019. Desde ent\u00e3o, a mans\u00e3o foi sendo tomada pela vegeta\u00e7\u00e3o e perdeu ainda mais de sua estrutura original.<\/p>\n","protected":false},"excerpt":{"rendered":"<p>Uma das propriedades mais emblem\u00e1ticas ligadas \u00e0 hist\u00f3ria do narcotr\u00e1fico na Am\u00e9rica Latina acaba de mudar de dono. A mans\u00e3o que pertenceu a Pablo Escobar, l\u00edder do Cartel de Medell\u00edn, foi vendida em leil\u00e3o p\u00fablico por aproximadamente R$ 110 milh\u00f5es, apesar de estar abandonada e em ru\u00ednas desde os anos 1990. Localizada na cidade tur\u00edstica [&hellip;]<\/p>\n","protected":false},"author":9,"featured_media":31542,"comment_status":"closed","ping_status":"closed","sticky":false,"template":"","format":"standard","meta":{"jnews-multi-image_gallery":[],"jnews_single_post":{"format":"standard"},"jnews_primary_category":[],"jnews_social_meta":[],"jnews_override_counter":[],"jnews_post_split":[],"footnotes":""},"categories":[1],"tags":[],"class_list":["post-31539","post","type-post","status-publish","format-standard","has-post-thumbnail","hentry","category-geral"],"_referencia":"","_links":{"self":[{"href":"https:\/\/diariodocomercio.com.br\/mix\/wp-json\/wp\/v2\/posts\/31539","targetHints":{"allow":["GET"]}}],"collection":[{"href":"https:\/\/diariodocomercio.com.br\/mix\/wp-json\/wp\/v2\/posts"}],"about":[{"href":"https:\/\/diariodocomercio.com.br\/mix\/wp-json\/wp\/v2\/types\/post"}],"author":[{"embeddable":true,"href":"https:\/\/diariodocomercio.com.br\/mix\/wp-json\/wp\/v2\/users\/9"}],"replies":[{"embeddable":true,"href":"https:\/\/diariodocomercio.com.br\/mix\/wp-json\/wp\/v2\/comments?post=31539"}],"version-history":[{"count":1,"href":"https:\/\/diariodocomercio.com.br\/mix\/wp-json\/wp\/v2\/posts\/31539\/revisions"}],"predecessor-version":[{"id":31543,"href":"https:\/\/diariodocomercio.com.br\/mix\/wp-json\/wp\/v2\/posts\/31539\/revisions\/31543"}],"wp:featuredmedia":[{"embeddable":true,"href":"https:\/\/diariodocomercio.com.br\/mix\/wp-json\/wp\/v2\/media\/31542"}],"wp:attachment":[{"href":"https:\/\/diariodocomercio.com.br\/mix\/wp-json\/wp\/v2\/media?parent=31539"}],"wp:term":[{"taxonomy":"category","embeddable":true,"href":"https:\/\/diariodocomercio.com.br\/mix\/wp-json\/wp\/v2\/categories?post=31539"},{"taxonomy":"post_tag","embeddable":true,"href":"https:\/\/diariodocomercio.com.br\/mix\/wp-json\/wp\/v2\/tags?post=31539"}],"curies":[{"name":"wp","href":"https:\/\/api.w.org\/{rel}","templated":true}]}}