{"id":31544,"date":"2026-01-09T16:09:23","date_gmt":"2026-01-09T19:09:23","guid":{"rendered":"https:\/\/diariodocomercio.com.br\/mix\/?p=31544"},"modified":"2026-01-09T16:09:25","modified_gmt":"2026-01-09T19:09:25","slug":"o-que-significa-abracar-a-parceira-antes-de-dormir-segundo-a-psicologia","status":"publish","type":"post","link":"https:\/\/diariodocomercio.com.br\/mix\/o-que-significa-abracar-a-parceira-antes-de-dormir-segundo-a-psicologia\/","title":{"rendered":"O que significa abra\u00e7ar a parceira antes de dormir, segundo a psicologia"},"content":{"rendered":"\n<p>Um gesto simples, muitas vezes autom\u00e1tico, pode ter efeitos profundos sobre a sa\u00fade emocional e a rela\u00e7\u00e3o a dois. Abra\u00e7ar a parceira antes de dormir, segundo pesquisas recentes da psicologia, est\u00e1 associado \u00e0 redu\u00e7\u00e3o do estresse, ao fortalecimento do v\u00ednculo afetivo e a uma maior sensa\u00e7\u00e3o de seguran\u00e7a emocional, funcionando como um regulador natural do bem-estar.<\/p>\n\n\n\n<p>Uma revis\u00e3o cient\u00edfica publicada em 2024 por&nbsp;<strong>Xie &amp; Feeney<\/strong>, na revista&nbsp;<em>Current Opinion in Psychology<\/em>, destaca que gestos de carinho \u2014 como abra\u00e7os, car\u00edcias e beijos antes de deitar \u2014 desempenham papel importante na regula\u00e7\u00e3o emocional. Segundo os pesquisadores, o chamado&nbsp;<em>toque afetivo<\/em>&nbsp;ajuda o corpo a sair do estado de alerta, reduz n\u00edveis de estresse e favorece o relaxamento f\u00edsico e mental.<\/p>\n\n\n\n<p>Al\u00e9m disso, o contato f\u00edsico contribui para a libera\u00e7\u00e3o de horm\u00f4nios ligados ao bem-estar, como a oxitocina, fortalecendo la\u00e7os emocionais e criando um ambiente mais seguro e acolhedor para o casal.<\/p>\n\n\n\n<h2 class=\"wp-block-heading\"><strong>Abra\u00e7os noturnos e sensa\u00e7\u00e3o de seguran\u00e7a<\/strong><\/h2>\n\n\n\n<p>Outro estudo, publicado em 2025 no\u00a0<em><a href=\"https:\/\/doi.org\/10.1177\/02654075251315478\" target=\"_blank\" rel=\"noopener\">Journal of Social and Personal Relationships<\/a><\/em>\u00a0por\u00a0<strong>Josh Novak<\/strong>\u00a0e\u00a0<strong>Kaleigh Miller<\/strong>, analisou o comportamento de 143 casais que dormem juntos. A pesquisa observou que posi\u00e7\u00f5es mais pr\u00f3ximas no in\u00edcio do sono \u2014 como conchinha, dormir entrela\u00e7ados ou frente a frente \u2014 estavam associadas a n\u00edveis mais baixos de estresse e a sentimentos mais fortes de apego e seguran\u00e7a emocional.<\/p>\n\n\n<div class=\"wp-block-image\">\n<figure class=\"aligncenter size-full\"><img decoding=\"async\" width=\"642\" height=\"363\" src=\"https:\/\/diariodocomercio.com.br\/mix\/wp-content\/uploads\/2026\/01\/image-96.png\" alt=\"\" class=\"wp-image-31545\" srcset=\"https:\/\/diariodocomercio.com.br\/mix\/wp-content\/uploads\/2026\/01\/image-96.png 642w, https:\/\/diariodocomercio.com.br\/mix\/wp-content\/uploads\/2026\/01\/image-96-300x170.png 300w, https:\/\/diariodocomercio.com.br\/mix\/wp-content\/uploads\/2026\/01\/image-96-640x363.png 640w, https:\/\/diariodocomercio.com.br\/mix\/wp-content\/uploads\/2026\/01\/image-96-150x85.png 150w\" sizes=\"(max-width: 642px) 100vw, 642px\" \/><figcaption class=\"wp-element-caption\">Esquematiza\u00e7\u00e3o do estudo (Reprodu\u00e7\u00e3o\/Novak &amp; Miller,\u00a0<em>Journal of Social and Personal Relationships<\/em>, 2025)<\/figcaption><\/figure>\n<\/div>\n\n\n<p>\u201cEmbora os dados sejam transversais e mais pesquisas sejam necess\u00e1rias, a proximidade f\u00edsica no in\u00edcio do sono pode ser um caminho promissor para melhorar o bem-estar relacional e fisiol\u00f3gico\u201d, escreveram os pesquisadores no artigo.<\/p>\n\n\n\n<p>Segundo o estudo, a escolha por dormir abra\u00e7ado parece menos ligada \u00e0 prefer\u00eancia individual por posi\u00e7\u00f5es de sono e mais ao desejo de proximidade emocional. \u201cIsso sugere que a necessidade de estar perto do parceiro pode falar mais alto do que o conforto f\u00edsico individual\u201d, explicam os autores.<\/p>\n\n\n\n<h2 class=\"wp-block-heading\"><strong>Benef\u00edcios emocionais v\u00e3o al\u00e9m do sono<\/strong><\/h2>\n\n\n\n<p>Os pesquisadores ressaltam que, embora o carinho antes de dormir esteja fortemente ligado \u00e0 sensa\u00e7\u00e3o de seguran\u00e7a emocional, ele n\u00e3o garante, necessariamente, uma melhora direta na qualidade do sono. Ainda assim, o impacto positivo sobre o v\u00ednculo e a redu\u00e7\u00e3o do estresse j\u00e1 representam ganhos importantes para a sa\u00fade mental.<\/p>\n","protected":false},"excerpt":{"rendered":"<p>Um gesto simples, muitas vezes autom\u00e1tico, pode ter efeitos profundos sobre a sa\u00fade emocional e a rela\u00e7\u00e3o a dois. Abra\u00e7ar a parceira antes de dormir, segundo pesquisas recentes da psicologia, est\u00e1 associado \u00e0 redu\u00e7\u00e3o do estresse, ao fortalecimento do v\u00ednculo afetivo e a uma maior sensa\u00e7\u00e3o de seguran\u00e7a emocional, funcionando como um regulador natural do [&hellip;]<\/p>\n","protected":false},"author":9,"featured_media":31546,"comment_status":"closed","ping_status":"closed","sticky":false,"template":"","format":"standard","meta":{"jnews-multi-image_gallery":[],"jnews_single_post":{"format":"standard"},"jnews_primary_category":[],"jnews_social_meta":[],"jnews_override_counter":[],"jnews_post_split":[],"footnotes":""},"categories":[1],"tags":[],"class_list":["post-31544","post","type-post","status-publish","format-standard","has-post-thumbnail","hentry","category-geral"],"_referencia":"","_links":{"self":[{"href":"https:\/\/diariodocomercio.com.br\/mix\/wp-json\/wp\/v2\/posts\/31544","targetHints":{"allow":["GET"]}}],"collection":[{"href":"https:\/\/diariodocomercio.com.br\/mix\/wp-json\/wp\/v2\/posts"}],"about":[{"href":"https:\/\/diariodocomercio.com.br\/mix\/wp-json\/wp\/v2\/types\/post"}],"author":[{"embeddable":true,"href":"https:\/\/diariodocomercio.com.br\/mix\/wp-json\/wp\/v2\/users\/9"}],"replies":[{"embeddable":true,"href":"https:\/\/diariodocomercio.com.br\/mix\/wp-json\/wp\/v2\/comments?post=31544"}],"version-history":[{"count":1,"href":"https:\/\/diariodocomercio.com.br\/mix\/wp-json\/wp\/v2\/posts\/31544\/revisions"}],"predecessor-version":[{"id":31547,"href":"https:\/\/diariodocomercio.com.br\/mix\/wp-json\/wp\/v2\/posts\/31544\/revisions\/31547"}],"wp:featuredmedia":[{"embeddable":true,"href":"https:\/\/diariodocomercio.com.br\/mix\/wp-json\/wp\/v2\/media\/31546"}],"wp:attachment":[{"href":"https:\/\/diariodocomercio.com.br\/mix\/wp-json\/wp\/v2\/media?parent=31544"}],"wp:term":[{"taxonomy":"category","embeddable":true,"href":"https:\/\/diariodocomercio.com.br\/mix\/wp-json\/wp\/v2\/categories?post=31544"},{"taxonomy":"post_tag","embeddable":true,"href":"https:\/\/diariodocomercio.com.br\/mix\/wp-json\/wp\/v2\/tags?post=31544"}],"curies":[{"name":"wp","href":"https:\/\/api.w.org\/{rel}","templated":true}]}}