{"id":31757,"date":"2026-01-17T19:34:00","date_gmt":"2026-01-17T22:34:00","guid":{"rendered":"https:\/\/diariodocomercio.com.br\/mix\/?p=31757"},"modified":"2026-01-12T20:16:49","modified_gmt":"2026-01-12T23:16:49","slug":"fim-das-residencias-tradicionais-casas-pre-montadas-estao-sendo-vendidas-por-menos-de-r-130-mil","status":"publish","type":"post","link":"https:\/\/diariodocomercio.com.br\/mix\/fim-das-residencias-tradicionais-casas-pre-montadas-estao-sendo-vendidas-por-menos-de-r-130-mil\/","title":{"rendered":"Fim das resid\u00eancias tradicionais? Casas pr\u00e9-montadas est\u00e3o sendo vendidas por menos de R$ 130 mil"},"content":{"rendered":"\n<p>As <strong>casas pr\u00e9-fabricadas de a\u00e7o<\/strong> est\u00e3o ganhando destaque no mercado imobili\u00e1rio brasileiro, oferecendo uma alternativa econ\u00f4mica e pr\u00e1tica para quem quer fugir do aluguel. Dispon\u00edveis em plataformas como Mercado Livre, esses im\u00f3veis s\u00e3o vendidos a partir de <strong>R$ 120 mil.<\/strong><\/p>\n\n\n\n<p>Elas t\u00eam atra\u00eddo consumidores pela promessa de redu\u00e7\u00e3o de custos e rapidez na constru\u00e7\u00e3o, com modelos populares que incluem at\u00e9 tr\u00eas quartos, al\u00e9m de cozinha e sala integradas.<\/p>\n\n\n<div class=\"wp-block-image\">\n<figure class=\"aligncenter size-full is-resized\"><img decoding=\"async\" width=\"775\" height=\"477\" src=\"https:\/\/diariodocomercio.com.br\/mix\/wp-content\/uploads\/2026\/01\/casas-pre-fabricadas-03.jpeg\" alt=\"\" class=\"wp-image-31758\" style=\"aspect-ratio:1.6247640619101549;width:587px;height:auto\" srcset=\"https:\/\/diariodocomercio.com.br\/mix\/wp-content\/uploads\/2026\/01\/casas-pre-fabricadas-03.jpeg 775w, https:\/\/diariodocomercio.com.br\/mix\/wp-content\/uploads\/2026\/01\/casas-pre-fabricadas-03-300x185.jpeg 300w, https:\/\/diariodocomercio.com.br\/mix\/wp-content\/uploads\/2026\/01\/casas-pre-fabricadas-03-768x473.jpeg 768w, https:\/\/diariodocomercio.com.br\/mix\/wp-content\/uploads\/2026\/01\/casas-pre-fabricadas-03-150x92.jpeg 150w, https:\/\/diariodocomercio.com.br\/mix\/wp-content\/uploads\/2026\/01\/casas-pre-fabricadas-03-750x462.jpeg 750w\" sizes=\"(max-width: 775px) 100vw, 775px\" \/><figcaption class=\"wp-element-caption\">Imagem: Saymon Dall Alba Arquiteto<\/figcaption><\/figure>\n<\/div>\n\n\n<p>Constru\u00eddas com a\u00e7o tratado, estas casas oferecem alta durabilidade, resistindo bem \u00e0s condi\u00e7\u00f5es clim\u00e1ticas e \u00e0 corros\u00e3o. O design modular facilita o transporte e a montagem no local, proporcionando efici\u00eancia ao processo de instala\u00e7\u00e3o.<\/p>\n\n\n\n<p>Al\u00e9m disso, os propriet\u00e1rios t\u00eam a op\u00e7\u00e3o de <strong>personalizar o interior conforme suas necessidades,<\/strong> seja para resid\u00eancia permanente, casa de veraneio ou hospedagem tempor\u00e1ria.<\/p>\n\n\n\n<h2 class=\"wp-block-heading\">Funcionalidade&nbsp;<\/h2>\n\n\n\n<p>Medindo aproximadamente <strong>11,7 metros de comprimento por cerca de 6 metros de largura, <\/strong>essas casas s\u00e3o compactas e funcionais. Elas foram projetadas para uma disposi\u00e7\u00e3o eficiente dos c\u00f4modos, possibilitando um ambiente pr\u00e1tico e confort\u00e1vel.<\/p>\n\n\n\n<p>A personaliza\u00e7\u00e3o \u00e9 um ponto forte, permitindo que o layout interno seja ajustado \u00e0s prefer\u00eancias dos moradores.<\/p>\n\n\n\n<p>Essas casas pr\u00e9-fabricadas oferecem n\u00e3o apenas um bom custo-benef\u00edcio, mas tamb\u00e9m flexibilidade de uso. Elas podem ser instaladas rapidamente, reduzindo substancialmente o tempo e os gastos comparados \u00e0 constru\u00e7\u00e3o tradicional, sem perder qualidade e conforto.<\/p>\n\n\n\n<p>Comparadas aos pre\u00e7os elevados dos im\u00f3veis tradicionais no Brasil, as casas pr\u00e9-fabricadas de a\u00e7o s\u00e3o uma <strong>op\u00e7\u00e3o mais acess\u00edvel<\/strong>. No cen\u00e1rio atual de varia\u00e7\u00f5es imobili\u00e1rias, elas surgem como uma alternativa vi\u00e1vel, especialmente por sua resist\u00eancia e op\u00e7\u00f5es de personaliza\u00e7\u00e3o.&nbsp;<\/p>\n\n\n\n<p>Contudo, quest\u00f5es regulat\u00f3rias ainda precisam ser consideradas, como a valida\u00e7\u00e3o de <strong>normas municipais <\/strong>para a instala\u00e7\u00e3o desses im\u00f3veis.\u00a0<\/p>\n","protected":false},"excerpt":{"rendered":"<p>As casas est\u00e3o ganhando destaque no mercado imobili\u00e1rio brasileiro. Confira detalhes.<\/p>\n","protected":false},"author":12,"featured_media":30609,"comment_status":"closed","ping_status":"closed","sticky":false,"template":"","format":"standard","meta":{"jnews-multi-image_gallery":[],"jnews_single_post":{"format":"standard"},"jnews_primary_category":[],"jnews_social_meta":[],"jnews_override_counter":[],"jnews_post_split":[],"footnotes":""},"categories":[1],"tags":[],"class_list":["post-31757","post","type-post","status-publish","format-standard","has-post-thumbnail","hentry","category-geral"],"_referencia":"","_links":{"self":[{"href":"https:\/\/diariodocomercio.com.br\/mix\/wp-json\/wp\/v2\/posts\/31757","targetHints":{"allow":["GET"]}}],"collection":[{"href":"https:\/\/diariodocomercio.com.br\/mix\/wp-json\/wp\/v2\/posts"}],"about":[{"href":"https:\/\/diariodocomercio.com.br\/mix\/wp-json\/wp\/v2\/types\/post"}],"author":[{"embeddable":true,"href":"https:\/\/diariodocomercio.com.br\/mix\/wp-json\/wp\/v2\/users\/12"}],"replies":[{"embeddable":true,"href":"https:\/\/diariodocomercio.com.br\/mix\/wp-json\/wp\/v2\/comments?post=31757"}],"version-history":[{"count":1,"href":"https:\/\/diariodocomercio.com.br\/mix\/wp-json\/wp\/v2\/posts\/31757\/revisions"}],"predecessor-version":[{"id":31759,"href":"https:\/\/diariodocomercio.com.br\/mix\/wp-json\/wp\/v2\/posts\/31757\/revisions\/31759"}],"wp:featuredmedia":[{"embeddable":true,"href":"https:\/\/diariodocomercio.com.br\/mix\/wp-json\/wp\/v2\/media\/30609"}],"wp:attachment":[{"href":"https:\/\/diariodocomercio.com.br\/mix\/wp-json\/wp\/v2\/media?parent=31757"}],"wp:term":[{"taxonomy":"category","embeddable":true,"href":"https:\/\/diariodocomercio.com.br\/mix\/wp-json\/wp\/v2\/categories?post=31757"},{"taxonomy":"post_tag","embeddable":true,"href":"https:\/\/diariodocomercio.com.br\/mix\/wp-json\/wp\/v2\/tags?post=31757"}],"curies":[{"name":"wp","href":"https:\/\/api.w.org\/{rel}","templated":true}]}}