{"id":32065,"date":"2026-01-17T18:57:00","date_gmt":"2026-01-17T21:57:00","guid":{"rendered":"https:\/\/diariodocomercio.com.br\/mix\/?p=32065"},"modified":"2026-01-14T19:32:40","modified_gmt":"2026-01-14T22:32:40","slug":"4-condicoes-que-podem-elevar-os-riscos-de-avc-segundo-medicos","status":"publish","type":"post","link":"https:\/\/diariodocomercio.com.br\/mix\/4-condicoes-que-podem-elevar-os-riscos-de-avc-segundo-medicos\/","title":{"rendered":"4 condi\u00e7\u00f5es que podem elevar os riscos de AVC, segundo m\u00e9dicos"},"content":{"rendered":"\n<p>Um estudo internacional, publicado em 2025 no Journal of the American College of Cardiology, analisou a liga\u00e7\u00e3o entre <strong>infartos <\/strong>e <strong>acidentes vasculares cerebrais<\/strong> (AVCs) com <strong>fatores de risco <\/strong>em mais de 9,3 milh\u00f5es de adultos na Coreia do Sul e cerca de 7 mil nos Estados Unidos.<\/p>\n\n\n\n<p>O levantamento, conduzido por pesquisadores das universidades Northwestern Medicine (EUA) e Yonsei (Coreia do Sul), constatou que mais de 99% dos casos de infarto e AVC est\u00e3o associados a <strong>quatro fatores de risco <\/strong>tradicionais. Este estudo, que considerou dados coletados de 2009 a 2022, destaca a import\u00e2ncia de gerenciar esses fatores para prevenir eventos cardiovasculares graves.<\/p>\n\n\n\n<h2 class=\"wp-block-heading\">Fatores de risco identificados<\/h2>\n\n\n\n<p>Os pesquisadores identificaram quatro fatores principais que podem levar a infartos e AVCs:<\/p>\n\n\n\n<ol class=\"wp-block-list\">\n<li><strong>Hipertens\u00e3o arterial:<\/strong> Frequente em mais de 95% dos casos, compromete a sa\u00fade dos vasos sangu\u00edneos.<\/li>\n\n\n\n<li><strong>Colesterol elevado: <\/strong>Causa o ac\u00famulo de placas nas art\u00e9rias, prejudicando a circula\u00e7\u00e3o sangu\u00ednea.<\/li>\n\n\n\n<li><strong>Altos n\u00edveis de glicose no sangue:<\/strong> Associados a inflama\u00e7\u00f5es e danos vasculares.<\/li>\n\n\n\n<li><strong>Tabagismo: <\/strong>Acelera o envelhecimento dos vasos sangu\u00edneos e aumenta a propens\u00e3o a co\u00e1gulos.<\/li>\n<\/ol>\n\n\n\n<p>Esses fatores s\u00e3o considerados modific\u00e1veis, podendo ser controlados com altera\u00e7\u00f5es no estilo de vida e monitoramento de sa\u00fade regular.<\/p>\n\n\n\n<h2 class=\"wp-block-heading\">Dados impactantes<\/h2>\n\n\n\n<p>O estudo revelou que mais de 93% dos participantes analisados tinham pelo menos dois fatores de risco antes de sofrer um infarto ou AVC. Surpreendentemente, mesmo entre mulheres com menos de 60 anos \u2013 um grupo tradicionalmente considerado de menor risco \u2013 mais de 95% j\u00e1 apresentavam altera\u00e7\u00f5es significativas nesses fatores antes do evento.<\/p>\n\n\n\n<p>Doen\u00e7as cardiovasculares permanecem como a principal causa de morte no mundo. Com base nos achados, o estudo destaca a urg\u00eancia de medidas proativas para prevenir infartos e AVCs.&nbsp;<\/p>\n","protected":false},"excerpt":{"rendered":"<p>Estudo internacional analisou a liga\u00e7\u00e3o entre AVCs com fatores de risco.<\/p>\n","protected":false},"author":12,"featured_media":12130,"comment_status":"closed","ping_status":"closed","sticky":false,"template":"","format":"standard","meta":{"jnews-multi-image_gallery":[],"jnews_single_post":{"format":"standard"},"jnews_primary_category":[],"jnews_social_meta":[],"jnews_override_counter":[],"jnews_post_split":[],"footnotes":""},"categories":[1],"tags":[],"class_list":["post-32065","post","type-post","status-publish","format-standard","has-post-thumbnail","hentry","category-geral"],"_referencia":"","_links":{"self":[{"href":"https:\/\/diariodocomercio.com.br\/mix\/wp-json\/wp\/v2\/posts\/32065","targetHints":{"allow":["GET"]}}],"collection":[{"href":"https:\/\/diariodocomercio.com.br\/mix\/wp-json\/wp\/v2\/posts"}],"about":[{"href":"https:\/\/diariodocomercio.com.br\/mix\/wp-json\/wp\/v2\/types\/post"}],"author":[{"embeddable":true,"href":"https:\/\/diariodocomercio.com.br\/mix\/wp-json\/wp\/v2\/users\/12"}],"replies":[{"embeddable":true,"href":"https:\/\/diariodocomercio.com.br\/mix\/wp-json\/wp\/v2\/comments?post=32065"}],"version-history":[{"count":1,"href":"https:\/\/diariodocomercio.com.br\/mix\/wp-json\/wp\/v2\/posts\/32065\/revisions"}],"predecessor-version":[{"id":32066,"href":"https:\/\/diariodocomercio.com.br\/mix\/wp-json\/wp\/v2\/posts\/32065\/revisions\/32066"}],"wp:featuredmedia":[{"embeddable":true,"href":"https:\/\/diariodocomercio.com.br\/mix\/wp-json\/wp\/v2\/media\/12130"}],"wp:attachment":[{"href":"https:\/\/diariodocomercio.com.br\/mix\/wp-json\/wp\/v2\/media?parent=32065"}],"wp:term":[{"taxonomy":"category","embeddable":true,"href":"https:\/\/diariodocomercio.com.br\/mix\/wp-json\/wp\/v2\/categories?post=32065"},{"taxonomy":"post_tag","embeddable":true,"href":"https:\/\/diariodocomercio.com.br\/mix\/wp-json\/wp\/v2\/tags?post=32065"}],"curies":[{"name":"wp","href":"https:\/\/api.w.org\/{rel}","templated":true}]}}