{"id":32081,"date":"2026-01-17T18:04:00","date_gmt":"2026-01-17T21:04:00","guid":{"rendered":"https:\/\/diariodocomercio.com.br\/mix\/?p=32081"},"modified":"2026-01-14T21:11:13","modified_gmt":"2026-01-15T00:11:13","slug":"enquanto-wagner-moura-vai-competir-no-oscar-de-melhor-ator-brasileira-pode-ser-eleita-a-pior-atriz-de-2025","status":"publish","type":"post","link":"https:\/\/diariodocomercio.com.br\/mix\/enquanto-wagner-moura-vai-competir-no-oscar-de-melhor-ator-brasileira-pode-ser-eleita-a-pior-atriz-de-2025\/","title":{"rendered":"Enquanto Wagner Moura vai competir no Oscar de Melhor Ator, brasileira pode ser eleita a pior atriz de 2025"},"content":{"rendered":"\n<p>Para uns Oscar, para outros, Framboesa de Ouro&#8230; temos brasileiros representando os dois lados da moeda na temporada de premia\u00e7\u00f5es este ano. Wagner Moura est\u00e1 cotado para ser indicado ao Oscar por seu trabalho em O Agente Secreto, enquanto Isis Valverde deve ser indicada ao Framboesa de Ouro (o &#8220;Oscar dos piores&#8221;) logo em sua estreia em Hollywood. <\/p>\n\n\n\n<p>A brasileira apareceu na pr\u00e9-lista divulgada pelo site especializado World of Reel, indicada na categoria de Pior Atriz Coadjuvante pelo filme C\u00f3digo Alarum. Na lista, o filme tamb\u00e9m aparece em mais seis categorias, incluindo Pior Filme e Pior Ator para o astro Sylvester Stallone.<\/p>\n\n\n\n<p>N\u00e3o podemos dizer que Valverde (a eterna Suellen de Avenida Brasil) come\u00e7ou com o p\u00e9 direito em Hollywood. C\u00f3digo Alarum foi um dos filmes mais detonados pela cr\u00edtica no ano passado. No Rotten Tomatoes, ele conseguiu o feito &#8211; de certa forma impressionante &#8211; de ficar com 0% de aprova\u00e7\u00e3o da cr\u00edtica e 15% do p\u00fablico.<\/p>\n\n\n\n<p>O filme acompanha Joe (Scott Eastwood) e Lara Travers (Willa Fitzgerald), ex-agentes secretos que abandonaram a carreira. Enquanto est\u00e3o em um resort isolado, eles veem a queda de um avi\u00e3o e encontram um pen drive ultrassecreto, que torna os dois alvos de uma ca\u00e7ada internacional.<\/p>\n\n\n\n<p>A lista oficial de indicados ao Framboesa de Ouro \u00e9 tradicionalmente divulgada um dia antes do Oscar revelar seus indicados. Neste ano, a data cai no dia 21 deste m\u00eas. <\/p>\n\n\n\n<figure class=\"wp-block-image size-full\"><img decoding=\"async\" width=\"990\" height=\"619\" src=\"https:\/\/diariodocomercio.com.br\/mix\/wp-content\/uploads\/2026\/01\/isis-valverde-codigo-alarium.webp\" alt=\"isis valverde c\u00f3digo alarium\" class=\"wp-image-31877\" srcset=\"https:\/\/diariodocomercio.com.br\/mix\/wp-content\/uploads\/2026\/01\/isis-valverde-codigo-alarium.webp 990w, https:\/\/diariodocomercio.com.br\/mix\/wp-content\/uploads\/2026\/01\/isis-valverde-codigo-alarium-300x188.webp 300w, https:\/\/diariodocomercio.com.br\/mix\/wp-content\/uploads\/2026\/01\/isis-valverde-codigo-alarium-768x480.webp 768w, https:\/\/diariodocomercio.com.br\/mix\/wp-content\/uploads\/2026\/01\/isis-valverde-codigo-alarium-150x94.webp 150w, https:\/\/diariodocomercio.com.br\/mix\/wp-content\/uploads\/2026\/01\/isis-valverde-codigo-alarium-750x469.webp 750w\" sizes=\"(max-width: 990px) 100vw, 990px\" \/><figcaption class=\"wp-element-caption\">Imagem: reprodu\u00e7\u00e3o<\/figcaption><\/figure>\n\n\n\n<h2 class=\"wp-block-heading\">Wagner Moura est\u00e1 cotado ao Oscar<\/h2>\n\n\n\n<p>O ator j\u00e1 vinha aparecendo em v\u00e1rias listas de apostas para os indicados ao pr\u00eamio, mas as chances aumentaram ainda mais depois dele vencer o Globo de Ouro de Melhor Ator em Filme de Drama. Com essa indica\u00e7\u00e3o, o baiano faria hist\u00f3ria como o primeiro homem brasileiro a ser indicado em uma categoria de atua\u00e7\u00e3o do pr\u00eamio. At\u00e9 hoje, apenas duas mulheres conseguiram o feito: Fernanda Montenegro por Central do Brasil (1998) e Fernanda Torres por Ainda Estou Aqui (2024).<\/p>\n\n\n\n<figure class=\"wp-block-image size-large\"><img decoding=\"async\" width=\"1200\" height=\"630\" src=\"https:\/\/diariodocomercio.com.br\/mix\/wp-content\/uploads\/2025\/07\/o-agente-secreto-wagner-moura-1200x630.jpg\" alt=\"wagner moura o agente secreto\" class=\"wp-image-12728\" srcset=\"https:\/\/diariodocomercio.com.br\/mix\/wp-content\/uploads\/2025\/07\/o-agente-secreto-wagner-moura-1200x630.jpg 1200w, https:\/\/diariodocomercio.com.br\/mix\/wp-content\/uploads\/2025\/07\/o-agente-secreto-wagner-moura-300x158.jpg 300w, https:\/\/diariodocomercio.com.br\/mix\/wp-content\/uploads\/2025\/07\/o-agente-secreto-wagner-moura-768x403.jpg 768w, https:\/\/diariodocomercio.com.br\/mix\/wp-content\/uploads\/2025\/07\/o-agente-secreto-wagner-moura-1536x806.jpg 1536w, https:\/\/diariodocomercio.com.br\/mix\/wp-content\/uploads\/2025\/07\/o-agente-secreto-wagner-moura-150x79.jpg 150w, https:\/\/diariodocomercio.com.br\/mix\/wp-content\/uploads\/2025\/07\/o-agente-secreto-wagner-moura-750x394.jpg 750w, https:\/\/diariodocomercio.com.br\/mix\/wp-content\/uploads\/2025\/07\/o-agente-secreto-wagner-moura-1140x599.jpg 1140w, https:\/\/diariodocomercio.com.br\/mix\/wp-content\/uploads\/2025\/07\/o-agente-secreto-wagner-moura.jpg 1920w\" sizes=\"(max-width: 1200px) 100vw, 1200px\" \/><figcaption class=\"wp-element-caption\">Imagem: reprodu\u00e7\u00e3o<\/figcaption><\/figure>\n\n\n\n<style>@media (min-width: 992px) {\n    .recomendadorV2Area1 {\n        width: 280px;\n    }\n    .recomendadorV2Area2 {\n        padding: 0px 20px;\n        width: calc(100% - 280px);\n    }\n}\n\n@media (max-width: 992px) {\n    .recomendadorV2Button {\n        margin: 0 auto;\n    }\n    .recomendadorV2Area {\n        flex-direction: column;\n        text-align: center;\n    }\n    .recomendadorV2Area2 {\n        padding: 0px 20px;\n    }\n}\n\n.recomendadorV2Area {\n    background: #eeeeee3d;\n    border-radius: 10px;\n    padding: 15px;\n    display: flex;\n    margin: 15px auto;\n    border: 1px solid #00000014;\n    max-width: 800px;\n}\n\n.recomendadorV2Area1 img {\n    width: 280px;\n    height: auto;\n    border-radius: 8px;\n}\n\n.linkrecomendadorv2 {\n    text-decoration: none !important;\n}\n\n.recomendadorV2Area2 .recomendadorV2Type {\n    text-transform: uppercase;\n    font-weight: 500;\n    font-size: 11px;\n    letter-spacing: 2px;\n    color: #666;\n    margin: 12px 0;\n    display: block;\n}\n\n.recomendadorV2Title h2 {\n    padding-top: 0px !important;\n    margin: 0px !important;\n    border-left: none !important;\n    padding-left: 0px !important;\n    line-height: 1.3;\n    color: #000 !important;\n    font-size: 24px;\n    margin-bottom: 12px !important;\n}\n\n.recomendadorV2Desc {\n    color: #333;\n    margin: 12px 0px !important;\n    font-size: 15px;\n    line-height: 1.5;\n}\n\n.recomendadorV2Button {\n    width: auto;\n    max-width: 200px;\n    margin: 0;\n    display: inline-flex;\n    align-items: center;\n    background: #1D3557;\n    border-radius: 8px;\n    color: #fff;\n    height: 36px;\n    justify-content: center;\n    text-align: center;\n    font-size: 14px;\n    padding: 0 20px;\n    transition: background-color 0.2s ease;\n}\n\n.recomendadorV2Button:hover {\n    background: #2a4d7a;\n}\n\n.recomendadorV2Button:after {\n    margin-top: -2px;\n    content: \"\u2192\";\n    padding: 0px 0px 0px 8px;\n}\n\n.recomendadorV2Alert {\n    text-align: left;\n    font-size: 11px;\n    margin-top: 8px;\n    color: #666;\n}\n\n.recomendadorFixedArea {\n    width: 100%;\n    display: flex;\n    justify-content: center;\n    align-items: center;\n}\n\n@media (min-width: 992px) {\n    #recomendadorFixed {\n        width: 32% !important;\n        left: 5%;\n    }\n    .recomendadorCloseFixed{\n        right: inherit !important;\n        left: 378px !important;\n    }\n}\n\n#recomendadorFixed {\n    width: 90%;\n    box-shadow: 0 10px 20px 0px #00000057;\n    display: none;\n    height: 90px;\n    background: #F6F6F6;\n    position: fixed;\n    flex-direction: row;\n    bottom: 10px;\n    z-index: 9999;\n    border-radius: 16px;\n    padding: 7px 10px;\n}\n\n.recomendadorLeftArea {\n    width: 160px;\n}\n\n.recomendadorRightArea h2 {\n    padding-top: 0px;\n    margin: 2px 0px 4px 0px !important;\n    font-weight: 400;\n    text-align: center;\n    padding-left: 0px !important;\n    color: #000 !important;\n    border-left: none !important;\n    line-height: 20px;\n    font-size: 12px !important;\n}\n\n.recomendadorImgFixed {\n    overflow: hidden;\n    padding: 8px 6px;\n    height: 100%;\n}\n\n.recomendadorImgFixed img {\n    height: 100% !important;\n    border-radius: 16px;\n}\n\n.recomendadorRightArea {\n    padding-top: 6px;\n    display: flex;\n    width: calc(100% - 130px);\n    justify-content: space-between;\n    align-items: center;\n    flex-direction: column;\n}\n\n.recomendadorButtonFixed {\n    margin: 0 auto;\n    background: #1D3557;\n    width: 80%;\n    text-align: center;\n    font-size: 10px;\n    color: #FFF;\n    padding: 2px 10px;\n    border-radius: 3px;\n}\n\n.recomendadorButtonFixed:after {\n    margin-top: -3px;\n    content: \"\u2192\";\n    padding: 0px 0px 0px 10px;\n}\n\n.recomendadorAlertFixed {\n    font-weight: 400;\n    text-align: center;\n    color: #484848;\n    font-size: 8px;\n}\n\n.recomendadorCloseFixed {\n    z-index: 99999;\n    display: none;\n    right: 0px;\n    left: inherit;\n    bottom: 99px;\n    position: fixed;\n    justify-content: center;\n    background: #F6F6F6;\n    width: 25px;\n    align-items: center;\n    height: 25px;\n    font-weight: 800;\n    border-radius: 50%;\n    border: 1px solid #EBEBEB;\n}\n\n.recomendadorV2Desc{\n    color: #000000;\n    margin: 20px 0px;\n}\n\n@media (max-width: 576px) {\n    .recomendadorV2Area {\n      padding: 10px;\n      max-width: 100%;\n    }\n  \n    .recomendadorV2Area1 img {\n      width: 100%;\n      border-radius: 6px;\n    }\n  \n    .recomendadorV2Area2 .recomendadorV2Type {\n      font-size: 9px;\n      letter-spacing: 1px;\n      margin: 8px 0;\n    }\n  \n    .recomendadorV2Title h2 {\n      font-size: 18px !important;\n      margin-bottom: 8px !important;\n      line-height: 1.2;\n    }\n  \n    .recomendadorV2Desc {\n      font-size: 14px;\n      margin: 8px 0 !important;\n      line-height: 1.4;\n    }\n  \n    .recomendadorV2Button {\n      font-size: 14px;\n      height: 40px;\n      padding: 0 12px;\n      max-width: 100%;\n      width: 100%;\n    }\n  \n    .recomendadorV2Button:after {\n      padding-left: 6px;\n    }\n  }\n  <\/style>\n        <div class=\"lazyblock-recomendador-v2-2jDGz wp-block-lazyblock-recomendador-v2\">\n        <a class=\"linkrecomendadorv2\" href=\"https:\/\/diariodocomercio.com.br\/mix\/se-voce-prepara-o-salmao-assim-esta-jogando-omega-3-fora\/\">\n            <div class=\"recomendadorV2Area\">\n            <div class=\"recomendadorV2Area1\">\n                <div class=\"recomendadorV2Img\">\n                <img class=\"lazyloaded\" decoding=\"async\" src=\"https:\/\/diariodocomercio.com.br\/mix\/wp-content\/uploads\/2026\/01\/salmao.jpg\" data-src=\"https:\/\/diariodocomercio.com.br\/mix\/wp-content\/uploads\/2026\/01\/salmao.jpg\" alt=\"\">\n                <\/div>\n            <\/div>\n            <div class=\"recomendadorV2Area2\">\n                <div class=\"recomendadorV2Type\">\n                    <span>SA\u00daDE<\/span>\n                <\/div>\n                <div class=\"recomendadorV2Title\">\n                <h2><span>Se voc\u00ea prepara o salm\u00e3o assim, est\u00e1 jogando \u00d4mega 3 fora<\/span><\/h2>\n                <\/div>\n                <div class=\"recomendadorV2Desc\">\n                <span>Voc\u00ea sabia que o jeito que voc\u00ea prepara o salm\u00e3o pode fazer ele perder de 30% at\u00e9 50% dos seus \u2026<\/span>\n                <\/div>\n                <div class=\"recomendadorV2Button\">Leia mais<\/div>\n                <div class=\"recomendadorV2Alert\"><\/div>\n            <\/div>\n            <\/div>\n        <\/a>\n        <div>\n            <div style=\"z-index:99999;\" id=\"buttonClose\" onclick=\"closeRecomendadorFixed()\">\n            <div class=\"recomendadorCloseFixed\">X<\/div>\n            <\/div>\n            <a href=\"https:\/\/diariodocomercio.com.br\/mix\/se-voce-prepara-o-salmao-assim-esta-jogando-omega-3-fora\/\">\n            <div class=\"recomendadorFixedArea\">\n                <div id=\"recomendadorFixed\">\n                <div class=\"recomendadorLeftArea\">\n                    <div class=\"recomendadorImgFixed\">\n                    <img class=\"lazyload\" decoding=\"async\" src=\"https:\/\/diariodocomercio.com.br\/mix\/wp-content\/uploads\/2026\/01\/salmao.jpg\" alt=\"\">\n                    <\/div>\n                <\/div>\n                <div class=\"recomendadorRightArea\">\n                    <div class=\"recomendadorTitleFixed\">\n                    <h2><span>Se voc\u00ea prepara o salm\u00e3o assim, est\u00e1 jogando \u00d4mega 3 fora<\/span><\/h2>\n                    <\/div>\n                    <div class=\"recomendadorButtonFixed\">Leia mais<\/div>\n                    <div class=\"recomendadorAlertFixed\"><\/div>\n                <\/div>\n                <\/div>\n            <\/div>\n            <\/a>\n        <\/div>\n        <\/div>\n","protected":false},"excerpt":{"rendered":"<p>Para uns Oscar, para outros, Framboesa de Ouro&#8230; temos brasileiros representando os dois lados da moeda na temporada de premia\u00e7\u00f5es este ano. Wagner Moura est\u00e1 cotado para ser indicado ao Oscar por seu trabalho em O Agente Secreto, enquanto Isis Valverde deve ser indicada ao Framboesa de Ouro (o &#8220;Oscar dos piores&#8221;) logo em sua [&hellip;]<\/p>\n","protected":false},"author":6,"featured_media":4717,"comment_status":"closed","ping_status":"closed","sticky":false,"template":"","format":"standard","meta":{"jnews-multi-image_gallery":[],"jnews_single_post":{"format":"standard"},"jnews_primary_category":[],"jnews_social_meta":[],"jnews_override_counter":[],"jnews_post_split":[],"footnotes":""},"categories":[1],"tags":[],"class_list":["post-32081","post","type-post","status-publish","format-standard","has-post-thumbnail","hentry","category-geral"],"_referencia":"","_links":{"self":[{"href":"https:\/\/diariodocomercio.com.br\/mix\/wp-json\/wp\/v2\/posts\/32081","targetHints":{"allow":["GET"]}}],"collection":[{"href":"https:\/\/diariodocomercio.com.br\/mix\/wp-json\/wp\/v2\/posts"}],"about":[{"href":"https:\/\/diariodocomercio.com.br\/mix\/wp-json\/wp\/v2\/types\/post"}],"author":[{"embeddable":true,"href":"https:\/\/diariodocomercio.com.br\/mix\/wp-json\/wp\/v2\/users\/6"}],"replies":[{"embeddable":true,"href":"https:\/\/diariodocomercio.com.br\/mix\/wp-json\/wp\/v2\/comments?post=32081"}],"version-history":[{"count":1,"href":"https:\/\/diariodocomercio.com.br\/mix\/wp-json\/wp\/v2\/posts\/32081\/revisions"}],"predecessor-version":[{"id":32084,"href":"https:\/\/diariodocomercio.com.br\/mix\/wp-json\/wp\/v2\/posts\/32081\/revisions\/32084"}],"wp:featuredmedia":[{"embeddable":true,"href":"https:\/\/diariodocomercio.com.br\/mix\/wp-json\/wp\/v2\/media\/4717"}],"wp:attachment":[{"href":"https:\/\/diariodocomercio.com.br\/mix\/wp-json\/wp\/v2\/media?parent=32081"}],"wp:term":[{"taxonomy":"category","embeddable":true,"href":"https:\/\/diariodocomercio.com.br\/mix\/wp-json\/wp\/v2\/categories?post=32081"},{"taxonomy":"post_tag","embeddable":true,"href":"https:\/\/diariodocomercio.com.br\/mix\/wp-json\/wp\/v2\/tags?post=32081"}],"curies":[{"name":"wp","href":"https:\/\/api.w.org\/{rel}","templated":true}]}}