{"id":32445,"date":"2026-01-24T11:28:00","date_gmt":"2026-01-24T14:28:00","guid":{"rendered":"https:\/\/diariodocomercio.com.br\/mix\/?p=32445"},"modified":"2026-01-19T11:31:31","modified_gmt":"2026-01-19T14:31:31","slug":"plastico-do-futuro-esta-sendo-criado-por-eike-batista-muito-mais-ecologico-e-sustentavel","status":"publish","type":"post","link":"https:\/\/diariodocomercio.com.br\/mix\/plastico-do-futuro-esta-sendo-criado-por-eike-batista-muito-mais-ecologico-e-sustentavel\/","title":{"rendered":"Pl\u00e1stico do futuro est\u00e1 sendo criado por Eike Batista: muito mais ecol\u00f3gico e sustent\u00e1vel"},"content":{"rendered":"\n<p>Ap\u00f3s quase uma d\u00e9cada longe dos holofotes,\u00a0<strong>Eike Batista<\/strong>\u00a0voltou ao centro do debate econ\u00f4mico ao anunciar um projeto que promete substituir o pl\u00e1stico tradicional por um material\u00a0<strong>biodegrad\u00e1vel e de menor impacto ambiental<\/strong>. A proposta, revelada durante o\u00a0<strong>Energy Summit<\/strong>, no Rio de Janeiro, aposta no uso do\u00a0<strong>baga\u00e7o da cana-de-a\u00e7\u00facar transg\u00eanica<\/strong>\u00a0para a produ\u00e7\u00e3o de resinas voltadas \u00e0 fabrica\u00e7\u00e3o de embalagens sustent\u00e1veis.<\/p>\n\n\n\n<p>Segundo o empres\u00e1rio, a ideia \u00e9 transformar res\u00edduos da cana-de-a\u00e7\u00facar em mat\u00e9ria-prima para itens de uso cotidiano, como&nbsp;<strong>canudos, copos e embalagens descart\u00e1veis<\/strong>. A iniciativa se baseia no aproveitamento do baga\u00e7o, subproduto da produ\u00e7\u00e3o de etanol, como alternativa ao pl\u00e1stico derivado do petr\u00f3leo.<\/p>\n\n\n\n<p>Durante o evento, Batista afirmou que o projeto ainda depende de aportes financeiros e de tempo para matura\u00e7\u00e3o. \u201cA implementa\u00e7\u00e3o pode levar d\u00e9cadas, desde que os investimentos necess\u00e1rios sejam assegurados\u201d, disse o empres\u00e1rio, ao defender que a inova\u00e7\u00e3o tem potencial para&nbsp;<strong>revolucionar a ind\u00fastria de pl\u00e1sticos<\/strong>&nbsp;e reduzir danos ambientais.<\/p>\n\n\n<div class=\"wp-block-image\">\n<figure class=\"aligncenter size-full\"><img decoding=\"async\" width=\"800\" height=\"515\" src=\"https:\/\/diariodocomercio.com.br\/mix\/wp-content\/uploads\/2026\/01\/image-183.png\" alt=\"\" class=\"wp-image-32450\" srcset=\"https:\/\/diariodocomercio.com.br\/mix\/wp-content\/uploads\/2026\/01\/image-183.png 800w, https:\/\/diariodocomercio.com.br\/mix\/wp-content\/uploads\/2026\/01\/image-183-300x193.png 300w, https:\/\/diariodocomercio.com.br\/mix\/wp-content\/uploads\/2026\/01\/image-183-768x494.png 768w, https:\/\/diariodocomercio.com.br\/mix\/wp-content\/uploads\/2026\/01\/image-183-150x97.png 150w, https:\/\/diariodocomercio.com.br\/mix\/wp-content\/uploads\/2026\/01\/image-183-750x483.png 750w\" sizes=\"(max-width: 800px) 100vw, 800px\" \/><figcaption class=\"wp-element-caption\">(Reprodu\u00e7\u00e3o)<\/figcaption><\/figure>\n<\/div>\n\n\n<h2 class=\"wp-block-heading\"><strong>O retorno de Eike Batista aos neg\u00f3cios<\/strong><\/h2>\n\n\n\n<p>No fim de fevereiro de 2025, Eike Batista anunciou publicamente seu retorno ao mercado ao publicar nas redes sociais a mensagem \u201c<em>I\u2019m back<\/em>\u201d. Na ocasi\u00e3o, ele compartilhou uma reportagem da Bloomberg na qual afirmava ter garantido\u00a0<strong>US$ 500 milh\u00f5es (cerca de R$ 2,95 bilh\u00f5es)<\/strong>\u00a0em investimentos para explorar uma nova variedade de cana-de-a\u00e7\u00facar, apelidada por ele de\u00a0<strong>\u201csupercana\u201d<\/strong>.<\/p>\n\n\n\n<p>Em outra publica\u00e7\u00e3o, o empres\u00e1rio marcou o bilion\u00e1rio Elon Musk e sugeriu uma poss\u00edvel parceria. \u201c<em>Hey @elonmusk, remember Rio \u201808? Let\u2019s talk supercana and X!<\/em>\u201d, escreveu, em refer\u00eancia a um suposto encontro ocorrido em 2008.<\/p>\n\n\n\n<h2 class=\"wp-block-heading\"><strong>Promessas, ceticismo e hist\u00f3rico recente<\/strong><\/h2>\n\n\n\n<p>Eike Batista chegou a ser o homem mais rico do Brasil, com patrim\u00f4nio estimado em&nbsp;<strong>US$ 34,5 bilh\u00f5es em 2012<\/strong>, mas viu seu imp\u00e9rio ruir a partir de 2013, com o fracasso das opera\u00e7\u00f5es da OGX. Preso em 2017 no \u00e2mbito da Opera\u00e7\u00e3o Lava Jato, ele firmou acordo de dela\u00e7\u00e3o premiada em 2020 e foi condenado em 2021 por crimes contra o mercado de capitais. Atualmente, responde a&nbsp;<strong>cinco a\u00e7\u00f5es penais<\/strong>&nbsp;e ainda tem parte do patrim\u00f4nio bloqueada pela Justi\u00e7a.<\/p>\n\n\n\n<p>Esse hist\u00f3rico alimenta o&nbsp;<strong>ceticismo do mercado<\/strong>&nbsp;em rela\u00e7\u00e3o \u00e0 nova empreitada. A \u201csupercana\u201d defendida por Batista promete produzir de duas a tr\u00eas vezes mais etanol por hectare do que a cana convencional e gerar de&nbsp;<strong>sete a doze vezes mais baga\u00e7o<\/strong>, o que viabilizaria tanto biocombust\u00edveis quanto embalagens biodegrad\u00e1veis.<\/p>\n","protected":false},"excerpt":{"rendered":"<p>Ap\u00f3s quase uma d\u00e9cada longe dos holofotes,\u00a0Eike Batista\u00a0voltou ao centro do debate econ\u00f4mico ao anunciar um projeto que promete substituir o pl\u00e1stico tradicional por um material\u00a0biodegrad\u00e1vel e de menor impacto ambiental. A proposta, revelada durante o\u00a0Energy Summit, no Rio de Janeiro, aposta no uso do\u00a0baga\u00e7o da cana-de-a\u00e7\u00facar transg\u00eanica\u00a0para a produ\u00e7\u00e3o de resinas voltadas \u00e0 fabrica\u00e7\u00e3o [&hellip;]<\/p>\n","protected":false},"author":9,"featured_media":32451,"comment_status":"closed","ping_status":"closed","sticky":false,"template":"","format":"standard","meta":{"jnews-multi-image_gallery":[],"jnews_single_post":{"format":"standard"},"jnews_primary_category":[],"jnews_social_meta":[],"jnews_override_counter":[],"jnews_post_split":[],"footnotes":""},"categories":[1],"tags":[],"class_list":["post-32445","post","type-post","status-publish","format-standard","has-post-thumbnail","hentry","category-geral"],"_referencia":"","_links":{"self":[{"href":"https:\/\/diariodocomercio.com.br\/mix\/wp-json\/wp\/v2\/posts\/32445","targetHints":{"allow":["GET"]}}],"collection":[{"href":"https:\/\/diariodocomercio.com.br\/mix\/wp-json\/wp\/v2\/posts"}],"about":[{"href":"https:\/\/diariodocomercio.com.br\/mix\/wp-json\/wp\/v2\/types\/post"}],"author":[{"embeddable":true,"href":"https:\/\/diariodocomercio.com.br\/mix\/wp-json\/wp\/v2\/users\/9"}],"replies":[{"embeddable":true,"href":"https:\/\/diariodocomercio.com.br\/mix\/wp-json\/wp\/v2\/comments?post=32445"}],"version-history":[{"count":1,"href":"https:\/\/diariodocomercio.com.br\/mix\/wp-json\/wp\/v2\/posts\/32445\/revisions"}],"predecessor-version":[{"id":32452,"href":"https:\/\/diariodocomercio.com.br\/mix\/wp-json\/wp\/v2\/posts\/32445\/revisions\/32452"}],"wp:featuredmedia":[{"embeddable":true,"href":"https:\/\/diariodocomercio.com.br\/mix\/wp-json\/wp\/v2\/media\/32451"}],"wp:attachment":[{"href":"https:\/\/diariodocomercio.com.br\/mix\/wp-json\/wp\/v2\/media?parent=32445"}],"wp:term":[{"taxonomy":"category","embeddable":true,"href":"https:\/\/diariodocomercio.com.br\/mix\/wp-json\/wp\/v2\/categories?post=32445"},{"taxonomy":"post_tag","embeddable":true,"href":"https:\/\/diariodocomercio.com.br\/mix\/wp-json\/wp\/v2\/tags?post=32445"}],"curies":[{"name":"wp","href":"https:\/\/api.w.org\/{rel}","templated":true}]}}