{"id":32474,"date":"2026-01-24T14:37:00","date_gmt":"2026-01-24T17:37:00","guid":{"rendered":"https:\/\/diariodocomercio.com.br\/mix\/?p=32474"},"modified":"2026-01-19T14:30:11","modified_gmt":"2026-01-19T17:30:11","slug":"nenhuma-crianca-no-brasil-pode-ser-registrada-com-esse-nome","status":"publish","type":"post","link":"https:\/\/diariodocomercio.com.br\/mix\/nenhuma-crianca-no-brasil-pode-ser-registrada-com-esse-nome\/","title":{"rendered":"Nenhuma crian\u00e7a no Brasil pode ser registrada com esse nome"},"content":{"rendered":"\n<p>Embora n\u00e3o exista uma lista oficial de nomes proibidos no Brasil, cart\u00f3rios t\u00eam respaldo legal para recusar o registro de prenomes que possam expor a crian\u00e7a ao rid\u00edculo, constrangimento ou estigmatiza\u00e7\u00e3o social. Um dos exemplos mais recorrentes \u00e9 o nome Hitler, que costuma ser vetado por oficiais de registro com base na Lei Federal n\u00ba 6.015, que regula os registros p\u00fablicos desde 1973.<\/p>\n\n\n\n<p>A Lei de Registros P\u00fablicos n\u00e3o define nomes proibidos de forma expl\u00edcita, mas determina que o oficial de registro civil&nbsp;<strong>n\u00e3o deve aceitar prenomes que atentem contra a dignidade da pessoa humana ou o melhor interesse da crian\u00e7a<\/strong>. Na pr\u00e1tica, isso significa avaliar se o nome pode causar preju\u00edzos morais ou sociais ao longo da vida.<\/p>\n\n\n\n<p>O nome Hitler \u00e9 frequentemente recusado justamente por sua associa\u00e7\u00e3o direta ao ditador nazista Adolf Hitler, respons\u00e1vel por crimes contra a humanidade e pelo Holocausto. A escolha, segundo o entendimento predominante nos cart\u00f3rios, pode expor a crian\u00e7a a discrimina\u00e7\u00e3o permanente e sofrimento psicol\u00f3gico, motivo pelo qual o registro costuma ser negado e encaminhado ao Judici\u00e1rio.<\/p>\n\n\n\n<h2 class=\"wp-block-heading\"><strong>Quem decide se o nome pode ou n\u00e3o ser registrado<\/strong><\/h2>\n\n\n\n<p>A an\u00e1lise inicial cabe ao&nbsp;<strong>oficial de registro civil<\/strong>, profissional do Direito respons\u00e1vel por avaliar cada caso no momento do registro de nascimento. Ao identificar risco de constrangimento ou ofensa, o registrador pode recusar o nome.<\/p>\n\n\n\n<p>Caso os pais ou respons\u00e1veis discordem da decis\u00e3o, o procedimento \u00e9 encaminhado ao\u00a0<strong>juiz corregedor permanente<\/strong>, vinculado \u00e0 Corregedoria Geral de Justi\u00e7a do estado. Cabe ao magistrado decidir se o nome ser\u00e1 autorizado ou se a recusa do cart\u00f3rio ser\u00e1 mantida.<\/p>\n\n\n\n<p>Especialistas ressaltam que&nbsp;<strong>n\u00e3o existe uma rela\u00e7\u00e3o oficial de nomes vetados no pa\u00eds<\/strong>. No entanto, n\u00e3o s\u00e3o aceitos, em regra, prenomes que fa\u00e7am refer\u00eancia a palavr\u00f5es, express\u00f5es ofensivas, termos pejorativos ou personagens historicamente associados a viol\u00eancia extrema e crimes contra a humanidade.<\/p>\n\n\n\n<p>A decis\u00e3o sempre considera o impacto social e psicol\u00f3gico que o nome pode causar ao longo da vida do registrado.<\/p>\n\n\n\n<h2 class=\"wp-block-heading\"><strong>\u00c9 poss\u00edvel mudar o nome depois?<\/strong><\/h2>\n\n\n\n<p>Sim. Desde 2022, a legisla\u00e7\u00e3o brasileira permite que qualquer pessoa&nbsp;<strong>maior de 18 anos altere o pr\u00f3prio nome diretamente em cart\u00f3rio<\/strong>, sem necessidade de processo judicial ou advogado. Essa mudan\u00e7a pode ser feita&nbsp;<strong>uma \u00fanica vez<\/strong>, sem obriga\u00e7\u00e3o de justificar o motivo.<\/p>\n\n\n\n<p>O procedimento tem prazo m\u00e9dio de&nbsp;<strong>at\u00e9 cinco dias<\/strong>&nbsp;e envolve o pagamento de uma taxa definida por lei estadual \u2014 em S\u00e3o Paulo, por exemplo, o valor \u00e9 de&nbsp;<strong>R$ 174,39<\/strong>. Altera\u00e7\u00f5es posteriores ou casos mais complexos ainda dependem de decis\u00e3o judicial.<\/p>\n","protected":false},"excerpt":{"rendered":"<p>Embora n\u00e3o exista uma lista oficial de nomes proibidos no Brasil, cart\u00f3rios t\u00eam respaldo legal para recusar o registro de prenomes que possam expor a crian\u00e7a ao rid\u00edculo, constrangimento ou estigmatiza\u00e7\u00e3o social. Um dos exemplos mais recorrentes \u00e9 o nome Hitler, que costuma ser vetado por oficiais de registro com base na Lei Federal n\u00ba [&hellip;]<\/p>\n","protected":false},"author":9,"featured_media":32476,"comment_status":"closed","ping_status":"closed","sticky":false,"template":"","format":"standard","meta":{"jnews-multi-image_gallery":[],"jnews_single_post":{"format":"standard"},"jnews_primary_category":[],"jnews_social_meta":[],"jnews_override_counter":[],"jnews_post_split":[],"footnotes":""},"categories":[1],"tags":[],"class_list":["post-32474","post","type-post","status-publish","format-standard","has-post-thumbnail","hentry","category-geral"],"_referencia":"","_links":{"self":[{"href":"https:\/\/diariodocomercio.com.br\/mix\/wp-json\/wp\/v2\/posts\/32474","targetHints":{"allow":["GET"]}}],"collection":[{"href":"https:\/\/diariodocomercio.com.br\/mix\/wp-json\/wp\/v2\/posts"}],"about":[{"href":"https:\/\/diariodocomercio.com.br\/mix\/wp-json\/wp\/v2\/types\/post"}],"author":[{"embeddable":true,"href":"https:\/\/diariodocomercio.com.br\/mix\/wp-json\/wp\/v2\/users\/9"}],"replies":[{"embeddable":true,"href":"https:\/\/diariodocomercio.com.br\/mix\/wp-json\/wp\/v2\/comments?post=32474"}],"version-history":[{"count":1,"href":"https:\/\/diariodocomercio.com.br\/mix\/wp-json\/wp\/v2\/posts\/32474\/revisions"}],"predecessor-version":[{"id":32478,"href":"https:\/\/diariodocomercio.com.br\/mix\/wp-json\/wp\/v2\/posts\/32474\/revisions\/32478"}],"wp:featuredmedia":[{"embeddable":true,"href":"https:\/\/diariodocomercio.com.br\/mix\/wp-json\/wp\/v2\/media\/32476"}],"wp:attachment":[{"href":"https:\/\/diariodocomercio.com.br\/mix\/wp-json\/wp\/v2\/media?parent=32474"}],"wp:term":[{"taxonomy":"category","embeddable":true,"href":"https:\/\/diariodocomercio.com.br\/mix\/wp-json\/wp\/v2\/categories?post=32474"},{"taxonomy":"post_tag","embeddable":true,"href":"https:\/\/diariodocomercio.com.br\/mix\/wp-json\/wp\/v2\/tags?post=32474"}],"curies":[{"name":"wp","href":"https:\/\/api.w.org\/{rel}","templated":true}]}}