{"id":32494,"date":"2026-01-24T12:16:00","date_gmt":"2026-01-24T15:16:00","guid":{"rendered":"https:\/\/diariodocomercio.com.br\/mix\/?p=32494"},"modified":"2026-01-19T16:38:04","modified_gmt":"2026-01-19T19:38:04","slug":"ator-renomado-de-hollywood-george-clooney-vive-novo-drama-com-alzheimer-e-possibilidade-de-receber-eutanasia","status":"publish","type":"post","link":"https:\/\/diariodocomercio.com.br\/mix\/ator-renomado-de-hollywood-george-clooney-vive-novo-drama-com-alzheimer-e-possibilidade-de-receber-eutanasia\/","title":{"rendered":"Ator renomado de Hollywood, George Clooney vive novo drama com Alzheimer e possibilidade de receber eutan\u00e1sia"},"content":{"rendered":"\n<p><strong>George Clooney<\/strong> interpreta um homem diagnosticado com Alzheimer em um filme baseado no best-seller &#8220;In Love: A Memoir of Love and Loss&#8221; de Amy Bloom. A narrativa segue a trajet\u00f3ria de um personagem que escolhe a eutan\u00e1sia assistida na Su\u00ed\u00e7a como forma de preservar a dignidade diante da doen\u00e7a. Com dire\u00e7\u00e3o de Paul Weitz, o filme promete uma abordagem humana sobre temas ainda cercados de pol\u00eamicas.<\/p>\n\n\n\n<p>Clooney e Annette Bening estrelam essa adapta\u00e7\u00e3o que explora a decis\u00e3o complexa de encerrar a vida de maneira consciente. A escolha \u00e9 feita para evitar o sofrimento prolongado causado pelo Alzheimer, destacando o equil\u00edbrio entre amor e liberdade de escolha.<\/p>\n\n\n\n<h2 class=\"wp-block-heading\">Dilemas<\/h2>\n\n\n\n<p>O filme aborda o tema da eutan\u00e1sia, um t\u00f3pico sens\u00edvel e controverso. A trama se desenrola em torno da cl\u00ednica Dignitas, na Su\u00ed\u00e7a, conhecida por realizar procedimentos de morte assistida de forma legal.<\/p>\n\n\n\n<p>A obra apresenta os desafios emocionais e burocr\u00e1ticos enfrentados pelo casal, proporcionando uma reflex\u00e3o sobre dignidade diante de uma condi\u00e7\u00e3o incur\u00e1vel.<\/p>\n\n\n\n<h2 class=\"wp-block-heading\">Impacto antecipado<\/h2>\n\n\n\n<p><strong>Ainda sem data definida para estreia, <\/strong>o filme desperta curiosidade pelo forte tema abordado. Caso mantenha o tom do livro, tem potencial para ser um dos dramas mais relevantes da carreira de Clooney, trazendo \u00e0 tona discuss\u00f5es sobre vida, morte e escolhas pessoais.<\/p>\n\n\n\n<p>O projeto, em fase de pr\u00e9-produ\u00e7\u00e3o, continua a atrair aten\u00e7\u00e3o pela combina\u00e7\u00e3o de um elenco de peso com uma narrativa poderosa. As expectativas s\u00e3o de que o filme provoque reflex\u00f5es profundas, mantendo-se fiel \u00e0 obra original de Amy Bloom.<\/p>\n","protected":false},"excerpt":{"rendered":"<p>Ator \u00e9 um dos mais renomados de Hollywood.<\/p>\n","protected":false},"author":12,"featured_media":32495,"comment_status":"closed","ping_status":"closed","sticky":false,"template":"","format":"standard","meta":{"jnews-multi-image_gallery":[],"jnews_single_post":{"format":"standard"},"jnews_primary_category":[],"jnews_social_meta":[],"jnews_override_counter":[],"jnews_post_split":[],"footnotes":""},"categories":[1],"tags":[],"class_list":["post-32494","post","type-post","status-publish","format-standard","has-post-thumbnail","hentry","category-geral"],"_referencia":"","_links":{"self":[{"href":"https:\/\/diariodocomercio.com.br\/mix\/wp-json\/wp\/v2\/posts\/32494","targetHints":{"allow":["GET"]}}],"collection":[{"href":"https:\/\/diariodocomercio.com.br\/mix\/wp-json\/wp\/v2\/posts"}],"about":[{"href":"https:\/\/diariodocomercio.com.br\/mix\/wp-json\/wp\/v2\/types\/post"}],"author":[{"embeddable":true,"href":"https:\/\/diariodocomercio.com.br\/mix\/wp-json\/wp\/v2\/users\/12"}],"replies":[{"embeddable":true,"href":"https:\/\/diariodocomercio.com.br\/mix\/wp-json\/wp\/v2\/comments?post=32494"}],"version-history":[{"count":1,"href":"https:\/\/diariodocomercio.com.br\/mix\/wp-json\/wp\/v2\/posts\/32494\/revisions"}],"predecessor-version":[{"id":32496,"href":"https:\/\/diariodocomercio.com.br\/mix\/wp-json\/wp\/v2\/posts\/32494\/revisions\/32496"}],"wp:featuredmedia":[{"embeddable":true,"href":"https:\/\/diariodocomercio.com.br\/mix\/wp-json\/wp\/v2\/media\/32495"}],"wp:attachment":[{"href":"https:\/\/diariodocomercio.com.br\/mix\/wp-json\/wp\/v2\/media?parent=32494"}],"wp:term":[{"taxonomy":"category","embeddable":true,"href":"https:\/\/diariodocomercio.com.br\/mix\/wp-json\/wp\/v2\/categories?post=32494"},{"taxonomy":"post_tag","embeddable":true,"href":"https:\/\/diariodocomercio.com.br\/mix\/wp-json\/wp\/v2\/tags?post=32494"}],"curies":[{"name":"wp","href":"https:\/\/api.w.org\/{rel}","templated":true}]}}