{"id":32499,"date":"2026-01-24T15:33:00","date_gmt":"2026-01-24T18:33:00","guid":{"rendered":"https:\/\/diariodocomercio.com.br\/mix\/?p=32499"},"modified":"2026-01-19T16:52:25","modified_gmt":"2026-01-19T19:52:25","slug":"ilha-grega-oferece-estadia-gratis-por-2-meses-a-brasileiros-e-impoe-apenas-uma-exigencia","status":"publish","type":"post","link":"https:\/\/diariodocomercio.com.br\/mix\/ilha-grega-oferece-estadia-gratis-por-2-meses-a-brasileiros-e-impoe-apenas-uma-exigencia\/","title":{"rendered":"Ilha grega oferece estadia gr\u00e1tis por 2 meses a brasileiros e imp\u00f5e apenas uma exig\u00eancia"},"content":{"rendered":"\n<p>Uma ilha paradis\u00edaca no mar Egeu est\u00e1 oferecendo\u00a0<strong>hospedagem gratuita por at\u00e9 dois meses<\/strong>, com caf\u00e9 da manh\u00e3 incluso, para brasileiros e volunt\u00e1rios de diversas partes do mundo. A oportunidade acontece na ilha de\u00a0<strong>Syros, na Gr\u00e9cia<\/strong>, por meio do projeto\u00a0<strong>Syros Cats<\/strong>, que recebe pessoas dispostas a cuidar de gatos resgatados e em situa\u00e7\u00e3o de rua como contrapartida pela estadia.<\/p>\n\n\n\n<p>Para participar, \u00e9 necess\u00e1rio se inscrever como volunt\u00e1rio e colaborar com as atividades do abrigo, que incluem alimenta\u00e7\u00e3o, limpeza e cuidados di\u00e1rios com os felinos. A carga de trabalho gira em torno de&nbsp;<strong>cinco horas por dia, cinco dias por semana<\/strong>, geralmente no per\u00edodo da manh\u00e3.<\/p>\n\n\n\n<p>O projeto aceita&nbsp;<strong>adultos saud\u00e1veis, independentes e em boa condi\u00e7\u00e3o f\u00edsica<\/strong>, solteiros ou casais, para estadias m\u00ednimas de um m\u00eas, podendo chegar a dois. Apenas quatro volunt\u00e1rios s\u00e3o hospedados por vez, o que favorece a conviv\u00eancia multicultural e o interc\u00e2mbio de experi\u00eancias.<\/p>\n\n\n\n<figure class=\"wp-block-image size-full\"><img decoding=\"async\" width=\"980\" height=\"600\" src=\"https:\/\/diariodocomercio.com.br\/mix\/wp-content\/uploads\/2026\/01\/image-192.png\" alt=\"\" class=\"wp-image-32504\" srcset=\"https:\/\/diariodocomercio.com.br\/mix\/wp-content\/uploads\/2026\/01\/image-192.png 980w, https:\/\/diariodocomercio.com.br\/mix\/wp-content\/uploads\/2026\/01\/image-192-300x184.png 300w, https:\/\/diariodocomercio.com.br\/mix\/wp-content\/uploads\/2026\/01\/image-192-768x470.png 768w, https:\/\/diariodocomercio.com.br\/mix\/wp-content\/uploads\/2026\/01\/image-192-150x92.png 150w, https:\/\/diariodocomercio.com.br\/mix\/wp-content\/uploads\/2026\/01\/image-192-750x459.png 750w\" sizes=\"(max-width: 980px) 100vw, 980px\" \/><\/figure>\n\n\n\n<h2 class=\"wp-block-heading\"><strong>O que o volunt\u00e1rio recebe<\/strong><\/h2>\n\n\n\n<p>Em troca do trabalho, os participantes t\u00eam direito a:<\/p>\n\n\n\n<ul class=\"wp-block-list\">\n<li><strong>Quarto privativo<\/strong>\u00a0em uma casa compartilhada;<\/li>\n\n\n\n<li><strong>Caf\u00e9 da manh\u00e3 di\u00e1rio<\/strong>;<\/li>\n\n\n\n<li><strong>\u00c1gua, luz e demais contas inclusas<\/strong>.<\/li>\n<\/ul>\n\n\n\n<p>As demais despesas, como passagens a\u00e9reas, almo\u00e7o, jantar e gastos pessoais, ficam por conta do volunt\u00e1rio. Tamb\u00e9m \u00e9 recomendado contratar seguro-viagem e observar as regras do&nbsp;<strong>Espa\u00e7o Schengen<\/strong>, que limita a perman\u00eancia de n\u00e3o europeus a 90 dias.<\/p>\n\n\n\n<h2 class=\"wp-block-heading\"><strong>Atividades do dia a dia<\/strong><\/h2>\n\n\n\n<p>Entre as tarefas realizadas pelos volunt\u00e1rios est\u00e3o:<\/p>\n\n\n\n<ul class=\"wp-block-list\">\n<li>Alimentar gatos do abrigo e de col\u00f4nias de rua;<\/li>\n\n\n\n<li>Limpar recintos e caixas de areia;<\/li>\n\n\n\n<li>Socializar e cuidar de filhotes e gatos mais t\u00edmidos;<\/li>\n\n\n\n<li>Administrar medicamentos;<\/li>\n\n\n\n<li>Auxiliar em visitas veterin\u00e1rias e campanhas de esteriliza\u00e7\u00e3o;<\/li>\n\n\n\n<li>Realizar pequenos servi\u00e7os de jardinagem e manuten\u00e7\u00e3o;<\/li>\n\n\n\n<li>Recepcionar visitantes e ajudar em visitas guiadas.<\/li>\n<\/ul>\n\n\n\n<p>Experi\u00eancia pr\u00e9via com gatos ferais ou enfermagem veterin\u00e1ria \u00e9 considerada um diferencial, mas n\u00e3o \u00e9 obrigat\u00f3ria.<\/p>\n\n\n\n<h2 class=\"wp-block-heading\"><strong>Projeto ganhou destaque internacional<\/strong><\/h2>\n\n\n\n<p>O trabalho do Syros Cats ganhou proje\u00e7\u00e3o mundial ap\u00f3s aparecer na s\u00e9rie documental\u00a0<strong>\u201cCat People\u201d<\/strong>, da Netflix, em 2021. O epis\u00f3dio destacou o esfor\u00e7o de protetores de animais na regi\u00e3o e o v\u00ednculo criado entre volunt\u00e1rios e gatos resgatados, impulsionando o interesse internacional pelo programa.<\/p>\n\n\n\n<p>Devido \u00e0 alta procura, as inscri\u00e7\u00f5es para 2026 est\u00e3o&nbsp;<strong>temporariamente encerradas<\/strong>. Os interessados devem acompanhar o site oficial&nbsp;<strong>syroscats.com<\/strong>&nbsp;e as redes sociais do projeto para novas oportunidades.<\/p>\n","protected":false},"excerpt":{"rendered":"<p>Uma ilha paradis\u00edaca no mar Egeu est\u00e1 oferecendo\u00a0hospedagem gratuita por at\u00e9 dois meses, com caf\u00e9 da manh\u00e3 incluso, para brasileiros e volunt\u00e1rios de diversas partes do mundo. A oportunidade acontece na ilha de\u00a0Syros, na Gr\u00e9cia, por meio do projeto\u00a0Syros Cats, que recebe pessoas dispostas a cuidar de gatos resgatados e em situa\u00e7\u00e3o de rua como [&hellip;]<\/p>\n","protected":false},"author":9,"featured_media":32503,"comment_status":"closed","ping_status":"closed","sticky":false,"template":"","format":"standard","meta":{"jnews-multi-image_gallery":[],"jnews_single_post":{"format":"standard"},"jnews_primary_category":[],"jnews_social_meta":[],"jnews_override_counter":[],"jnews_post_split":[],"footnotes":""},"categories":[1],"tags":[],"class_list":["post-32499","post","type-post","status-publish","format-standard","has-post-thumbnail","hentry","category-geral"],"_referencia":"","_links":{"self":[{"href":"https:\/\/diariodocomercio.com.br\/mix\/wp-json\/wp\/v2\/posts\/32499","targetHints":{"allow":["GET"]}}],"collection":[{"href":"https:\/\/diariodocomercio.com.br\/mix\/wp-json\/wp\/v2\/posts"}],"about":[{"href":"https:\/\/diariodocomercio.com.br\/mix\/wp-json\/wp\/v2\/types\/post"}],"author":[{"embeddable":true,"href":"https:\/\/diariodocomercio.com.br\/mix\/wp-json\/wp\/v2\/users\/9"}],"replies":[{"embeddable":true,"href":"https:\/\/diariodocomercio.com.br\/mix\/wp-json\/wp\/v2\/comments?post=32499"}],"version-history":[{"count":1,"href":"https:\/\/diariodocomercio.com.br\/mix\/wp-json\/wp\/v2\/posts\/32499\/revisions"}],"predecessor-version":[{"id":32505,"href":"https:\/\/diariodocomercio.com.br\/mix\/wp-json\/wp\/v2\/posts\/32499\/revisions\/32505"}],"wp:featuredmedia":[{"embeddable":true,"href":"https:\/\/diariodocomercio.com.br\/mix\/wp-json\/wp\/v2\/media\/32503"}],"wp:attachment":[{"href":"https:\/\/diariodocomercio.com.br\/mix\/wp-json\/wp\/v2\/media?parent=32499"}],"wp:term":[{"taxonomy":"category","embeddable":true,"href":"https:\/\/diariodocomercio.com.br\/mix\/wp-json\/wp\/v2\/categories?post=32499"},{"taxonomy":"post_tag","embeddable":true,"href":"https:\/\/diariodocomercio.com.br\/mix\/wp-json\/wp\/v2\/tags?post=32499"}],"curies":[{"name":"wp","href":"https:\/\/api.w.org\/{rel}","templated":true}]}}