{"id":32511,"date":"2026-01-24T16:15:00","date_gmt":"2026-01-24T19:15:00","guid":{"rendered":"https:\/\/diariodocomercio.com.br\/mix\/?p=32511"},"modified":"2026-01-19T17:37:53","modified_gmt":"2026-01-19T20:37:53","slug":"aos-21-anos-freira-brasileira-e-a-mais-bela-do-mundo-e-ja-ganhou-ate-titulo-de-miss-continente","status":"publish","type":"post","link":"https:\/\/diariodocomercio.com.br\/mix\/aos-21-anos-freira-brasileira-e-a-mais-bela-do-mundo-e-ja-ganhou-ate-titulo-de-miss-continente\/","title":{"rendered":"Aos 21 anos, freira brasileira \u00e9 a mais bela do mundo e j\u00e1 ganhou at\u00e9 t\u00edtulo de Miss Continente"},"content":{"rendered":"\n<p>No ano passado, uma freira brasileira, conhecida como irm\u00e3 Eva, viralizou nas redes depois de ser gravada vendendo artigos religiosos em um bar de Goi\u00e2nia, Goi\u00e1s. Antes de vestir o h\u00e1bito, Kamila Cardoso era modelo e miss, tendo vencido o t\u00edtulo de Miss Continente Teen Sol Nascente. Ela tinha o t\u00edtulo e estava prestes a concorrer em um concurso nacional, mas, um dia antes da final, ela desistiu para dedicar sua vida \u00e0 igreja e \u00e0 miss\u00e3o.<\/p>\n\n\n\n<figure class=\"wp-block-embed is-type-video is-provider-tiktok wp-block-embed-tiktok\"><div class=\"wp-block-embed__wrapper\">\n<blockquote class=\"tiktok-embed\" cite=\"https:\/\/www.tiktok.com\/@_thaaisa\/video\/7508453855697341752\" data-video-id=\"7508453855697341752\" data-embed-from=\"oembed\" style=\"max-width:605px; min-width:325px;\"> <section> <a target=\"_blank\" title=\"@_thaaisa\" href=\"https:\/\/www.tiktok.com\/@_thaaisa?refer=embed\" rel=\"noopener\">@_thaaisa<\/a> <p>Agora no bahrem! \u2728<a title=\"goiania\" target=\"_blank\" href=\"https:\/\/www.tiktok.com\/tag\/goiania?refer=embed\" rel=\"noopener\">#goiania<\/a> <a title=\"goianiasertaneja\" target=\"_blank\" href=\"https:\/\/www.tiktok.com\/tag\/goianiasertaneja?refer=embed\" rel=\"noopener\">#goianiasertaneja<\/a> <a title=\"perdoadeus\" target=\"_blank\" href=\"https:\/\/www.tiktok.com\/tag\/perdoadeus?refer=embed\" rel=\"noopener\">#perdoadeus<\/a> <a title=\"goias\ud83e\udd20\ud83c\udf39\" target=\"_blank\" href=\"https:\/\/www.tiktok.com\/tag\/goias%F0%9F%A4%A0%F0%9F%8C%B9?refer=embed\" rel=\"noopener\">#goias\ud83e\udd20\ud83c\udf39<\/a> <\/p> <a target=\"_blank\" title=\"\u266c som original - Status Melodia\" href=\"https:\/\/www.tiktok.com\/music\/som-original-7382207645688695558?refer=embed\" rel=\"noopener\">\u266c som original &#8211; Status Melodia<\/a> <\/section> <\/blockquote> <script async src=\"https:\/\/www.tiktok.com\/embed.js\"><\/script>\n<\/div><\/figure>\n\n\n\n<h2 class=\"wp-block-heading\">Freira ex-miss n\u00e3o faz parte da Igreja Cat\u00f3lica<\/h2>\n\n\n\n<p>Natural de Patos de Minas, Minas Gerais, Irm\u00e3 Eva entrou para a vida religiosa aos 18 anos, seguindo a f\u00e9 ortodoxa, que n\u00e3o est\u00e1 vinculada \u00e0 Igreja Cat\u00f3lica. Ela faz parte da Congrega\u00e7\u00e3o Sancta Dei Genitrix, uma comunidade religiosa independente registrada como Igreja Cat\u00f3lica Orotodoxa Siriana Renovada, com sede em Bras\u00edlia (DF) e comandada pelo Padre Jos\u00e9 Ribamar R. Dias.<\/p>\n\n\n\n<p>O g1 explica que a comunidade tamb\u00e9m mant\u00e9m mais de 18 projetos sociais em Bras\u00edlia, no entorno do Distrito Federal e em Goi\u00e1s, incluindo refor\u00e7o escolar com crian\u00e7as de fam\u00edlias em vulnerabilidade social, atendimentos psicol\u00f3gicos, odontol\u00f3gicos, visitas a penitenci\u00e1rias e hospitais, etc.<\/p>\n\n\n\n<p><em>\u201cAli, entre pessoas comuns, muitas vezes feridas, \u00e9 onde Cristo mais deseja estar, al\u00e9m de espalharmos a caridade arrecadando fundos para nossa comunidade. Como j\u00e1 fui modelo, eu quero que nosso projeto ganhe fama e n\u00e3o s\u00f3 para mim&#8221;<\/em>, afirmou a freira ao g1.<\/p>\n\n\n\n<p>De acordo com a Folha de S\u00e3o Paulo, Kamila explica que a venda dos itens religiosos n\u00e3o \u00e9 apenas uma venda, mas tamb\u00e9m uma &#8220;evangeliza\u00e7\u00e3o&#8221;, com o objetivo de arrecadar recursos que ajudam a financiar projetos sociais mantidos pela comunidade.<\/p>\n\n\n\n<figure class=\"wp-block-image size-full\"><img decoding=\"async\" width=\"1200\" height=\"540\" src=\"https:\/\/diariodocomercio.com.br\/mix\/wp-content\/uploads\/2026\/01\/freira-kamila-cardoso.jpg\" alt=\"freira kamila cardoso\" class=\"wp-image-32518\" srcset=\"https:\/\/diariodocomercio.com.br\/mix\/wp-content\/uploads\/2026\/01\/freira-kamila-cardoso.jpg 1200w, https:\/\/diariodocomercio.com.br\/mix\/wp-content\/uploads\/2026\/01\/freira-kamila-cardoso-300x135.jpg 300w, https:\/\/diariodocomercio.com.br\/mix\/wp-content\/uploads\/2026\/01\/freira-kamila-cardoso-768x346.jpg 768w, https:\/\/diariodocomercio.com.br\/mix\/wp-content\/uploads\/2026\/01\/freira-kamila-cardoso-150x68.jpg 150w, https:\/\/diariodocomercio.com.br\/mix\/wp-content\/uploads\/2026\/01\/freira-kamila-cardoso-750x338.jpg 750w, https:\/\/diariodocomercio.com.br\/mix\/wp-content\/uploads\/2026\/01\/freira-kamila-cardoso-1140x513.jpg 1140w\" sizes=\"(max-width: 1200px) 100vw, 1200px\" \/><figcaption class=\"wp-element-caption\">Imagens: arquivo pessoal\/Kamila Cardoso<\/figcaption><\/figure>\n\n\n\n<style>@media (min-width: 992px) {\n    .recomendadorV2Area1 {\n        width: 280px;\n    }\n    .recomendadorV2Area2 {\n        padding: 0px 20px;\n        width: calc(100% - 280px);\n    }\n}\n\n@media (max-width: 992px) {\n    .recomendadorV2Button {\n        margin: 0 auto;\n    }\n    .recomendadorV2Area {\n        flex-direction: column;\n        text-align: center;\n    }\n    .recomendadorV2Area2 {\n        padding: 0px 20px;\n    }\n}\n\n.recomendadorV2Area {\n    background: #eeeeee3d;\n    border-radius: 10px;\n    padding: 15px;\n    display: flex;\n    margin: 15px auto;\n    border: 1px solid #00000014;\n    max-width: 800px;\n}\n\n.recomendadorV2Area1 img {\n    width: 280px;\n    height: auto;\n    border-radius: 8px;\n}\n\n.linkrecomendadorv2 {\n    text-decoration: none !important;\n}\n\n.recomendadorV2Area2 .recomendadorV2Type {\n    text-transform: uppercase;\n    font-weight: 500;\n    font-size: 11px;\n    letter-spacing: 2px;\n    color: #666;\n    margin: 12px 0;\n    display: block;\n}\n\n.recomendadorV2Title h2 {\n    padding-top: 0px !important;\n    margin: 0px !important;\n    border-left: none !important;\n    padding-left: 0px !important;\n    line-height: 1.3;\n    color: #000 !important;\n    font-size: 24px;\n    margin-bottom: 12px !important;\n}\n\n.recomendadorV2Desc {\n    color: #333;\n    margin: 12px 0px !important;\n    font-size: 15px;\n    line-height: 1.5;\n}\n\n.recomendadorV2Button {\n    width: auto;\n    max-width: 200px;\n    margin: 0;\n    display: inline-flex;\n    align-items: center;\n    background: #1D3557;\n    border-radius: 8px;\n    color: #fff;\n    height: 36px;\n    justify-content: center;\n    text-align: center;\n    font-size: 14px;\n    padding: 0 20px;\n    transition: background-color 0.2s ease;\n}\n\n.recomendadorV2Button:hover {\n    background: #2a4d7a;\n}\n\n.recomendadorV2Button:after {\n    margin-top: -2px;\n    content: \"\u2192\";\n    padding: 0px 0px 0px 8px;\n}\n\n.recomendadorV2Alert {\n    text-align: left;\n    font-size: 11px;\n    margin-top: 8px;\n    color: #666;\n}\n\n.recomendadorFixedArea {\n    width: 100%;\n    display: flex;\n    justify-content: center;\n    align-items: center;\n}\n\n@media (min-width: 992px) {\n    #recomendadorFixed {\n        width: 32% !important;\n        left: 5%;\n    }\n    .recomendadorCloseFixed{\n        right: inherit !important;\n        left: 378px !important;\n    }\n}\n\n#recomendadorFixed {\n    width: 90%;\n    box-shadow: 0 10px 20px 0px #00000057;\n    display: none;\n    height: 90px;\n    background: #F6F6F6;\n    position: fixed;\n    flex-direction: row;\n    bottom: 10px;\n    z-index: 9999;\n    border-radius: 16px;\n    padding: 7px 10px;\n}\n\n.recomendadorLeftArea {\n    width: 160px;\n}\n\n.recomendadorRightArea h2 {\n    padding-top: 0px;\n    margin: 2px 0px 4px 0px !important;\n    font-weight: 400;\n    text-align: center;\n    padding-left: 0px !important;\n    color: #000 !important;\n    border-left: none !important;\n    line-height: 20px;\n    font-size: 12px !important;\n}\n\n.recomendadorImgFixed {\n    overflow: hidden;\n    padding: 8px 6px;\n    height: 100%;\n}\n\n.recomendadorImgFixed img {\n    height: 100% !important;\n    border-radius: 16px;\n}\n\n.recomendadorRightArea {\n    padding-top: 6px;\n    display: flex;\n    width: calc(100% - 130px);\n    justify-content: space-between;\n    align-items: center;\n    flex-direction: column;\n}\n\n.recomendadorButtonFixed {\n    margin: 0 auto;\n    background: #1D3557;\n    width: 80%;\n    text-align: center;\n    font-size: 10px;\n    color: #FFF;\n    padding: 2px 10px;\n    border-radius: 3px;\n}\n\n.recomendadorButtonFixed:after {\n    margin-top: -3px;\n    content: \"\u2192\";\n    padding: 0px 0px 0px 10px;\n}\n\n.recomendadorAlertFixed {\n    font-weight: 400;\n    text-align: center;\n    color: #484848;\n    font-size: 8px;\n}\n\n.recomendadorCloseFixed {\n    z-index: 99999;\n    display: none;\n    right: 0px;\n    left: inherit;\n    bottom: 99px;\n    position: fixed;\n    justify-content: center;\n    background: #F6F6F6;\n    width: 25px;\n    align-items: center;\n    height: 25px;\n    font-weight: 800;\n    border-radius: 50%;\n    border: 1px solid #EBEBEB;\n}\n\n.recomendadorV2Desc{\n    color: #000000;\n    margin: 20px 0px;\n}\n\n@media (max-width: 576px) {\n    .recomendadorV2Area {\n      padding: 10px;\n      max-width: 100%;\n    }\n  \n    .recomendadorV2Area1 img {\n      width: 100%;\n      border-radius: 6px;\n    }\n  \n    .recomendadorV2Area2 .recomendadorV2Type {\n      font-size: 9px;\n      letter-spacing: 1px;\n      margin: 8px 0;\n    }\n  \n    .recomendadorV2Title h2 {\n      font-size: 18px !important;\n      margin-bottom: 8px !important;\n      line-height: 1.2;\n    }\n  \n    .recomendadorV2Desc {\n      font-size: 14px;\n      margin: 8px 0 !important;\n      line-height: 1.4;\n    }\n  \n    .recomendadorV2Button {\n      font-size: 14px;\n      height: 40px;\n      padding: 0 12px;\n      max-width: 100%;\n      width: 100%;\n    }\n  \n    .recomendadorV2Button:after {\n      padding-left: 6px;\n    }\n  }\n  <\/style>\n        <div class=\"lazyblock-recomendador-v2-2jDGz wp-block-lazyblock-recomendador-v2\">\n        <a class=\"linkrecomendadorv2\" href=\"https:\/\/diariodocomercio.com.br\/mix\/fim-do-silicone-nova-tecnologia-promete-aumentar-os-seios-sem-cirurgia\/\">\n            <div class=\"recomendadorV2Area\">\n            <div class=\"recomendadorV2Area1\">\n                <div class=\"recomendadorV2Img\">\n                <img class=\"lazyloaded\" decoding=\"async\" src=\"https:\/\/diariodocomercio.com.br\/mix\/wp-content\/uploads\/2026\/01\/silicone.jpg\" data-src=\"https:\/\/diariodocomercio.com.br\/mix\/wp-content\/uploads\/2026\/01\/silicone.jpg\" alt=\"\">\n                <\/div>\n            <\/div>\n            <div class=\"recomendadorV2Area2\">\n                <div class=\"recomendadorV2Type\">\n                    <span>BELEZA<\/span>\n                <\/div>\n                <div class=\"recomendadorV2Title\">\n                <h2><span>Fim do silicone? Nova tecnologia promete aumentar os seios sem cirurgia<\/span><\/h2>\n                <\/div>\n                <div class=\"recomendadorV2Desc\">\n                <span>At\u00e9 ent\u00e3o, existiam dois caminhos para quem quisesse aumentar o tamanho dos seios: ganhar peso ou colocar um silicone. Mas ..<\/span>\n                <\/div>\n                <div class=\"recomendadorV2Button\">Leia mais<\/div>\n                <div class=\"recomendadorV2Alert\"><\/div>\n            <\/div>\n            <\/div>\n        <\/a>\n        <div>\n            <div style=\"z-index:99999;\" id=\"buttonClose\" onclick=\"closeRecomendadorFixed()\">\n            <div class=\"recomendadorCloseFixed\">X<\/div>\n            <\/div>\n            <a href=\"https:\/\/diariodocomercio.com.br\/mix\/fim-do-silicone-nova-tecnologia-promete-aumentar-os-seios-sem-cirurgia\/\">\n            <div class=\"recomendadorFixedArea\">\n                <div id=\"recomendadorFixed\">\n                <div class=\"recomendadorLeftArea\">\n                    <div class=\"recomendadorImgFixed\">\n                    <img class=\"lazyload\" decoding=\"async\" src=\"https:\/\/diariodocomercio.com.br\/mix\/wp-content\/uploads\/2026\/01\/silicone.jpg\" alt=\"\">\n                    <\/div>\n                <\/div>\n                <div class=\"recomendadorRightArea\">\n                    <div class=\"recomendadorTitleFixed\">\n                    <h2><span>Fim do silicone? Nova tecnologia promete aumentar os seios sem cirurgia<\/span><\/h2>\n                    <\/div>\n                    <div class=\"recomendadorButtonFixed\">Leia mais<\/div>\n                    <div class=\"recomendadorAlertFixed\"><\/div>\n                <\/div>\n                <\/div>\n            <\/div>\n            <\/a>\n        <\/div>\n        <\/div>\n","protected":false},"excerpt":{"rendered":"<p>No ano passado, uma freira brasileira, conhecida como irm\u00e3 Eva, viralizou nas redes depois de ser gravada vendendo artigos religiosos em um bar de Goi\u00e2nia, Goi\u00e1s. Antes de vestir o h\u00e1bito, Kamila Cardoso era modelo e miss, tendo vencido o t\u00edtulo de Miss Continente Teen Sol Nascente. Ela tinha o t\u00edtulo e estava prestes a [&hellip;]<\/p>\n","protected":false},"author":6,"featured_media":32515,"comment_status":"closed","ping_status":"closed","sticky":false,"template":"","format":"standard","meta":{"jnews-multi-image_gallery":[],"jnews_single_post":{"format":"standard"},"jnews_primary_category":[],"jnews_social_meta":[],"jnews_override_counter":[],"jnews_post_split":[],"footnotes":""},"categories":[1],"tags":[],"class_list":["post-32511","post","type-post","status-publish","format-standard","has-post-thumbnail","hentry","category-geral"],"_referencia":"","_links":{"self":[{"href":"https:\/\/diariodocomercio.com.br\/mix\/wp-json\/wp\/v2\/posts\/32511","targetHints":{"allow":["GET"]}}],"collection":[{"href":"https:\/\/diariodocomercio.com.br\/mix\/wp-json\/wp\/v2\/posts"}],"about":[{"href":"https:\/\/diariodocomercio.com.br\/mix\/wp-json\/wp\/v2\/types\/post"}],"author":[{"embeddable":true,"href":"https:\/\/diariodocomercio.com.br\/mix\/wp-json\/wp\/v2\/users\/6"}],"replies":[{"embeddable":true,"href":"https:\/\/diariodocomercio.com.br\/mix\/wp-json\/wp\/v2\/comments?post=32511"}],"version-history":[{"count":2,"href":"https:\/\/diariodocomercio.com.br\/mix\/wp-json\/wp\/v2\/posts\/32511\/revisions"}],"predecessor-version":[{"id":32525,"href":"https:\/\/diariodocomercio.com.br\/mix\/wp-json\/wp\/v2\/posts\/32511\/revisions\/32525"}],"wp:featuredmedia":[{"embeddable":true,"href":"https:\/\/diariodocomercio.com.br\/mix\/wp-json\/wp\/v2\/media\/32515"}],"wp:attachment":[{"href":"https:\/\/diariodocomercio.com.br\/mix\/wp-json\/wp\/v2\/media?parent=32511"}],"wp:term":[{"taxonomy":"category","embeddable":true,"href":"https:\/\/diariodocomercio.com.br\/mix\/wp-json\/wp\/v2\/categories?post=32511"},{"taxonomy":"post_tag","embeddable":true,"href":"https:\/\/diariodocomercio.com.br\/mix\/wp-json\/wp\/v2\/tags?post=32511"}],"curies":[{"name":"wp","href":"https:\/\/api.w.org\/{rel}","templated":true}]}}