{"id":32582,"date":"2026-01-19T21:29:00","date_gmt":"2026-01-20T00:29:00","guid":{"rendered":"https:\/\/diariodocomercio.com.br\/mix\/?p=32582"},"modified":"2026-01-19T21:06:07","modified_gmt":"2026-01-20T00:06:07","slug":"inss-ficara-suspenso-por-3-dias-e-aposentados-sao-pegos-de-surpresa","status":"publish","type":"post","link":"https:\/\/diariodocomercio.com.br\/mix\/inss-ficara-suspenso-por-3-dias-e-aposentados-sao-pegos-de-surpresa\/","title":{"rendered":"INSS ficar\u00e1 suspenso por 3 dias e aposentados s\u00e3o pegos de surpresa"},"content":{"rendered":"\n<p>A moderniza\u00e7\u00e3o dos sistemas previdenci\u00e1rios levar\u00e1 ao fechamento das ag\u00eancias do Instituto Nacional do Seguro Social (INSS) em todo o Brasil nos dias <strong>28, 29 <\/strong>e <strong>30 de janeiro <\/strong>de 2026. Essa interrup\u00e7\u00e3o, que tamb\u00e9m afetar\u00e1 o site Meu INSS e a Central 135, come\u00e7ar\u00e1 na noite do dia 27 de janeiro e seguir\u00e1 at\u00e9 31 de janeiro. Conforme o INSS, a medida visa aprimorar a estabilidade e seguran\u00e7a dos servi\u00e7os oferecidos aos cidad\u00e3os.<\/p>\n\n\n\n<p>O fechamento tempor\u00e1rio de todas as unidades e a suspens\u00e3o dos servi\u00e7os digitais afetar\u00e3o diversos agendamentos, incluindo <strong>per\u00edcias m\u00e9dicas<\/strong>. Para minimizar os impactos, o INSS anunciou atendimentos presenciais extras nos finais de semana de janeiro, especificamente nos dias 17, 18, 24 e 25, garantindo aos benefici\u00e1rios o reencaixe em dias \u00fateis ap\u00f3s a reabertura das ag\u00eancias.<\/p>\n\n\n\n<h2 class=\"wp-block-heading\">Atendimento<\/h2>\n\n\n\n<p>Durante o per\u00edodo de suspens\u00e3o, v\u00e1rias funcionalidades essenciais ficar\u00e3o indispon\u00edveis. Entre elas, consultas de benef\u00edcios, emiss\u00e3o de extratos e agendamentos. Benefici\u00e1rios s\u00e3o encorajados a verificar suas pend\u00eancias no Meu INSS antes da paralisa\u00e7\u00e3o.<\/p>\n\n\n\n<p>O INSS garantiu que o calend\u00e1rio de pagamentos de benef\u00edcios, como aposentadorias e pens\u00f5es, <strong>n\u00e3o ser\u00e1 afetado.<\/strong> No entanto, os segurados devem se antecipar e manter registros dos atendimentos no per\u00edodo para evitar contratempos. Al\u00e9m disso, todos os protocolos e comprovantes devem ser armazenados adequadamente.<\/p>\n\n\n\n<p>Com a suspens\u00e3o, prazos administrativos e o cumprimento de exig\u00eancias regulamentares ser\u00e3o desafiadores. Para advogados e contadores, a antecipa\u00e7\u00e3o de prazos e protocolos ser\u00e1 crucial para mitigar os efeitos da pausa dos sistemas.<\/p>\n","protected":false},"excerpt":{"rendered":"<p>O fechamento de todas as unidades afetar\u00e1 diversos agendamentos.<\/p>\n","protected":false},"author":12,"featured_media":10504,"comment_status":"closed","ping_status":"closed","sticky":false,"template":"","format":"standard","meta":{"jnews-multi-image_gallery":[],"jnews_single_post":{"format":"standard"},"jnews_primary_category":[],"jnews_social_meta":[],"jnews_override_counter":[],"jnews_post_split":[],"footnotes":""},"categories":[1],"tags":[],"class_list":["post-32582","post","type-post","status-publish","format-standard","has-post-thumbnail","hentry","category-geral"],"_referencia":"","_links":{"self":[{"href":"https:\/\/diariodocomercio.com.br\/mix\/wp-json\/wp\/v2\/posts\/32582","targetHints":{"allow":["GET"]}}],"collection":[{"href":"https:\/\/diariodocomercio.com.br\/mix\/wp-json\/wp\/v2\/posts"}],"about":[{"href":"https:\/\/diariodocomercio.com.br\/mix\/wp-json\/wp\/v2\/types\/post"}],"author":[{"embeddable":true,"href":"https:\/\/diariodocomercio.com.br\/mix\/wp-json\/wp\/v2\/users\/12"}],"replies":[{"embeddable":true,"href":"https:\/\/diariodocomercio.com.br\/mix\/wp-json\/wp\/v2\/comments?post=32582"}],"version-history":[{"count":1,"href":"https:\/\/diariodocomercio.com.br\/mix\/wp-json\/wp\/v2\/posts\/32582\/revisions"}],"predecessor-version":[{"id":32583,"href":"https:\/\/diariodocomercio.com.br\/mix\/wp-json\/wp\/v2\/posts\/32582\/revisions\/32583"}],"wp:featuredmedia":[{"embeddable":true,"href":"https:\/\/diariodocomercio.com.br\/mix\/wp-json\/wp\/v2\/media\/10504"}],"wp:attachment":[{"href":"https:\/\/diariodocomercio.com.br\/mix\/wp-json\/wp\/v2\/media?parent=32582"}],"wp:term":[{"taxonomy":"category","embeddable":true,"href":"https:\/\/diariodocomercio.com.br\/mix\/wp-json\/wp\/v2\/categories?post=32582"},{"taxonomy":"post_tag","embeddable":true,"href":"https:\/\/diariodocomercio.com.br\/mix\/wp-json\/wp\/v2\/tags?post=32582"}],"curies":[{"name":"wp","href":"https:\/\/api.w.org\/{rel}","templated":true}]}}