{"id":32604,"date":"2026-01-20T10:09:00","date_gmt":"2026-01-20T13:09:00","guid":{"rendered":"https:\/\/diariodocomercio.com.br\/mix\/?p=32604"},"modified":"2026-01-20T10:09:02","modified_gmt":"2026-01-20T13:09:02","slug":"governo-surpreende-e-vai-reduzir-r-121-no-salario-minimo-dos-aposentados","status":"publish","type":"post","link":"https:\/\/diariodocomercio.com.br\/mix\/governo-surpreende-e-vai-reduzir-r-121-no-salario-minimo-dos-aposentados\/","title":{"rendered":"Governo surpreende e vai reduzir R$ 121 no sal\u00e1rio m\u00ednimo dos aposentados"},"content":{"rendered":"\n<p>O sal\u00e1rio m\u00ednimo de R$ 1.621 em 2026 n\u00e3o ser\u00e1 recebido de forma integral por todos. Com a atualiza\u00e7\u00e3o da tabela de contribui\u00e7\u00f5es ao INSS, aposentados que seguem trabalhando formalmente passar\u00e3o a ter descontos obrigat\u00f3rios na folha de pagamento, o que pode representar uma redu\u00e7\u00e3o de at\u00e9 R$ 121 no valor bruto mensal, na pr\u00e1tica, por meio da cobran\u00e7a previdenci\u00e1ria.<\/p>\n\n\n\n<p>A mudan\u00e7a n\u00e3o se trata de um corte direto no benef\u00edcio previdenci\u00e1rio, mas da incid\u00eancia obrigat\u00f3ria da contribui\u00e7\u00e3o ao INSS sobre o sal\u00e1rio recebido por aposentados que continuam exercendo atividade remunerada. Pela legisla\u00e7\u00e3o, mesmo j\u00e1 aposentado, o trabalhador com carteira assinada, dom\u00e9stico, contribuinte avulso ou aut\u00f4nomo \u00e9 obrigado a recolher o INSS normalmente.<\/p>\n\n\n\n<p>Os novos valores est\u00e3o em vigor desde 1\u00ba de janeiro de 2026 e come\u00e7am a ser descontados efetivamente nos pagamentos feitos a partir de fevereiro, j\u00e1 que a contribui\u00e7\u00e3o incide sempre sobre o sal\u00e1rio do m\u00eas anterior.<\/p>\n\n\n\n<h2 class=\"wp-block-heading\"><strong>Quanto ser\u00e1 descontado<\/strong><\/h2>\n\n\n\n<p>Com o sal\u00e1rio m\u00ednimo fixado em R$ 1.621,00, o aposentado que trabalha e recebe esse valor passa a contribuir com a al\u00edquota m\u00ednima de 7,5%. Na pr\u00e1tica, isso representa um desconto mensal de cerca de R$ 121, reduzindo o valor l\u00edquido recebido.<\/p>\n\n\n\n<p>As al\u00edquotas atualizadas para 2026, divulgadas pelo Minist\u00e9rio da Previd\u00eancia Social e corrigidas pelo INPC (3,90%), s\u00e3o as seguintes:<\/p>\n\n\n\n<ul class=\"wp-block-list\">\n<li><strong>7,5%<\/strong>\u00a0para sal\u00e1rios de at\u00e9 R$ 1.621,00<\/li>\n\n\n\n<li><strong>9%<\/strong>\u00a0para sal\u00e1rios de R$ 1.621,01 a R$ 2.902,84<\/li>\n\n\n\n<li><strong>12%<\/strong>\u00a0para sal\u00e1rios de R$ 2.902,85 a R$ 4.354,27<\/li>\n\n\n\n<li><strong>14%<\/strong>\u00a0para sal\u00e1rios de R$ 4.354,28 a R$ 8.475,55<\/li>\n<\/ul>\n\n\n\n<p>Essas al\u00edquotas valem para trabalhadores empregados, dom\u00e9sticos, contribuintes avulsos, aut\u00f4nomos e microempreendedores individuais.<\/p>\n\n\n\n<h2 class=\"wp-block-heading\"><strong>Como funciona o c\u00e1lculo<\/strong><\/h2>\n\n\n\n<p>O sistema de contribui\u00e7\u00e3o ao INSS \u00e9 progressivo. Isso significa que cada al\u00edquota incide apenas sobre a parcela do sal\u00e1rio correspondente \u00e0quela faixa, e n\u00e3o sobre o valor total. O c\u00e1lculo \u00e9 feito at\u00e9 o teto previdenci\u00e1rio, que em 2026 \u00e9 de R$ 8.475,55.<\/p>\n\n\n\n<p>Mesmo com esse modelo, no caso de quem recebe um sal\u00e1rio m\u00ednimo, todo o valor fica enquadrado na primeira faixa, o que torna o desconto integralmente de 7,5%.<\/p>\n\n\n\n<h2 class=\"wp-block-heading\"><strong>Quem n\u00e3o \u00e9 afetado<\/strong><\/h2>\n\n\n\n<p>Aposentados que n\u00e3o exercem nenhuma atividade remunerada n\u00e3o sofrem qualquer desconto adicional no benef\u00edcio. O impacto ocorre exclusivamente para quem continua trabalhando ap\u00f3s a aposentadoria, situa\u00e7\u00e3o cada vez mais comum diante do aumento do custo de vida.<\/p>\n\n\n\n<p>Na pr\u00e1tica, a atualiza\u00e7\u00e3o da tabela faz com que parte do reajuste do sal\u00e1rio m\u00ednimo seja absorvida pelo desconto previdenci\u00e1rio. Especialistas alertam que, embora a contribui\u00e7\u00e3o seja obrigat\u00f3ria, ela n\u00e3o gera direito a uma nova aposentadoria ou aumento do benef\u00edcio j\u00e1 concedido \u2014 funcionando apenas como recolhimento para o sistema.<\/p>\n","protected":false},"excerpt":{"rendered":"<p>O sal\u00e1rio m\u00ednimo de R$ 1.621 em 2026 n\u00e3o ser\u00e1 recebido de forma integral por todos. Com a atualiza\u00e7\u00e3o da tabela de contribui\u00e7\u00f5es ao INSS, aposentados que seguem trabalhando formalmente passar\u00e3o a ter descontos obrigat\u00f3rios na folha de pagamento, o que pode representar uma redu\u00e7\u00e3o de at\u00e9 R$ 121 no valor bruto mensal, na pr\u00e1tica, [&hellip;]<\/p>\n","protected":false},"author":9,"featured_media":6223,"comment_status":"closed","ping_status":"closed","sticky":false,"template":"","format":"standard","meta":{"jnews-multi-image_gallery":[],"jnews_single_post":{"format":"standard"},"jnews_primary_category":[],"jnews_social_meta":[],"jnews_override_counter":[],"jnews_post_split":[],"footnotes":""},"categories":[1],"tags":[],"class_list":["post-32604","post","type-post","status-publish","format-standard","has-post-thumbnail","hentry","category-geral"],"_referencia":"","_links":{"self":[{"href":"https:\/\/diariodocomercio.com.br\/mix\/wp-json\/wp\/v2\/posts\/32604","targetHints":{"allow":["GET"]}}],"collection":[{"href":"https:\/\/diariodocomercio.com.br\/mix\/wp-json\/wp\/v2\/posts"}],"about":[{"href":"https:\/\/diariodocomercio.com.br\/mix\/wp-json\/wp\/v2\/types\/post"}],"author":[{"embeddable":true,"href":"https:\/\/diariodocomercio.com.br\/mix\/wp-json\/wp\/v2\/users\/9"}],"replies":[{"embeddable":true,"href":"https:\/\/diariodocomercio.com.br\/mix\/wp-json\/wp\/v2\/comments?post=32604"}],"version-history":[{"count":1,"href":"https:\/\/diariodocomercio.com.br\/mix\/wp-json\/wp\/v2\/posts\/32604\/revisions"}],"predecessor-version":[{"id":32606,"href":"https:\/\/diariodocomercio.com.br\/mix\/wp-json\/wp\/v2\/posts\/32604\/revisions\/32606"}],"wp:featuredmedia":[{"embeddable":true,"href":"https:\/\/diariodocomercio.com.br\/mix\/wp-json\/wp\/v2\/media\/6223"}],"wp:attachment":[{"href":"https:\/\/diariodocomercio.com.br\/mix\/wp-json\/wp\/v2\/media?parent=32604"}],"wp:term":[{"taxonomy":"category","embeddable":true,"href":"https:\/\/diariodocomercio.com.br\/mix\/wp-json\/wp\/v2\/categories?post=32604"},{"taxonomy":"post_tag","embeddable":true,"href":"https:\/\/diariodocomercio.com.br\/mix\/wp-json\/wp\/v2\/tags?post=32604"}],"curies":[{"name":"wp","href":"https:\/\/api.w.org\/{rel}","templated":true}]}}