{"id":32628,"date":"2026-01-24T13:15:00","date_gmt":"2026-01-24T16:15:00","guid":{"rendered":"https:\/\/diariodocomercio.com.br\/mix\/?p=32628"},"modified":"2026-01-20T14:12:18","modified_gmt":"2026-01-20T17:12:18","slug":"craque-ex-real-madrid-que-acumulou-r-121-milhoes-em-contratos-vive-atualmente-em-situacao-de-rua","status":"publish","type":"post","link":"https:\/\/diariodocomercio.com.br\/mix\/craque-ex-real-madrid-que-acumulou-r-121-milhoes-em-contratos-vive-atualmente-em-situacao-de-rua\/","title":{"rendered":"Craque ex-Real Madrid, que acumulou R$ 121 milh\u00f5es em contratos, vive atualmente em situa\u00e7\u00e3o de rua"},"content":{"rendered":"\n<p>A trajet\u00f3ria de sucesso financeiro no esporte profissional nem sempre garante estabilidade ap\u00f3s o fim da carreira. O ex-jogador da NBA\u00a0<strong>Kyle Singler<\/strong>, de 37 anos, revelou nas redes sociais que est\u00e1 vivendo em situa\u00e7\u00e3o de rua, mesmo depois de ter acumulado cerca de\u00a0<strong>US$ 22,6 milh\u00f5es (aproximadamente R$ 121 milh\u00f5es)<\/strong>\u00a0em sal\u00e1rios durante sua passagem pelo basquete profissional nos Estados Unidos e na Europa.<\/p>\n\n\n\n<p>Kyle Singler ganhou proje\u00e7\u00e3o internacional ao atuar pela Universidade de Duke e, posteriormente, por seis temporadas na NBA, defendendo&nbsp;<strong>Detroit Pistons<\/strong>&nbsp;e&nbsp;<strong>Oklahoma City Thunder<\/strong>, ap\u00f3s ser selecionado no draft de 2011. O ala tamb\u00e9m vestiu a camisa do&nbsp;<strong>Real Madrid<\/strong>, da Espanha, antes de encerrar a carreira.<\/p>\n\n\n\n<p>Em um v\u00eddeo publicado recentemente em suas redes sociais, Singler apareceu visivelmente abalado e afirmou n\u00e3o se sentir seguro. \u201c<strong>Eu n\u00e3o me sinto seguro. Tenho pessoas na minha vida tirando meu dinheiro<\/strong>\u201d, declarou o ex-atleta, em um desabafo que rapidamente repercutiu nos Estados Unidos.<\/p>\n\n\n<div class=\"wp-block-image\">\n<figure class=\"aligncenter size-full\"><img decoding=\"async\" width=\"640\" height=\"427\" src=\"https:\/\/diariodocomercio.com.br\/mix\/wp-content\/uploads\/2026\/01\/image-201.png\" alt=\"\" class=\"wp-image-32646\" srcset=\"https:\/\/diariodocomercio.com.br\/mix\/wp-content\/uploads\/2026\/01\/image-201.png 640w, https:\/\/diariodocomercio.com.br\/mix\/wp-content\/uploads\/2026\/01\/image-201-300x200.png 300w, https:\/\/diariodocomercio.com.br\/mix\/wp-content\/uploads\/2026\/01\/image-201-150x100.png 150w\" sizes=\"(max-width: 640px) 100vw, 640px\" \/><\/figure>\n<\/div>\n\n\n<h2 class=\"wp-block-heading\"><strong>Acusa\u00e7\u00f5es graves e preocupa\u00e7\u00e3o com a sa\u00fade mental<\/strong><\/h2>\n\n\n\n<p>No mesmo relato, Singler fez acusa\u00e7\u00f5es graves envolvendo pessoas de seu conv\u00edvio. Segundo ele, seu filho estaria sendo v\u00edtima de abusos \u201c<strong>sexuais, f\u00edsicos, emocionais e espirituais<\/strong>\u201d. O ex-jogador tamb\u00e9m criticou amigos, institui\u00e7\u00f5es e conhecidos que, de acordo com seu relato, teriam conhecimento da situa\u00e7\u00e3o, mas n\u00e3o estariam oferecendo ajuda.<\/p>\n\n\n\n<p>\u201c<strong>Estou sozinho, sem casa, e as pessoas est\u00e3o se aproveitando de mim. Meu filho tem sido usado como uma arma contra mim<\/strong>\u201d, afirmou Singler, em tom exaltado. As declara\u00e7\u00f5es levantaram preocupa\u00e7\u00e3o sobre sua sa\u00fade mental, especialmente porque n\u00e3o \u00e9 a primeira vez que o ex-atleta publica conte\u00fados considerados alarmantes.<\/p>\n\n\n\n<h2 class=\"wp-block-heading\"><strong>Hist\u00f3rico recente acende alertas<\/strong><\/h2>\n\n\n\n<p>Em outubro, Singler chegou a ser preso em Oklahoma e acusado de agress\u00e3o leve, ap\u00f3s supostamente agarrar a cabe\u00e7a da ent\u00e3o namorada e empurr\u00e1-la no ch\u00e3o diante do filho. O caso aumentou a aten\u00e7\u00e3o em torno de sua situa\u00e7\u00e3o pessoal.<\/p>\n\n\n\n<p>No fim de 2024, v\u00eddeos semelhantes j\u00e1 haviam mobilizado outros jogadores da NBA, que entraram em contato para oferecer apoio e demonstrar preocupa\u00e7\u00e3o com seu bem-estar psicol\u00f3gico.<\/p>\n","protected":false},"excerpt":{"rendered":"<p>A trajet\u00f3ria de sucesso financeiro no esporte profissional nem sempre garante estabilidade ap\u00f3s o fim da carreira. O ex-jogador da NBA\u00a0Kyle Singler, de 37 anos, revelou nas redes sociais que est\u00e1 vivendo em situa\u00e7\u00e3o de rua, mesmo depois de ter acumulado cerca de\u00a0US$ 22,6 milh\u00f5es (aproximadamente R$ 121 milh\u00f5es)\u00a0em sal\u00e1rios durante sua passagem pelo basquete [&hellip;]<\/p>\n","protected":false},"author":9,"featured_media":32645,"comment_status":"closed","ping_status":"closed","sticky":false,"template":"","format":"standard","meta":{"jnews-multi-image_gallery":[],"jnews_single_post":{"format":"standard"},"jnews_primary_category":[],"jnews_social_meta":[],"jnews_override_counter":[],"jnews_post_split":[],"footnotes":""},"categories":[1],"tags":[],"class_list":["post-32628","post","type-post","status-publish","format-standard","has-post-thumbnail","hentry","category-geral"],"_referencia":"","_links":{"self":[{"href":"https:\/\/diariodocomercio.com.br\/mix\/wp-json\/wp\/v2\/posts\/32628","targetHints":{"allow":["GET"]}}],"collection":[{"href":"https:\/\/diariodocomercio.com.br\/mix\/wp-json\/wp\/v2\/posts"}],"about":[{"href":"https:\/\/diariodocomercio.com.br\/mix\/wp-json\/wp\/v2\/types\/post"}],"author":[{"embeddable":true,"href":"https:\/\/diariodocomercio.com.br\/mix\/wp-json\/wp\/v2\/users\/9"}],"replies":[{"embeddable":true,"href":"https:\/\/diariodocomercio.com.br\/mix\/wp-json\/wp\/v2\/comments?post=32628"}],"version-history":[{"count":1,"href":"https:\/\/diariodocomercio.com.br\/mix\/wp-json\/wp\/v2\/posts\/32628\/revisions"}],"predecessor-version":[{"id":32647,"href":"https:\/\/diariodocomercio.com.br\/mix\/wp-json\/wp\/v2\/posts\/32628\/revisions\/32647"}],"wp:featuredmedia":[{"embeddable":true,"href":"https:\/\/diariodocomercio.com.br\/mix\/wp-json\/wp\/v2\/media\/32645"}],"wp:attachment":[{"href":"https:\/\/diariodocomercio.com.br\/mix\/wp-json\/wp\/v2\/media?parent=32628"}],"wp:term":[{"taxonomy":"category","embeddable":true,"href":"https:\/\/diariodocomercio.com.br\/mix\/wp-json\/wp\/v2\/categories?post=32628"},{"taxonomy":"post_tag","embeddable":true,"href":"https:\/\/diariodocomercio.com.br\/mix\/wp-json\/wp\/v2\/tags?post=32628"}],"curies":[{"name":"wp","href":"https:\/\/api.w.org\/{rel}","templated":true}]}}