{"id":32669,"date":"2026-01-20T16:21:10","date_gmt":"2026-01-20T19:21:10","guid":{"rendered":"https:\/\/diariodocomercio.com.br\/mix\/?p=32669"},"modified":"2026-01-20T16:21:13","modified_gmt":"2026-01-20T19:21:13","slug":"politico-brasileiro-perde-reuniao-importante-com-o-papa-leao-xiv-e-culpa-companhia-aerea","status":"publish","type":"post","link":"https:\/\/diariodocomercio.com.br\/mix\/politico-brasileiro-perde-reuniao-importante-com-o-papa-leao-xiv-e-culpa-companhia-aerea\/","title":{"rendered":"Pol\u00edtico brasileiro perde reuni\u00e3o importante com o Papa Le\u00e3o XIV e culpa companhia a\u00e9rea"},"content":{"rendered":"\n<p>O ex-prefeito de Curitiba e atual secret\u00e1rio de Estado do Governo do Paran\u00e1,\u00a0<strong>Rafael Greca (PSD)<\/strong>, afirmou ter perdido uma audi\u00eancia previamente agendada com o\u00a0<strong>Papa Le\u00e3o XIV<\/strong>, no Vaticano, ap\u00f3s o cancelamento de um voo da companhia a\u00e9rea\u00a0<strong>Azul<\/strong>. O compromisso integrava a programa\u00e7\u00e3o oficial das comemora\u00e7\u00f5es pelos\u00a0<strong>200 anos das rela\u00e7\u00f5es diplom\u00e1ticas entre o Brasil e a Santa S\u00e9<\/strong>.<\/p>\n\n\n\n<p>Segundo relato publicado por Greca nas redes sociais nesta segunda-feira (19), o problema ocorreu ap\u00f3s um&nbsp;<strong>atraso grave no voo AD2818<\/strong>, que faria o trecho&nbsp;<strong>Curitiba\u2013Guarulhos<\/strong>. O contratempo impediu o secret\u00e1rio de embarcar no voo internacional da companhia&nbsp;<strong>ITA Airways<\/strong>, que seguiria de S\u00e3o Paulo para Roma.<\/p>\n\n\n\n<p>Sem conseguir chegar \u00e0 It\u00e1lia a tempo, Greca perdeu a audi\u00eancia com o pont\u00edfice, considerada por ele de&nbsp;<strong>relev\u00e2ncia institucional e diplom\u00e1tica<\/strong>.<\/p>\n\n\n<div class=\"wp-block-image\">\n<figure class=\"aligncenter size-full\"><img decoding=\"async\" width=\"800\" height=\"555\" src=\"https:\/\/diariodocomercio.com.br\/mix\/wp-content\/uploads\/2026\/01\/image-205.png\" alt=\"\" class=\"wp-image-32672\" srcset=\"https:\/\/diariodocomercio.com.br\/mix\/wp-content\/uploads\/2026\/01\/image-205.png 800w, https:\/\/diariodocomercio.com.br\/mix\/wp-content\/uploads\/2026\/01\/image-205-300x208.png 300w, https:\/\/diariodocomercio.com.br\/mix\/wp-content\/uploads\/2026\/01\/image-205-768x533.png 768w, https:\/\/diariodocomercio.com.br\/mix\/wp-content\/uploads\/2026\/01\/image-205-150x104.png 150w, https:\/\/diariodocomercio.com.br\/mix\/wp-content\/uploads\/2026\/01\/image-205-750x520.png 750w\" sizes=\"(max-width: 800px) 100vw, 800px\" \/><figcaption class=\"wp-element-caption\">Rafael Greca<\/figcaption><\/figure>\n<\/div>\n\n\n<h2 class=\"wp-block-heading\"><strong>\u201cFalta de empatia\u201d, diz Greca<\/strong><\/h2>\n\n\n\n<p>No desabafo, o ex-prefeito relatou frustra\u00e7\u00e3o com a postura das empresas envolvidas. Segundo ele, ao buscar alternativas, recebeu apenas respostas padronizadas, sem qualquer tentativa de solu\u00e7\u00e3o imediata.<\/p>\n\n\n\n<blockquote class=\"wp-block-quote is-layout-flow wp-block-quote-is-layout-flow\">\n<p>\u201cO sentimento foi de revolta diante da falta de empatia e de um atendimento mec\u00e2nico, como se o impacto institucional da viagem n\u00e3o tivesse import\u00e2ncia\u201d, escreveu Greca.<\/p>\n<\/blockquote>\n\n\n\n<p>O secret\u00e1rio tamb\u00e9m criticou a atua\u00e7\u00e3o da&nbsp;<strong>Condor Turismo<\/strong>, ag\u00eancia respons\u00e1vel pela intermedia\u00e7\u00e3o das passagens. De acordo com ele, houve \u201cabandono\u201d e \u201ccomodismo\u201d no suporte prestado.<\/p>\n\n\n\n<blockquote class=\"wp-block-quote is-layout-flow wp-block-quote-is-layout-flow\">\n<p>\u201cN\u00e3o houve orienta\u00e7\u00e3o, tentativa de reacomoda\u00e7\u00e3o em outros voos nem qualquer media\u00e7\u00e3o efetiva\u201d, afirmou.<\/p>\n<\/blockquote>\n\n\n\n<h2 class=\"wp-block-heading\"><strong>O que diz a companhia a\u00e9rea<\/strong><\/h2>\n\n\n\n<p>Procurada pela imprensa, a\u00a0<strong>Azul Linhas A\u00e9reas<\/strong>\u00a0informou, em nota, que o voo AD2818 teve a decolagem adiada por\u00a0<strong>quest\u00f5es t\u00e9cnicas<\/strong>, o que exigiu a troca da aeronave. A empresa afirmou ainda que prestou a assist\u00eancia prevista na\u00a0<strong>Resolu\u00e7\u00e3o 400 da Ag\u00eancia Nacional de Avia\u00e7\u00e3o Civil (Anac)<\/strong>, que inclui op\u00e7\u00f5es de remarca\u00e7\u00e3o ou reembolso aos passageiros afetados.<\/p>\n\n\n\n<p>A companhia ressaltou que tamb\u00e9m ofereceu reacomoda\u00e7\u00e3o em voos pr\u00f3prios e de outras empresas, conforme determina a regulamenta\u00e7\u00e3o.<\/p>\n","protected":false},"excerpt":{"rendered":"<p>O ex-prefeito de Curitiba e atual secret\u00e1rio de Estado do Governo do Paran\u00e1,\u00a0Rafael Greca (PSD), afirmou ter perdido uma audi\u00eancia previamente agendada com o\u00a0Papa Le\u00e3o XIV, no Vaticano, ap\u00f3s o cancelamento de um voo da companhia a\u00e9rea\u00a0Azul. O compromisso integrava a programa\u00e7\u00e3o oficial das comemora\u00e7\u00f5es pelos\u00a0200 anos das rela\u00e7\u00f5es diplom\u00e1ticas entre o Brasil e a [&hellip;]<\/p>\n","protected":false},"author":9,"featured_media":32670,"comment_status":"closed","ping_status":"closed","sticky":false,"template":"","format":"standard","meta":{"jnews-multi-image_gallery":[],"jnews_single_post":{"format":"standard"},"jnews_primary_category":[],"jnews_social_meta":[],"jnews_override_counter":[],"jnews_post_split":[],"footnotes":""},"categories":[1],"tags":[],"class_list":["post-32669","post","type-post","status-publish","format-standard","has-post-thumbnail","hentry","category-geral"],"_referencia":"","_links":{"self":[{"href":"https:\/\/diariodocomercio.com.br\/mix\/wp-json\/wp\/v2\/posts\/32669","targetHints":{"allow":["GET"]}}],"collection":[{"href":"https:\/\/diariodocomercio.com.br\/mix\/wp-json\/wp\/v2\/posts"}],"about":[{"href":"https:\/\/diariodocomercio.com.br\/mix\/wp-json\/wp\/v2\/types\/post"}],"author":[{"embeddable":true,"href":"https:\/\/diariodocomercio.com.br\/mix\/wp-json\/wp\/v2\/users\/9"}],"replies":[{"embeddable":true,"href":"https:\/\/diariodocomercio.com.br\/mix\/wp-json\/wp\/v2\/comments?post=32669"}],"version-history":[{"count":1,"href":"https:\/\/diariodocomercio.com.br\/mix\/wp-json\/wp\/v2\/posts\/32669\/revisions"}],"predecessor-version":[{"id":32673,"href":"https:\/\/diariodocomercio.com.br\/mix\/wp-json\/wp\/v2\/posts\/32669\/revisions\/32673"}],"wp:featuredmedia":[{"embeddable":true,"href":"https:\/\/diariodocomercio.com.br\/mix\/wp-json\/wp\/v2\/media\/32670"}],"wp:attachment":[{"href":"https:\/\/diariodocomercio.com.br\/mix\/wp-json\/wp\/v2\/media?parent=32669"}],"wp:term":[{"taxonomy":"category","embeddable":true,"href":"https:\/\/diariodocomercio.com.br\/mix\/wp-json\/wp\/v2\/categories?post=32669"},{"taxonomy":"post_tag","embeddable":true,"href":"https:\/\/diariodocomercio.com.br\/mix\/wp-json\/wp\/v2\/tags?post=32669"}],"curies":[{"name":"wp","href":"https:\/\/api.w.org\/{rel}","templated":true}]}}