{"id":32674,"date":"2026-01-20T16:28:56","date_gmt":"2026-01-20T19:28:56","guid":{"rendered":"https:\/\/diariodocomercio.com.br\/mix\/?p=32674"},"modified":"2026-01-20T16:28:58","modified_gmt":"2026-01-20T19:28:58","slug":"primeiro-hotel-na-lua-comeca-a-aceitar-reservas-para-2032-veja-os-precos","status":"publish","type":"post","link":"https:\/\/diariodocomercio.com.br\/mix\/primeiro-hotel-na-lua-comeca-a-aceitar-reservas-para-2032-veja-os-precos\/","title":{"rendered":"Primeiro hotel na Lua come\u00e7a a aceitar reservas para 2032; veja os pre\u00e7os"},"content":{"rendered":"\n<p>A startup norte-americana\u00a0<strong>GRU Space<\/strong>\u00a0anunciou a abertura de reservas para o que pode se tornar o\u00a0<strong>primeiro hotel comercial na Lua<\/strong>. Com previs\u00e3o de inaugura\u00e7\u00e3o em\u00a0<strong>2032<\/strong>, o projeto integra a expans\u00e3o da chamada\u00a0<strong>economia cis-lunar<\/strong>, que busca levar atividades comerciais permanentes para al\u00e9m da \u00f3rbita terrestre.<\/p>\n\n\n\n<p>Segundo a empresa, a iniciativa ser\u00e1 implementada em etapas. A primeira fase prev\u00ea experi\u00eancias voltadas ao&nbsp;<strong>turismo espacial de alto padr\u00e3o<\/strong>, antes da consolida\u00e7\u00e3o de uma estrutura permanente na superf\u00edcie lunar. O hotel foi concebido para receber at\u00e9&nbsp;<strong>dez h\u00f3spedes por vez<\/strong>, com acesso por voos comerciais operados por empresas como&nbsp;<strong>SpaceX<\/strong>&nbsp;e&nbsp;<strong>Blue Origin<\/strong>.<\/p>\n\n\n\n<p>A proposta \u00e9 voltada a um p\u00fablico restrito, descrito pela companhia como \u201caventureiros, participantes frequentes de voos espaciais privados e casais interessados em uma lua de mel fora da Terra\u201d.<\/p>\n\n\n\n<p>As imagens conceituais divulgadas pela GRU Space mostram um edif\u00edcio com&nbsp;<strong>rotunda central<\/strong>, colunatas internas e m\u00f3dulos conectados. A estrutura final ser\u00e1 revestida por&nbsp;<strong>tijolos produzidos a partir do regolito lunar<\/strong>&nbsp;\u2014 o solo da Lua \u2014 fabricados por processos automatizados desenvolvidos pela pr\u00f3pria empresa.<\/p>\n\n\n\n<p>A vers\u00e3o inicial do hotel, chamada&nbsp;<strong>V1<\/strong>, ser\u00e1 infl\u00e1vel, constru\u00edda na Terra e posteriormente transportada para a Lua. Testes preliminares na superf\u00edcie lunar est\u00e3o previstos antes da instala\u00e7\u00e3o definitiva.<\/p>\n\n\n\n<figure class=\"wp-block-image size-large\"><img decoding=\"async\" width=\"1200\" height=\"300\" src=\"https:\/\/diariodocomercio.com.br\/mix\/wp-content\/uploads\/2026\/01\/image-206-1200x300.png\" alt=\"\" class=\"wp-image-32675\" srcset=\"https:\/\/diariodocomercio.com.br\/mix\/wp-content\/uploads\/2026\/01\/image-206-1200x300.png 1200w, https:\/\/diariodocomercio.com.br\/mix\/wp-content\/uploads\/2026\/01\/image-206-300x75.png 300w, https:\/\/diariodocomercio.com.br\/mix\/wp-content\/uploads\/2026\/01\/image-206-768x192.png 768w, https:\/\/diariodocomercio.com.br\/mix\/wp-content\/uploads\/2026\/01\/image-206-1536x384.png 1536w, https:\/\/diariodocomercio.com.br\/mix\/wp-content\/uploads\/2026\/01\/image-206-2048x512.png 2048w, https:\/\/diariodocomercio.com.br\/mix\/wp-content\/uploads\/2026\/01\/image-206-150x38.png 150w, https:\/\/diariodocomercio.com.br\/mix\/wp-content\/uploads\/2026\/01\/image-206-750x188.png 750w, https:\/\/diariodocomercio.com.br\/mix\/wp-content\/uploads\/2026\/01\/image-206-1140x285.png 1140w\" sizes=\"(max-width: 1200px) 100vw, 1200px\" \/><figcaption class=\"wp-element-caption\">Hotel lunar projeto (Reprodu\u00e7\u00e3o\/GRU Space)<\/figcaption><\/figure>\n\n\n\n<h2 class=\"wp-block-heading\"><strong>\u201cMomento hist\u00f3rico para a humanidade\u201d, diz fundador<\/strong><\/h2>\n\n\n\n<p>O fundador da GRU Space,&nbsp;<strong>Skyler Chan<\/strong>, afirma que o projeto marca um ponto de virada na explora\u00e7\u00e3o espacial.<\/p>\n\n\n\n<blockquote class=\"wp-block-quote is-layout-flow wp-block-quote-is-layout-flow\">\n<p>\u201cVivemos um momento de inflex\u00e3o em que podemos nos tornar interplanet\u00e1rios antes de morrer. O principal desafio t\u00e9cnico \u00e9 resolver a habita\u00e7\u00e3o na Lua\u201d, declarou Chan.<\/p>\n<\/blockquote>\n\n\n\n<p>Segundo ele, o hotel pode ser um passo decisivo para a presen\u00e7a humana permanente fora da Terra.<\/p>\n\n\n\n<blockquote class=\"wp-block-quote is-layout-flow wp-block-quote-is-layout-flow\">\n<p>\u201cSe tivermos sucesso, bilh\u00f5es de vidas humanas nascer\u00e3o na Lua e em Marte e poder\u00e3o experimentar a beleza da vida fora do planeta\u201d, afirmou.<\/p>\n<\/blockquote>\n\n\n\n<h2 class=\"wp-block-heading\"><strong>Valores ainda n\u00e3o foram detalhados<\/strong><\/h2>\n\n\n\n<p>Apesar da abertura das reservas, a GRU Space&nbsp;<strong>n\u00e3o divulgou oficialmente os pre\u00e7os das estadias<\/strong>. Especialistas do setor estimam que os custos devam alcan\u00e7ar&nbsp;<strong>milh\u00f5es de d\u00f3lares por h\u00f3spede<\/strong>, considerando transporte espacial, log\u00edstica, seguran\u00e7a e manuten\u00e7\u00e3o em ambiente extremo.<\/p>\n\n\n\n<p>Fundada por Skyler Chan, engenheiro formado em Berkeley com passagem pela&nbsp;<strong>Tesla<\/strong>&nbsp;e participa\u00e7\u00e3o em projetos financiados pela&nbsp;<strong>NASA<\/strong>, a GRU Space conta com apoio da&nbsp;<strong>Y Combinator<\/strong>, parcerias t\u00e9cnicas com a&nbsp;<strong>NVIDIA<\/strong>&nbsp;e consultores especializados em recursos lunares.<\/p>\n\n\n\n<p>Ainda assim, o projeto enfrenta&nbsp;<strong>ceticismo no mercado<\/strong>, sobretudo pelo cronograma ambicioso e pelos desafios t\u00e9cnicos, operacionais e financeiros de manter civis em um dos ambientes mais hostis j\u00e1 explorados pela humanidade.<\/p>\n","protected":false},"excerpt":{"rendered":"<p>A startup norte-americana\u00a0GRU Space\u00a0anunciou a abertura de reservas para o que pode se tornar o\u00a0primeiro hotel comercial na Lua. Com previs\u00e3o de inaugura\u00e7\u00e3o em\u00a02032, o projeto integra a expans\u00e3o da chamada\u00a0economia cis-lunar, que busca levar atividades comerciais permanentes para al\u00e9m da \u00f3rbita terrestre. Segundo a empresa, a iniciativa ser\u00e1 implementada em etapas. A primeira fase [&hellip;]<\/p>\n","protected":false},"author":9,"featured_media":19634,"comment_status":"closed","ping_status":"closed","sticky":false,"template":"","format":"standard","meta":{"jnews-multi-image_gallery":[],"jnews_single_post":{"format":"standard"},"jnews_primary_category":[],"jnews_social_meta":[],"jnews_override_counter":[],"jnews_post_split":[],"footnotes":""},"categories":[1],"tags":[],"class_list":["post-32674","post","type-post","status-publish","format-standard","has-post-thumbnail","hentry","category-geral"],"_referencia":"","_links":{"self":[{"href":"https:\/\/diariodocomercio.com.br\/mix\/wp-json\/wp\/v2\/posts\/32674","targetHints":{"allow":["GET"]}}],"collection":[{"href":"https:\/\/diariodocomercio.com.br\/mix\/wp-json\/wp\/v2\/posts"}],"about":[{"href":"https:\/\/diariodocomercio.com.br\/mix\/wp-json\/wp\/v2\/types\/post"}],"author":[{"embeddable":true,"href":"https:\/\/diariodocomercio.com.br\/mix\/wp-json\/wp\/v2\/users\/9"}],"replies":[{"embeddable":true,"href":"https:\/\/diariodocomercio.com.br\/mix\/wp-json\/wp\/v2\/comments?post=32674"}],"version-history":[{"count":1,"href":"https:\/\/diariodocomercio.com.br\/mix\/wp-json\/wp\/v2\/posts\/32674\/revisions"}],"predecessor-version":[{"id":32676,"href":"https:\/\/diariodocomercio.com.br\/mix\/wp-json\/wp\/v2\/posts\/32674\/revisions\/32676"}],"wp:featuredmedia":[{"embeddable":true,"href":"https:\/\/diariodocomercio.com.br\/mix\/wp-json\/wp\/v2\/media\/19634"}],"wp:attachment":[{"href":"https:\/\/diariodocomercio.com.br\/mix\/wp-json\/wp\/v2\/media?parent=32674"}],"wp:term":[{"taxonomy":"category","embeddable":true,"href":"https:\/\/diariodocomercio.com.br\/mix\/wp-json\/wp\/v2\/categories?post=32674"},{"taxonomy":"post_tag","embeddable":true,"href":"https:\/\/diariodocomercio.com.br\/mix\/wp-json\/wp\/v2\/tags?post=32674"}],"curies":[{"name":"wp","href":"https:\/\/api.w.org\/{rel}","templated":true}]}}