{"id":32719,"date":"2026-01-24T17:38:00","date_gmt":"2026-01-24T20:38:00","guid":{"rendered":"https:\/\/diariodocomercio.com.br\/mix\/?p=32719"},"modified":"2026-01-20T21:21:52","modified_gmt":"2026-01-21T00:21:52","slug":"nova-regra-entra-em-vigor-motos-com-2-pessoas-sao-proibidas-com-multa-pesada-nesta-capital-sul-americana","status":"publish","type":"post","link":"https:\/\/diariodocomercio.com.br\/mix\/nova-regra-entra-em-vigor-motos-com-2-pessoas-sao-proibidas-com-multa-pesada-nesta-capital-sul-americana\/","title":{"rendered":"Nova regra entra em vigor: motos com 2 pessoas s\u00e3o proibidas com multa pesada nesta capital sul-americana"},"content":{"rendered":"\n<p>Passageiros na garupa de motocicletas passam a ser proibidos em Lima e Callao, no Peru, a partir desta ter\u00e7a-feira (20). A nova regra, formalizada pelo Decreto Supremo n\u00ba 002-2026-MTC, estabelece san\u00e7\u00f5es severas para quem circular com duas pessoas na moto, incluindo multa elevada, perda expressiva de pontos na habilita\u00e7\u00e3o e restri\u00e7\u00f5es a benef\u00edcios administrativos.<\/p>\n\n\n\n<p>A medida foi anunciada pelo Minist\u00e9rio dos Transportes e Comunica\u00e7\u00f5es (MTC) e est\u00e1 vinculada \u00e0s \u00e1reas declaradas em estado de emerg\u00eancia, como parte das a\u00e7\u00f5es de enfrentamento \u00e0 criminalidade, especialmente crimes como extors\u00e3o e sicariato.<\/p>\n\n\n\n<p>De acordo com o MTC, motociclistas flagrados transportando um passageiro ser\u00e3o enquadrados na infra\u00e7\u00e3o M41. A penalidade inicial \u00e9 de <strong>660 soles<\/strong>, o equivalente a cerca de <strong>R$ 1.050<\/strong>. Em caso de reincid\u00eancia, o valor dobra e pode chegar a <strong>1.320 soles<\/strong>, aproximadamente <strong>R$ 2,1 mil<\/strong>.<\/p>\n\n\n\n<p>Al\u00e9m da multa financeira, a puni\u00e7\u00e3o inclui uma <strong>redu\u00e7\u00e3o dr\u00e1stica de pontos<\/strong> no prontu\u00e1rio do condutor: 50 pontos na primeira infra\u00e7\u00e3o e 60 pontos na segunda, o que pode resultar em suspens\u00e3o do direito de dirigir.<\/p>\n\n\n\n<p>Segundo a Pol\u00edcia Nacional do Peru, embora a norma entre em vigor nesta ter\u00e7a-feira, a aplica\u00e7\u00e3o efetiva das multas come\u00e7a a partir de <strong>quarta-feira (21)<\/strong>.<\/p>\n\n\n\n<h2 class=\"wp-block-heading\"><strong>Quem ser\u00e1 afetado<\/strong><\/h2>\n\n\n\n<p>A regra se aplica a motocicletas das categorias <strong>L1 e L3<\/strong>, que englobam ve\u00edculos de duas rodas com cilindrada a partir de 50 cm\u00b3, incluindo as motos de maior porte utilizadas no dia a dia urbano.<\/p>\n\n\n\n<p>\u201cO que estamos fazendo \u00e9 tipificar a infra\u00e7\u00e3o e estabelecer a san\u00e7\u00e3o. A proibi\u00e7\u00e3o j\u00e1 existia desde outubro do ano passado durante o estado de emerg\u00eancia\u201d, explicou o general <strong>Humberto Alvarado L\u00f3pez<\/strong>, diretor de Tr\u00e2nsito e Seguran\u00e7a Vi\u00e1ria, em entrevista \u00e0 r\u00e1dio RPP.<\/p>\n\n\n\n<p>O Minist\u00e9rio dos Transportes refor\u00e7ou que a restri\u00e7\u00e3o n\u00e3o foi criada diretamente pela pasta. Segundo <strong>Rafael Rivera<\/strong>, especialista legal do MTC, a proibi\u00e7\u00e3o de duas pessoas em motocicletas foi determinada pela Presid\u00eancia do Conselho de Ministros (PCM).<\/p>\n\n\n\n<blockquote class=\"wp-block-quote is-layout-flow wp-block-quote-is-layout-flow\">\n<p>\u201cDurante um estado de emerg\u00eancia, as restri\u00e7\u00f5es s\u00e3o ditadas pela PCM por meio de decreto supremo. O MTC apenas definiu a infra\u00e7\u00e3o e a san\u00e7\u00e3o pelo descumprimento\u201d, afirmou Rivera.<\/p>\n<\/blockquote>\n\n\n\n<p>Ainda de acordo com ele, eventuais exce\u00e7\u00f5es, ajustes ou crit\u00e9rios de fiscaliza\u00e7\u00e3o ficam sob responsabilidade da PCM e da Pol\u00edcia Nacional do Peru.<\/p>\n","protected":false},"excerpt":{"rendered":"<p>Passageiros na garupa de motocicletas passam a ser proibidos em Lima e Callao, no Peru, a partir desta ter\u00e7a-feira (20). A nova regra, formalizada pelo Decreto Supremo n\u00ba 002-2026-MTC, estabelece san\u00e7\u00f5es severas para quem circular com duas pessoas na moto, incluindo multa elevada, perda expressiva de pontos na habilita\u00e7\u00e3o e restri\u00e7\u00f5es a benef\u00edcios administrativos. A [&hellip;]<\/p>\n","protected":false},"author":9,"featured_media":32724,"comment_status":"closed","ping_status":"closed","sticky":false,"template":"","format":"standard","meta":{"jnews-multi-image_gallery":[],"jnews_single_post":{"format":"standard"},"jnews_primary_category":[],"jnews_social_meta":[],"jnews_override_counter":[],"jnews_post_split":[],"footnotes":""},"categories":[1],"tags":[],"class_list":["post-32719","post","type-post","status-publish","format-standard","has-post-thumbnail","hentry","category-geral"],"_referencia":"","_links":{"self":[{"href":"https:\/\/diariodocomercio.com.br\/mix\/wp-json\/wp\/v2\/posts\/32719","targetHints":{"allow":["GET"]}}],"collection":[{"href":"https:\/\/diariodocomercio.com.br\/mix\/wp-json\/wp\/v2\/posts"}],"about":[{"href":"https:\/\/diariodocomercio.com.br\/mix\/wp-json\/wp\/v2\/types\/post"}],"author":[{"embeddable":true,"href":"https:\/\/diariodocomercio.com.br\/mix\/wp-json\/wp\/v2\/users\/9"}],"replies":[{"embeddable":true,"href":"https:\/\/diariodocomercio.com.br\/mix\/wp-json\/wp\/v2\/comments?post=32719"}],"version-history":[{"count":1,"href":"https:\/\/diariodocomercio.com.br\/mix\/wp-json\/wp\/v2\/posts\/32719\/revisions"}],"predecessor-version":[{"id":32725,"href":"https:\/\/diariodocomercio.com.br\/mix\/wp-json\/wp\/v2\/posts\/32719\/revisions\/32725"}],"wp:featuredmedia":[{"embeddable":true,"href":"https:\/\/diariodocomercio.com.br\/mix\/wp-json\/wp\/v2\/media\/32724"}],"wp:attachment":[{"href":"https:\/\/diariodocomercio.com.br\/mix\/wp-json\/wp\/v2\/media?parent=32719"}],"wp:term":[{"taxonomy":"category","embeddable":true,"href":"https:\/\/diariodocomercio.com.br\/mix\/wp-json\/wp\/v2\/categories?post=32719"},{"taxonomy":"post_tag","embeddable":true,"href":"https:\/\/diariodocomercio.com.br\/mix\/wp-json\/wp\/v2\/tags?post=32719"}],"curies":[{"name":"wp","href":"https:\/\/api.w.org\/{rel}","templated":true}]}}