{"id":32756,"date":"2026-01-21T11:42:45","date_gmt":"2026-01-21T14:42:45","guid":{"rendered":"https:\/\/diariodocomercio.com.br\/mix\/?p=32756"},"modified":"2026-01-21T11:42:47","modified_gmt":"2026-01-21T14:42:47","slug":"brasil-enfrenta-alerta-vermelho-ate-o-dia-26-01-com-tempestades-fortes-em-quase-todo-o-territorio-nacional","status":"publish","type":"post","link":"https:\/\/diariodocomercio.com.br\/mix\/brasil-enfrenta-alerta-vermelho-ate-o-dia-26-01-com-tempestades-fortes-em-quase-todo-o-territorio-nacional\/","title":{"rendered":"Brasil enfrenta alerta vermelho at\u00e9 o dia 26\/01 com tempestades fortes em quase todo o territ\u00f3rio nacional"},"content":{"rendered":"\n<p>O Brasil enfrenta desafios clim\u00e1ticos significativos em janeiro de 2026. <strong>Chuvas intensas,<\/strong> causadas pela Zona de Converg\u00eancia do Atl\u00e2ntico Sul (ZCAS), atingem v\u00e1rias regi\u00f5es, levando o Instituto Nacional de Meteorologia (Inmet) a emitir alertas cr\u00edticos. Minas Gerais, Rio de Janeiro, Goi\u00e1s e Esp\u00edrito Santo est\u00e3o sob alerta vermelho, refletindo riscos s\u00e9rios para a popula\u00e7\u00e3o.<\/p>\n\n\n\n<p>O Inmet prev\u00ea que as chuvas no Rio de Janeiro ultrapassem 100 mm em certos dias, elevando o risco de alagamentos e deslizamentos. A situa\u00e7\u00e3o em partes de Minas Gerais e Esp\u00edrito Santo \u00e9 igualmente preocupante. Estes estados enfrentam riscos que afetam estruturas urbanas e rurais.<\/p>\n\n\n\n<h2 class=\"wp-block-heading\">Alerta amarelo e laranja em outras regi\u00f5es<\/h2>\n\n\n\n<p>Al\u00e9m dos alertas vermelhos, v\u00e1rios estados enfrentam condi\u00e7\u00f5es clim\u00e1ticas adversas com <strong>alertas laranja. <\/strong>Acre, Bahia e Amazonas est\u00e3o entre as regi\u00f5es sob esse alerta, com previs\u00e3o de chuvas intensas que podem atingir 50 mm por dia.\u00a0<\/p>\n\n\n\n<p>As autoridades recomendam que a popula\u00e7\u00e3o siga orienta\u00e7\u00f5es das defesas civis e esteja atenta \u00e0s atualiza\u00e7\u00f5es meteorol\u00f3gicas do Inmet. Medidas de seguran\u00e7a incluem evitar \u00e1reas alagadas, n\u00e3o se abrigar sob \u00e1rvores durante tempestades e desligar aparelhos el\u00e9tricos em caso de tempestades intensas.<\/p>\n\n\n\n<h2 class=\"wp-block-heading\">Tempestades devem continuar <\/h2>\n\n\n\n<p>As condi\u00e7\u00f5es clim\u00e1ticas cr\u00edticas devem persistir at\u00e9 <strong>25 de janeiro<\/strong>, exigindo vigil\u00e2ncia cont\u00ednua. A atua\u00e7\u00e3o da ZCAS e outros fatores clim\u00e1ticos mant\u00eam a previs\u00e3o de chuvas intensas, com risco de alagamentos e deslizamentos.<\/p>\n\n\n\n<p>O Inmet continuar\u00e1 emitindo avisos e recomenda que a popula\u00e7\u00e3o siga rigorosamente todas as orienta\u00e7\u00f5es para minimizar riscos.&nbsp;<\/p>\n","protected":false},"excerpt":{"rendered":"<p>Al\u00e9m dos alertas vermelhos, v\u00e1rios estados enfrentam condi\u00e7\u00f5es clim\u00e1ticas adversas.<\/p>\n","protected":false},"author":12,"featured_media":15769,"comment_status":"closed","ping_status":"closed","sticky":false,"template":"","format":"standard","meta":{"jnews-multi-image_gallery":[],"jnews_single_post":{"format":"standard"},"jnews_primary_category":[],"jnews_social_meta":[],"jnews_override_counter":[],"jnews_post_split":[],"footnotes":""},"categories":[1],"tags":[],"class_list":["post-32756","post","type-post","status-publish","format-standard","has-post-thumbnail","hentry","category-geral"],"_referencia":"","_links":{"self":[{"href":"https:\/\/diariodocomercio.com.br\/mix\/wp-json\/wp\/v2\/posts\/32756","targetHints":{"allow":["GET"]}}],"collection":[{"href":"https:\/\/diariodocomercio.com.br\/mix\/wp-json\/wp\/v2\/posts"}],"about":[{"href":"https:\/\/diariodocomercio.com.br\/mix\/wp-json\/wp\/v2\/types\/post"}],"author":[{"embeddable":true,"href":"https:\/\/diariodocomercio.com.br\/mix\/wp-json\/wp\/v2\/users\/12"}],"replies":[{"embeddable":true,"href":"https:\/\/diariodocomercio.com.br\/mix\/wp-json\/wp\/v2\/comments?post=32756"}],"version-history":[{"count":1,"href":"https:\/\/diariodocomercio.com.br\/mix\/wp-json\/wp\/v2\/posts\/32756\/revisions"}],"predecessor-version":[{"id":32765,"href":"https:\/\/diariodocomercio.com.br\/mix\/wp-json\/wp\/v2\/posts\/32756\/revisions\/32765"}],"wp:featuredmedia":[{"embeddable":true,"href":"https:\/\/diariodocomercio.com.br\/mix\/wp-json\/wp\/v2\/media\/15769"}],"wp:attachment":[{"href":"https:\/\/diariodocomercio.com.br\/mix\/wp-json\/wp\/v2\/media?parent=32756"}],"wp:term":[{"taxonomy":"category","embeddable":true,"href":"https:\/\/diariodocomercio.com.br\/mix\/wp-json\/wp\/v2\/categories?post=32756"},{"taxonomy":"post_tag","embeddable":true,"href":"https:\/\/diariodocomercio.com.br\/mix\/wp-json\/wp\/v2\/tags?post=32756"}],"curies":[{"name":"wp","href":"https:\/\/api.w.org\/{rel}","templated":true}]}}