{"id":32767,"date":"2026-01-24T09:47:00","date_gmt":"2026-01-24T12:47:00","guid":{"rendered":"https:\/\/diariodocomercio.com.br\/mix\/?p=32767"},"modified":"2026-01-21T12:36:17","modified_gmt":"2026-01-21T15:36:17","slug":"cidade-no-mato-grosso-carrega-o-nome-mais-engracado-do-brasil","status":"publish","type":"post","link":"https:\/\/diariodocomercio.com.br\/mix\/cidade-no-mato-grosso-carrega-o-nome-mais-engracado-do-brasil\/","title":{"rendered":"Cidade no Mato Grosso carrega o nome mais engra\u00e7ado do Brasil"},"content":{"rendered":"\n<p>O que para muitos soa apenas como uma sauda\u00e7\u00e3o t\u00edpica de fim de ano \u00e9, na verdade, o nome de um munic\u00edpio brasileiro.&nbsp;<strong>Feliz Natal<\/strong>&nbsp;existe oficialmente, fica no&nbsp;<strong>norte do Mato Grosso<\/strong>&nbsp;e chama aten\u00e7\u00e3o em todo o pa\u00eds pelo nome inusitado, frequentemente tratado nas redes sociais como piada \u2014 apesar de sua hist\u00f3ria, economia e administra\u00e7\u00e3o serem bem reais.<\/p>\n\n\n\n<p>Localizada a cerca de&nbsp;<strong>530 quil\u00f4metros de Cuiab\u00e1<\/strong>, a cidade foi emancipada no in\u00edcio dos anos 2000 e surgiu a partir da ocupa\u00e7\u00e3o agr\u00edcola da regi\u00e3o, impulsionada pelo avan\u00e7o do agroneg\u00f3cio.<\/p>\n\n\n\n<p>A origem do nome do munic\u00edpio \u00e9 cercada por vers\u00f5es curiosas. Uma das mais conhecidas remonta ao fim da d\u00e9cada de 1970, quando funcion\u00e1rios da empresa Agropecu\u00e1ria Consul, vindos do Sul do pa\u00eds, enfrentaram chuvas intensas e estradas prec\u00e1rias durante uma tentativa de chegar a Sinop para participar das comemora\u00e7\u00f5es natalinas.<\/p>\n\n\n\n<p>No caminho, um riacho da regi\u00e3o transbordou devido \u00e0s chuvas t\u00edpicas do per\u00edodo, dificultando a travessia. O epis\u00f3dio teria motivado o batismo simb\u00f3lico do local como&nbsp;<strong>Feliz Natal<\/strong>, em refer\u00eancia \u00e0 \u00e9poca do ano e \u00e0s dificuldades superadas.<\/p>\n\n\n\n<p>Outra vers\u00e3o aponta que o japon\u00eas&nbsp;<strong>Nohama<\/strong>, um dos pioneiros na ocupa\u00e7\u00e3o da \u00e1rea, teria enfrentado situa\u00e7\u00e3o semelhante durante o per\u00edodo natalino, refor\u00e7ando a associa\u00e7\u00e3o entre o nome e os desafios da travessia na regi\u00e3o.<\/p>\n\n\n<div class=\"wp-block-image\">\n<figure class=\"aligncenter size-full\"><img decoding=\"async\" width=\"640\" height=\"426\" src=\"https:\/\/diariodocomercio.com.br\/mix\/wp-content\/uploads\/2026\/01\/image-213.png\" alt=\"\" class=\"wp-image-32768\" srcset=\"https:\/\/diariodocomercio.com.br\/mix\/wp-content\/uploads\/2026\/01\/image-213.png 640w, https:\/\/diariodocomercio.com.br\/mix\/wp-content\/uploads\/2026\/01\/image-213-300x200.png 300w, https:\/\/diariodocomercio.com.br\/mix\/wp-content\/uploads\/2026\/01\/image-213-150x100.png 150w\" sizes=\"(max-width: 640px) 100vw, 640px\" \/><figcaption class=\"wp-element-caption\">Foto riacho (Reprodu\u00e7\u00e3o\/Eli Cristina)<\/figcaption><\/figure>\n<\/div>\n\n\n<h2 class=\"wp-block-heading\"><strong>Da floresta aos gr\u00e3os<\/strong><\/h2>\n\n\n\n<p>Antes da chegada dos colonizadores, a regi\u00e3o era habitada por&nbsp;<strong>povos ind\u00edgenas do Xingu<\/strong>&nbsp;e cercada por floresta amaz\u00f4nica. A partir da d\u00e9cada de 1950, imigrantes japoneses come\u00e7aram a se estabelecer no local em busca de terras f\u00e9rteis para a agricultura.<\/p>\n\n\n\n<p>Esses imigrantes chegaram ao Brasil no contexto do p\u00f3s-Segunda Guerra Mundial, em busca de uma nova vida. A regi\u00e3o do\u00a0<strong>rio Ferro<\/strong>, pr\u00f3xima ao atual munic\u00edpio de Feliz Natal, tornou-se um dos principais pontos de fixa\u00e7\u00e3o dessas fam\u00edlias, que iniciaram atividades agr\u00edcolas e ajudaram a moldar o desenvolvimento local.<\/p>\n\n\n\n<p>Apesar do nome curioso,&nbsp;<strong>Feliz Natal funciona como qualquer outro munic\u00edpio brasileiro<\/strong>. Possui prefeitura, c\u00e2mara de vereadores, escolas, unidades de sa\u00fade e uma popula\u00e7\u00e3o que vive majoritariamente da agricultura e de atividades ligadas ao campo.<\/p>\n\n\n\n<p>O munic\u00edpio foi oficialmente emancipado em&nbsp;<strong>17 de novembro<\/strong>, data em que comemora seu anivers\u00e1rio. J\u00e1 no m\u00eas de dezembro, a cidade costuma ganhar decora\u00e7\u00e3o tem\u00e1tica e celebra\u00e7\u00f5es especiais em refer\u00eancia ao pr\u00f3prio nome.<\/p>\n\n\n<div class=\"wp-block-image\">\n<figure class=\"aligncenter size-full\"><img decoding=\"async\" width=\"640\" height=\"426\" src=\"https:\/\/diariodocomercio.com.br\/mix\/wp-content\/uploads\/2026\/01\/image-215.png\" alt=\"\" class=\"wp-image-32770\" srcset=\"https:\/\/diariodocomercio.com.br\/mix\/wp-content\/uploads\/2026\/01\/image-215.png 640w, https:\/\/diariodocomercio.com.br\/mix\/wp-content\/uploads\/2026\/01\/image-215-300x200.png 300w, https:\/\/diariodocomercio.com.br\/mix\/wp-content\/uploads\/2026\/01\/image-215-150x100.png 150w\" sizes=\"(max-width: 640px) 100vw, 640px\" \/><figcaption class=\"wp-element-caption\">(Reprodu\u00e7\u00e3o\/Prefeitura de Feliz Natal)<\/figcaption><\/figure>\n<\/div>\n\n\n<h2 class=\"wp-block-heading\"><strong>Destaque no agroneg\u00f3cio<\/strong><\/h2>\n\n\n\n<p>Al\u00e9m da curiosidade, Feliz Natal tamb\u00e9m se destaca economicamente. Segundo dados do&nbsp;<strong>Minist\u00e9rio da Agricultura, Pecu\u00e1ria e Abastecimento (Mapa)<\/strong>, em 2020 o munic\u00edpio figurou entre os&nbsp;<strong>100 mais ricos do agroneg\u00f3cio brasileiro<\/strong>.<\/p>\n\n\n\n<p>Naquele ano, o valor da produ\u00e7\u00e3o local alcan\u00e7ou&nbsp;<strong>R$ 953,1 milh\u00f5es<\/strong>, colocando Feliz Natal na&nbsp;<strong>67\u00aa posi\u00e7\u00e3o do ranking nacional do agro<\/strong>. Um desempenho que mostra que, por tr\u00e1s do nome divertido, h\u00e1 uma cidade com peso real na economia do pa\u00eds.<\/p>\n","protected":false},"excerpt":{"rendered":"<p>O que para muitos soa apenas como uma sauda\u00e7\u00e3o t\u00edpica de fim de ano \u00e9, na verdade, o nome de um munic\u00edpio brasileiro.&nbsp;Feliz Natal&nbsp;existe oficialmente, fica no&nbsp;norte do Mato Grosso&nbsp;e chama aten\u00e7\u00e3o em todo o pa\u00eds pelo nome inusitado, frequentemente tratado nas redes sociais como piada \u2014 apesar de sua hist\u00f3ria, economia e administra\u00e7\u00e3o serem [&hellip;]<\/p>\n","protected":false},"author":9,"featured_media":32771,"comment_status":"closed","ping_status":"closed","sticky":false,"template":"","format":"standard","meta":{"jnews-multi-image_gallery":[],"jnews_single_post":{"format":"standard"},"jnews_primary_category":[],"jnews_social_meta":[],"jnews_override_counter":[],"jnews_post_split":[],"footnotes":""},"categories":[1],"tags":[],"class_list":["post-32767","post","type-post","status-publish","format-standard","has-post-thumbnail","hentry","category-geral"],"_referencia":"","_links":{"self":[{"href":"https:\/\/diariodocomercio.com.br\/mix\/wp-json\/wp\/v2\/posts\/32767","targetHints":{"allow":["GET"]}}],"collection":[{"href":"https:\/\/diariodocomercio.com.br\/mix\/wp-json\/wp\/v2\/posts"}],"about":[{"href":"https:\/\/diariodocomercio.com.br\/mix\/wp-json\/wp\/v2\/types\/post"}],"author":[{"embeddable":true,"href":"https:\/\/diariodocomercio.com.br\/mix\/wp-json\/wp\/v2\/users\/9"}],"replies":[{"embeddable":true,"href":"https:\/\/diariodocomercio.com.br\/mix\/wp-json\/wp\/v2\/comments?post=32767"}],"version-history":[{"count":1,"href":"https:\/\/diariodocomercio.com.br\/mix\/wp-json\/wp\/v2\/posts\/32767\/revisions"}],"predecessor-version":[{"id":32772,"href":"https:\/\/diariodocomercio.com.br\/mix\/wp-json\/wp\/v2\/posts\/32767\/revisions\/32772"}],"wp:featuredmedia":[{"embeddable":true,"href":"https:\/\/diariodocomercio.com.br\/mix\/wp-json\/wp\/v2\/media\/32771"}],"wp:attachment":[{"href":"https:\/\/diariodocomercio.com.br\/mix\/wp-json\/wp\/v2\/media?parent=32767"}],"wp:term":[{"taxonomy":"category","embeddable":true,"href":"https:\/\/diariodocomercio.com.br\/mix\/wp-json\/wp\/v2\/categories?post=32767"},{"taxonomy":"post_tag","embeddable":true,"href":"https:\/\/diariodocomercio.com.br\/mix\/wp-json\/wp\/v2\/tags?post=32767"}],"curies":[{"name":"wp","href":"https:\/\/api.w.org\/{rel}","templated":true}]}}