{"id":32773,"date":"2026-01-24T10:13:00","date_gmt":"2026-01-24T13:13:00","guid":{"rendered":"https:\/\/diariodocomercio.com.br\/mix\/?p=32773"},"modified":"2026-01-21T12:52:03","modified_gmt":"2026-01-21T15:52:03","slug":"alem-de-viajar-de-graca-de-onibus-idosos-nao-vao-mais-pagar-pedagio-em-2026-checamos","status":"publish","type":"post","link":"https:\/\/diariodocomercio.com.br\/mix\/alem-de-viajar-de-graca-de-onibus-idosos-nao-vao-mais-pagar-pedagio-em-2026-checamos\/","title":{"rendered":"Al\u00e9m de viajar de gra\u00e7a de \u00f4nibus, idosos n\u00e3o v\u00e3o mais pagar ped\u00e1gio em 2026? Checamos"},"content":{"rendered":"\n<p>Mensagens que circulam nas redes sociais e em aplicativos de conversa t\u00eam levantado d\u00favidas entre motoristas idosos sobre uma suposta isen\u00e7\u00e3o de ped\u00e1gio a partir de 2026. A informa\u00e7\u00e3o, no entanto,\u00a0<strong>n\u00e3o procede<\/strong>. Ap\u00f3s checagem da legisla\u00e7\u00e3o e de projetos em tramita\u00e7\u00e3o, a conclus\u00e3o \u00e9 clara:\u00a0<strong>idosos continuar\u00e3o pagando ped\u00e1gio normalmente nas rodovias brasileiras<\/strong>. <\/p>\n\n\n\n<p>Atualmente,\u00a0<strong>n\u00e3o existe nenhuma lei federal, estadual ou municipal<\/strong>\u00a0que garanta gratuidade ou desconto em ped\u00e1gios para pessoas com 60 anos ou mais.<\/p>\n\n\n\n<p>O&nbsp;<strong>Estatuto da Pessoa Idosa<\/strong>&nbsp;assegura alguns benef\u00edcios importantes, como a gratuidade no transporte coletivo urbano e descontos em viagens interestaduais de \u00f4nibus, trem e barco. No entanto,&nbsp;<strong>o pagamento de ped\u00e1gio n\u00e3o est\u00e1 inclu\u00eddo entre esses direitos<\/strong>.<\/p>\n\n\n\n<p>Dessa forma, as concession\u00e1rias seguem autorizadas a cobrar as tarifas em rodovias federais, estaduais e municipais, independentemente da idade do condutor.<\/p>\n\n\n\n<p>Al\u00e9m disso, o&nbsp;<strong>C\u00f3digo de Tr\u00e2nsito Brasileiro (CTB)<\/strong>&nbsp;\u00e9 claro ao classificar a evas\u00e3o de ped\u00e1gio como&nbsp;<strong>infra\u00e7\u00e3o grave<\/strong>. Quem passa sem pagar est\u00e1 sujeito a:<\/p>\n\n\n\n<ul class=\"wp-block-list\">\n<li>multa de\u00a0<strong>R$ 195,23<\/strong>;<\/li>\n\n\n\n<li><strong>cinco pontos<\/strong>\u00a0na Carteira Nacional de Habilita\u00e7\u00e3o (CNH);<\/li>\n\n\n\n<li>obriga\u00e7\u00e3o de quitar o valor devido \u00e0 concession\u00e1ria.<\/li>\n<\/ul>\n\n\n\n<h2 class=\"wp-block-heading\"><strong>Projetos antigos e tentativas que n\u00e3o avan\u00e7aram<\/strong><\/h2>\n\n\n\n<p>A ideia de isen\u00e7\u00e3o para idosos j\u00e1 foi discutida diversas vezes no Congresso Nacional, mas&nbsp;<strong>nenhuma proposta virou lei<\/strong>. Entre os principais projetos est\u00e3o:<\/p>\n\n\n\n<ul class=\"wp-block-list\">\n<li><strong>PL 6.886\/2010<\/strong>, do ex-deputado Luiz Carlos Hauly, que previa gratuidade em rodovias federais para motoristas acima de 60 anos. O texto segue apensado a outro projeto e nunca foi votado.<\/li>\n\n\n\n<li><strong>PL 5.175\/2013<\/strong>, que pretendia incluir o benef\u00edcio no Estatuto da Pessoa Idosa, mas acabou rejeitado e arquivado.<\/li>\n\n\n\n<li><strong>PL 518\/2023<\/strong>, do deputado Max Lemos, que prop\u00f5e isen\u00e7\u00e3o para idosos acima de 70 anos e pessoas com defici\u00eancia. O projeto ainda aguarda an\u00e1lise e\u00a0<strong>n\u00e3o tem efeito pr\u00e1tico<\/strong>.<\/li>\n<\/ul>\n\n\n\n<h2 class=\"wp-block-heading\"><strong>Projeto em S\u00e3o Paulo alimentou boatos<\/strong><\/h2>\n\n\n\n<p>Parte da confus\u00e3o recente surgiu a partir do&nbsp;<strong>PL 220\/2025<\/strong>, apresentado na Assembleia Legislativa de S\u00e3o Paulo (Alesp), que sugeria isen\u00e7\u00e3o de ped\u00e1gio para idosos em rodovias estaduais.<\/p>\n\n\n\n<p>Dias depois, o pr\u00f3prio autor da proposta, o deputado estadual&nbsp;<strong>Paulo Fiorilo (PT)<\/strong>, retirou o texto. Mesmo assim, a iniciativa continuou circulando nas redes como se j\u00e1 estivesse em vigor, o que&nbsp;<strong>n\u00e3o \u00e9 verdade<\/strong>.<\/p>\n","protected":false},"excerpt":{"rendered":"<p>Mensagens que circulam nas redes sociais e em aplicativos de conversa t\u00eam levantado d\u00favidas entre motoristas idosos sobre uma suposta isen\u00e7\u00e3o de ped\u00e1gio a partir de 2026. A informa\u00e7\u00e3o, no entanto,\u00a0n\u00e3o procede. Ap\u00f3s checagem da legisla\u00e7\u00e3o e de projetos em tramita\u00e7\u00e3o, a conclus\u00e3o \u00e9 clara:\u00a0idosos continuar\u00e3o pagando ped\u00e1gio normalmente nas rodovias brasileiras. Atualmente,\u00a0n\u00e3o existe nenhuma [&hellip;]<\/p>\n","protected":false},"author":9,"featured_media":32774,"comment_status":"closed","ping_status":"closed","sticky":false,"template":"","format":"standard","meta":{"jnews-multi-image_gallery":[],"jnews_single_post":{"format":"standard"},"jnews_primary_category":[],"jnews_social_meta":[],"jnews_override_counter":[],"jnews_post_split":[],"footnotes":""},"categories":[1],"tags":[],"class_list":["post-32773","post","type-post","status-publish","format-standard","has-post-thumbnail","hentry","category-geral"],"_referencia":"","_links":{"self":[{"href":"https:\/\/diariodocomercio.com.br\/mix\/wp-json\/wp\/v2\/posts\/32773","targetHints":{"allow":["GET"]}}],"collection":[{"href":"https:\/\/diariodocomercio.com.br\/mix\/wp-json\/wp\/v2\/posts"}],"about":[{"href":"https:\/\/diariodocomercio.com.br\/mix\/wp-json\/wp\/v2\/types\/post"}],"author":[{"embeddable":true,"href":"https:\/\/diariodocomercio.com.br\/mix\/wp-json\/wp\/v2\/users\/9"}],"replies":[{"embeddable":true,"href":"https:\/\/diariodocomercio.com.br\/mix\/wp-json\/wp\/v2\/comments?post=32773"}],"version-history":[{"count":1,"href":"https:\/\/diariodocomercio.com.br\/mix\/wp-json\/wp\/v2\/posts\/32773\/revisions"}],"predecessor-version":[{"id":32775,"href":"https:\/\/diariodocomercio.com.br\/mix\/wp-json\/wp\/v2\/posts\/32773\/revisions\/32775"}],"wp:featuredmedia":[{"embeddable":true,"href":"https:\/\/diariodocomercio.com.br\/mix\/wp-json\/wp\/v2\/media\/32774"}],"wp:attachment":[{"href":"https:\/\/diariodocomercio.com.br\/mix\/wp-json\/wp\/v2\/media?parent=32773"}],"wp:term":[{"taxonomy":"category","embeddable":true,"href":"https:\/\/diariodocomercio.com.br\/mix\/wp-json\/wp\/v2\/categories?post=32773"},{"taxonomy":"post_tag","embeddable":true,"href":"https:\/\/diariodocomercio.com.br\/mix\/wp-json\/wp\/v2\/tags?post=32773"}],"curies":[{"name":"wp","href":"https:\/\/api.w.org\/{rel}","templated":true}]}}