{"id":32781,"date":"2026-01-21T14:34:38","date_gmt":"2026-01-21T17:34:38","guid":{"rendered":"https:\/\/diariodocomercio.com.br\/mix\/?p=32781"},"modified":"2026-01-21T17:07:18","modified_gmt":"2026-01-21T20:07:18","slug":"governo-surpreende-e-salario-minimo-sobe-para-r-2-40790","status":"publish","type":"post","link":"https:\/\/diariodocomercio.com.br\/mix\/governo-surpreende-e-salario-minimo-sobe-para-r-2-40790\/","title":{"rendered":"Governo surpreende e sal\u00e1rio m\u00ednimo sobe para R$ 2.407,90"},"content":{"rendered":"\n<p>O Conselho Estadual do Trabalho, Emprego e Renda do <strong>Paran\u00e1 <\/strong>aprovou um novo <strong>sal\u00e1rio m\u00ednimo estadual <\/strong>para 2026, que vai at\u00e9 <strong>R$ 2.407,90.<\/strong> Este valor, superior ao sal\u00e1rio m\u00ednimo nacional de R$ 1.621, coloca o estado na lideran\u00e7a em prote\u00e7\u00e3o \u00e0 renda dos trabalhadores.<\/p>\n\n\n\n<p>A medida, v\u00e1lida de 1\u00ba de janeiro a 31 de dezembro, busca fortalecer a economia local e proteger o poder aquisitivo dos trabalhadores. A atualiza\u00e7\u00e3o dos valores foi realizada com base em crit\u00e9rios t\u00e9cnicos, principalmente o \u00cdndice Nacional de Pre\u00e7os ao Consumidor (INPC).<\/p>\n\n\n\n<p>A medida abrange diversas categorias. Para trabalhadores agropecu\u00e1rios, florestais e da pesca, no <strong>Grupo I,<\/strong> o piso \u00e9 de R$ 2.105,34. Trabalhadores dos servi\u00e7os administrativos, com\u00e9rcio, repara\u00e7\u00e3o e manuten\u00e7\u00e3o, reunidos no <strong>Grupo II<\/strong>, ter\u00e3o remunera\u00e7\u00e3o m\u00ednima de R$ 2.181,63.<\/p>\n\n\n\n<p>No <strong>Grupo III,<\/strong> destinado \u00e0 produ\u00e7\u00e3o de bens e servi\u00e7os industriais, o valor fixado \u00e9 R$ 2.250,04. Por fim, t\u00e9cnicos de n\u00edvel m\u00e9dio, no <strong>Grupo IV, <\/strong>receber\u00e3o R$ 2.407,90.<\/p>\n\n\n\n<h2 class=\"wp-block-heading\">Crit\u00e9rios do ajuste no sal\u00e1rio m\u00ednimo<\/h2>\n\n\n\n<p>Os novos valores foram definidos a partir de consultas abrangentes e indicadores econ\u00f4micos nacionais. O uso do INPC, medido pelo Instituto Brasileiro de Geografia e Estat\u00edstica (IBGE), forneceu uma base s\u00f3lida para a atualiza\u00e7\u00e3o, refletindo a realidade econ\u00f4mica e garantindo a neutraliza\u00e7\u00e3o dos efeitos da infla\u00e7\u00e3o.<\/p>\n\n\n\n<p>Ademais, a decis\u00e3o visa harmonizar o piso estadual com as pol\u00edticas de sal\u00e1rio do governo federal, real\u00e7ando a prote\u00e7\u00e3o aos trabalhadores.<\/p>\n\n\n\n<p>Esses pisos s\u00e3o destinados a categorias que n\u00e3o t\u00eam valores definidos em acordos coletivos ou legisla\u00e7\u00f5es federais. Com a manuten\u00e7\u00e3o de um piso acima do nacional, o Estado do Paran\u00e1 busca atrair e reter talentos, contribuindo para um mercado de trabalho equilibrado.<\/p>\n\n\n\n<p>Al\u00e9m disso, incentiva a qualifica\u00e7\u00e3o profissional e o aumento dos empregos, criando um ambiente prop\u00edcio ao desenvolvimento econ\u00f4mico e social. As novas diretrizes salariais do Paran\u00e1 devem gerar impactos positivos na economia em 2026.&nbsp;<\/p>\n","protected":false},"excerpt":{"rendered":"<p>A medida busca proteger o poder aquisitivo dos trabalhadores.<\/p>\n","protected":false},"author":12,"featured_media":10053,"comment_status":"closed","ping_status":"closed","sticky":false,"template":"","format":"standard","meta":{"jnews-multi-image_gallery":[],"jnews_single_post":{"format":"standard"},"jnews_primary_category":[],"jnews_social_meta":[],"jnews_override_counter":[],"jnews_post_split":[],"footnotes":""},"categories":[1],"tags":[],"class_list":["post-32781","post","type-post","status-publish","format-standard","has-post-thumbnail","hentry","category-geral"],"_referencia":"","_links":{"self":[{"href":"https:\/\/diariodocomercio.com.br\/mix\/wp-json\/wp\/v2\/posts\/32781","targetHints":{"allow":["GET"]}}],"collection":[{"href":"https:\/\/diariodocomercio.com.br\/mix\/wp-json\/wp\/v2\/posts"}],"about":[{"href":"https:\/\/diariodocomercio.com.br\/mix\/wp-json\/wp\/v2\/types\/post"}],"author":[{"embeddable":true,"href":"https:\/\/diariodocomercio.com.br\/mix\/wp-json\/wp\/v2\/users\/12"}],"replies":[{"embeddable":true,"href":"https:\/\/diariodocomercio.com.br\/mix\/wp-json\/wp\/v2\/comments?post=32781"}],"version-history":[{"count":2,"href":"https:\/\/diariodocomercio.com.br\/mix\/wp-json\/wp\/v2\/posts\/32781\/revisions"}],"predecessor-version":[{"id":32832,"href":"https:\/\/diariodocomercio.com.br\/mix\/wp-json\/wp\/v2\/posts\/32781\/revisions\/32832"}],"wp:featuredmedia":[{"embeddable":true,"href":"https:\/\/diariodocomercio.com.br\/mix\/wp-json\/wp\/v2\/media\/10053"}],"wp:attachment":[{"href":"https:\/\/diariodocomercio.com.br\/mix\/wp-json\/wp\/v2\/media?parent=32781"}],"wp:term":[{"taxonomy":"category","embeddable":true,"href":"https:\/\/diariodocomercio.com.br\/mix\/wp-json\/wp\/v2\/categories?post=32781"},{"taxonomy":"post_tag","embeddable":true,"href":"https:\/\/diariodocomercio.com.br\/mix\/wp-json\/wp\/v2\/tags?post=32781"}],"curies":[{"name":"wp","href":"https:\/\/api.w.org\/{rel}","templated":true}]}}