{"id":32783,"date":"2026-01-21T14:50:47","date_gmt":"2026-01-21T17:50:47","guid":{"rendered":"https:\/\/diariodocomercio.com.br\/mix\/?p=32783"},"modified":"2026-01-21T14:50:50","modified_gmt":"2026-01-21T17:50:50","slug":"por-que-voce-sente-sono-depois-do-almoco","status":"publish","type":"post","link":"https:\/\/diariodocomercio.com.br\/mix\/por-que-voce-sente-sono-depois-do-almoco\/","title":{"rendered":"Por que voc\u00ea sente sono depois do almo\u00e7o?"},"content":{"rendered":"\n<p>Atire a primeira pedra quem nunca aproveitou <em>aquele <\/em>almo\u00e7o de domingo e logo depois come\u00e7ou a abrir boca. Sentir sono depois do almo\u00e7o ou do jantar \u00e9 uma experi\u00eancia t\u00e3o comum que em alguns pa\u00edses at\u00e9 existe a cultura de tirar um pequeno descanso ap\u00f3s as refei\u00e7\u00f5es, como a siesta na Espanha. Mas o que explica tanta gente sentir sono depois do almo\u00e7o?<\/p>\n\n\n\n<p>E antes que voc\u00ea diga que \u00e9 pregui\u00e7a, n\u00e3o \u00e9 isso. De acordo com o El Tiempo, a sonol\u00eancia depois de refei\u00e7\u00f5es acontece por causa de uma <em>&#8220;combina\u00e7\u00e3o de processos biol\u00f3gicos&#8221; <\/em>que s\u00e3o ativados pelo seu corpo depois de voc\u00ea ingerir alimentos, com o ciclo circadiano sendo um dos fatores-chave. O ciclo circadiano \u00e9 o seu &#8220;rel\u00f3gio biol\u00f3gico&#8221;, regulando fun\u00e7\u00f5es como temperatura corporal, metabolismo e produ\u00e7\u00e3o de horm\u00f4nios. No per\u00edodo da tarde, os sinais que te &#8220;despertam&#8221; de manh\u00e3 naturalmente come\u00e7am a diminuir e mesmo quem dormiu bem \u00e0 noite pode come\u00e7ar a se sentir cansado. <\/p>\n\n\n\n<p>Outro fator \u00e9 a digest\u00e3o. Tomonori Kishino, professor de ci\u00eancias da sa\u00fade da Universidade Kyorin, no Jap\u00e3o, explica ao El Tiempo que, ap\u00f3s as refei\u00e7\u00f5es, aumenta o fluxo sangu\u00edneo para o intestino delgado, justamente para realizar esse processo da digest\u00e3o. Essa mudan\u00e7a no fluxo pode diminuir temporariamente o fluxo sangu\u00edneo para o seu c\u00e9rebro, contribuindo para a sensa\u00e7\u00e3o de sono e at\u00e9 de &#8220;lerdeza&#8221; que muitas pessoas sentem depois do almo\u00e7o.<\/p>\n\n\n\n<h2 class=\"wp-block-heading\">Como diminuir o sono p\u00f3s-almo\u00e7o?<\/h2>\n\n\n\n<p>Voc\u00ea provavelmente j\u00e1 percebeu, mas o tipo e a quantidade de alimentos que voc\u00ea consome no almo\u00e7o influenciam muito nessa sensa\u00e7\u00e3o de sonol\u00eancia. V\u00e1rios estudos apontam que carboidratos simples e alimentos ricos em melatonina (o &#8220;horm\u00f4nio do sono&#8221;) e com altos \u00edndices de a\u00e7\u00facar, como arroz branco e massas, podem aumentar o sono ap\u00f3s as refei\u00e7\u00f5es. Se voc\u00ea sofre muito com o sono depois do almo\u00e7o, ficar mais de olho no que voc\u00ea vai comer \u00e9 uma forma simples de evitar, ou pelo menos diminuir, o problema. <\/p>\n\n\n\n<style>@media (min-width: 992px) {\n    .recomendadorV2Area1 {\n        width: 280px;\n    }\n    .recomendadorV2Area2 {\n        padding: 0px 20px;\n        width: calc(100% - 280px);\n    }\n}\n\n@media (max-width: 992px) {\n    .recomendadorV2Button {\n        margin: 0 auto;\n    }\n    .recomendadorV2Area {\n        flex-direction: column;\n        text-align: center;\n    }\n    .recomendadorV2Area2 {\n        padding: 0px 20px;\n    }\n}\n\n.recomendadorV2Area {\n    background: #eeeeee3d;\n    border-radius: 10px;\n    padding: 15px;\n    display: flex;\n    margin: 15px auto;\n    border: 1px solid #00000014;\n    max-width: 800px;\n}\n\n.recomendadorV2Area1 img {\n    width: 280px;\n    height: auto;\n    border-radius: 8px;\n}\n\n.linkrecomendadorv2 {\n    text-decoration: none !important;\n}\n\n.recomendadorV2Area2 .recomendadorV2Type {\n    text-transform: uppercase;\n    font-weight: 500;\n    font-size: 11px;\n    letter-spacing: 2px;\n    color: #666;\n    margin: 12px 0;\n    display: block;\n}\n\n.recomendadorV2Title h2 {\n    padding-top: 0px !important;\n    margin: 0px !important;\n    border-left: none !important;\n    padding-left: 0px !important;\n    line-height: 1.3;\n    color: #000 !important;\n    font-size: 24px;\n    margin-bottom: 12px !important;\n}\n\n.recomendadorV2Desc {\n    color: #333;\n    margin: 12px 0px !important;\n    font-size: 15px;\n    line-height: 1.5;\n}\n\n.recomendadorV2Button {\n    width: auto;\n    max-width: 200px;\n    margin: 0;\n    display: inline-flex;\n    align-items: center;\n    background: #1D3557;\n    border-radius: 8px;\n    color: #fff;\n    height: 36px;\n    justify-content: center;\n    text-align: center;\n    font-size: 14px;\n    padding: 0 20px;\n    transition: background-color 0.2s ease;\n}\n\n.recomendadorV2Button:hover {\n    background: #2a4d7a;\n}\n\n.recomendadorV2Button:after {\n    margin-top: -2px;\n    content: \"\u2192\";\n    padding: 0px 0px 0px 8px;\n}\n\n.recomendadorV2Alert {\n    text-align: left;\n    font-size: 11px;\n    margin-top: 8px;\n    color: #666;\n}\n\n.recomendadorFixedArea {\n    width: 100%;\n    display: flex;\n    justify-content: center;\n    align-items: center;\n}\n\n@media (min-width: 992px) {\n    #recomendadorFixed {\n        width: 32% !important;\n        left: 5%;\n    }\n    .recomendadorCloseFixed{\n        right: inherit !important;\n        left: 378px !important;\n    }\n}\n\n#recomendadorFixed {\n    width: 90%;\n    box-shadow: 0 10px 20px 0px #00000057;\n    display: none;\n    height: 90px;\n    background: #F6F6F6;\n    position: fixed;\n    flex-direction: row;\n    bottom: 10px;\n    z-index: 9999;\n    border-radius: 16px;\n    padding: 7px 10px;\n}\n\n.recomendadorLeftArea {\n    width: 160px;\n}\n\n.recomendadorRightArea h2 {\n    padding-top: 0px;\n    margin: 2px 0px 4px 0px !important;\n    font-weight: 400;\n    text-align: center;\n    padding-left: 0px !important;\n    color: #000 !important;\n    border-left: none !important;\n    line-height: 20px;\n    font-size: 12px !important;\n}\n\n.recomendadorImgFixed {\n    overflow: hidden;\n    padding: 8px 6px;\n    height: 100%;\n}\n\n.recomendadorImgFixed img {\n    height: 100% !important;\n    border-radius: 16px;\n}\n\n.recomendadorRightArea {\n    padding-top: 6px;\n    display: flex;\n    width: calc(100% - 130px);\n    justify-content: space-between;\n    align-items: center;\n    flex-direction: column;\n}\n\n.recomendadorButtonFixed {\n    margin: 0 auto;\n    background: #1D3557;\n    width: 80%;\n    text-align: center;\n    font-size: 10px;\n    color: #FFF;\n    padding: 2px 10px;\n    border-radius: 3px;\n}\n\n.recomendadorButtonFixed:after {\n    margin-top: -3px;\n    content: \"\u2192\";\n    padding: 0px 0px 0px 10px;\n}\n\n.recomendadorAlertFixed {\n    font-weight: 400;\n    text-align: center;\n    color: #484848;\n    font-size: 8px;\n}\n\n.recomendadorCloseFixed {\n    z-index: 99999;\n    display: none;\n    right: 0px;\n    left: inherit;\n    bottom: 99px;\n    position: fixed;\n    justify-content: center;\n    background: #F6F6F6;\n    width: 25px;\n    align-items: center;\n    height: 25px;\n    font-weight: 800;\n    border-radius: 50%;\n    border: 1px solid #EBEBEB;\n}\n\n.recomendadorV2Desc{\n    color: #000000;\n    margin: 20px 0px;\n}\n\n@media (max-width: 576px) {\n    .recomendadorV2Area {\n      padding: 10px;\n      max-width: 100%;\n    }\n  \n    .recomendadorV2Area1 img {\n      width: 100%;\n      border-radius: 6px;\n    }\n  \n    .recomendadorV2Area2 .recomendadorV2Type {\n      font-size: 9px;\n      letter-spacing: 1px;\n      margin: 8px 0;\n    }\n  \n    .recomendadorV2Title h2 {\n      font-size: 18px !important;\n      margin-bottom: 8px !important;\n      line-height: 1.2;\n    }\n  \n    .recomendadorV2Desc {\n      font-size: 14px;\n      margin: 8px 0 !important;\n      line-height: 1.4;\n    }\n  \n    .recomendadorV2Button {\n      font-size: 14px;\n      height: 40px;\n      padding: 0 12px;\n      max-width: 100%;\n      width: 100%;\n    }\n  \n    .recomendadorV2Button:after {\n      padding-left: 6px;\n    }\n  }\n  <\/style>\n        <div class=\"lazyblock-recomendador-v2-2jDGz wp-block-lazyblock-recomendador-v2\">\n        <a class=\"linkrecomendadorv2\" href=\"https:\/\/diariodocomercio.com.br\/mix\/band-bate-o-martelo-sobre-a-volta-do-cqc-para-2026\/\">\n            <div class=\"recomendadorV2Area\">\n            <div class=\"recomendadorV2Area1\">\n                <div class=\"recomendadorV2Img\">\n                <img class=\"lazyloaded\" decoding=\"async\" src=\"https:\/\/diariodocomercio.com.br\/mix\/wp-content\/uploads\/2026\/01\/band-cqc.jpg\" data-src=\"https:\/\/diariodocomercio.com.br\/mix\/wp-content\/uploads\/2026\/01\/band-cqc.jpg\" alt=\"\">\n                <\/div>\n            <\/div>\n            <div class=\"recomendadorV2Area2\">\n                <div class=\"recomendadorV2Type\">\n                    <span>TELEVIS\u00c3O<\/span>\n                <\/div>\n                <div class=\"recomendadorV2Title\">\n                <h2><span>Band bate o martelo sobre a volta do CQC para 2026<\/span><\/h2>\n                <\/div>\n                <div class=\"recomendadorV2Desc\">\n                <span>O novo diretor art\u00edstico da Band estava estudando a possibilidade de trazer o humor\u00edstico CQC de volta dos mortos em 2026.<\/span>\n                <\/div>\n                <div class=\"recomendadorV2Button\">Leia mais<\/div>\n                <div class=\"recomendadorV2Alert\"><\/div>\n            <\/div>\n            <\/div>\n        <\/a>\n        <div>\n            <div style=\"z-index:99999;\" id=\"buttonClose\" onclick=\"closeRecomendadorFixed()\">\n            <div class=\"recomendadorCloseFixed\">X<\/div>\n            <\/div>\n            <a href=\"https:\/\/diariodocomercio.com.br\/mix\/band-bate-o-martelo-sobre-a-volta-do-cqc-para-2026\/\">\n            <div class=\"recomendadorFixedArea\">\n                <div id=\"recomendadorFixed\">\n                <div class=\"recomendadorLeftArea\">\n                    <div class=\"recomendadorImgFixed\">\n                    <img class=\"lazyload\" decoding=\"async\" src=\"https:\/\/diariodocomercio.com.br\/mix\/wp-content\/uploads\/2026\/01\/band-cqc.jpg\" alt=\"\">\n                    <\/div>\n                <\/div>\n                <div class=\"recomendadorRightArea\">\n                    <div class=\"recomendadorTitleFixed\">\n                    <h2><span>Band bate o martelo sobre a volta do CQC para 2026<\/span><\/h2>\n                    <\/div>\n                    <div class=\"recomendadorButtonFixed\">Leia mais<\/div>\n                    <div class=\"recomendadorAlertFixed\"><\/div>\n                <\/div>\n                <\/div>\n            <\/div>\n            <\/a>\n        <\/div>\n        <\/div>\n","protected":false},"excerpt":{"rendered":"<p>Atire a primeira pedra quem nunca aproveitou aquele almo\u00e7o de domingo e logo depois come\u00e7ou a abrir boca. Sentir sono depois do almo\u00e7o ou do jantar \u00e9 uma experi\u00eancia t\u00e3o comum que em alguns pa\u00edses at\u00e9 existe a cultura de tirar um pequeno descanso ap\u00f3s as refei\u00e7\u00f5es, como a siesta na Espanha. Mas o que [&hellip;]<\/p>\n","protected":false},"author":6,"featured_media":32784,"comment_status":"closed","ping_status":"closed","sticky":false,"template":"","format":"standard","meta":{"jnews-multi-image_gallery":[],"jnews_single_post":{"format":"standard"},"jnews_primary_category":[],"jnews_social_meta":[],"jnews_override_counter":[],"jnews_post_split":[],"footnotes":""},"categories":[1],"tags":[],"class_list":["post-32783","post","type-post","status-publish","format-standard","has-post-thumbnail","hentry","category-geral"],"_referencia":"","_links":{"self":[{"href":"https:\/\/diariodocomercio.com.br\/mix\/wp-json\/wp\/v2\/posts\/32783","targetHints":{"allow":["GET"]}}],"collection":[{"href":"https:\/\/diariodocomercio.com.br\/mix\/wp-json\/wp\/v2\/posts"}],"about":[{"href":"https:\/\/diariodocomercio.com.br\/mix\/wp-json\/wp\/v2\/types\/post"}],"author":[{"embeddable":true,"href":"https:\/\/diariodocomercio.com.br\/mix\/wp-json\/wp\/v2\/users\/6"}],"replies":[{"embeddable":true,"href":"https:\/\/diariodocomercio.com.br\/mix\/wp-json\/wp\/v2\/comments?post=32783"}],"version-history":[{"count":1,"href":"https:\/\/diariodocomercio.com.br\/mix\/wp-json\/wp\/v2\/posts\/32783\/revisions"}],"predecessor-version":[{"id":32792,"href":"https:\/\/diariodocomercio.com.br\/mix\/wp-json\/wp\/v2\/posts\/32783\/revisions\/32792"}],"wp:featuredmedia":[{"embeddable":true,"href":"https:\/\/diariodocomercio.com.br\/mix\/wp-json\/wp\/v2\/media\/32784"}],"wp:attachment":[{"href":"https:\/\/diariodocomercio.com.br\/mix\/wp-json\/wp\/v2\/media?parent=32783"}],"wp:term":[{"taxonomy":"category","embeddable":true,"href":"https:\/\/diariodocomercio.com.br\/mix\/wp-json\/wp\/v2\/categories?post=32783"},{"taxonomy":"post_tag","embeddable":true,"href":"https:\/\/diariodocomercio.com.br\/mix\/wp-json\/wp\/v2\/tags?post=32783"}],"curies":[{"name":"wp","href":"https:\/\/api.w.org\/{rel}","templated":true}]}}