{"id":32798,"date":"2026-01-21T16:14:31","date_gmt":"2026-01-21T19:14:31","guid":{"rendered":"https:\/\/diariodocomercio.com.br\/mix\/?p=32798"},"modified":"2026-01-21T17:13:06","modified_gmt":"2026-01-21T20:13:06","slug":"inss-de-janeiro-sera-antecipado-e-idosos-comemoram-veja-o-calendario-ajustado","status":"publish","type":"post","link":"https:\/\/diariodocomercio.com.br\/mix\/inss-de-janeiro-sera-antecipado-e-idosos-comemoram-veja-o-calendario-ajustado\/","title":{"rendered":"INSS de janeiro ser\u00e1 antecipado e idosos comemoram; veja o calend\u00e1rio ajustado"},"content":{"rendered":"\n<p>O Instituto Nacional do Seguro Social (INSS) promoveu mudan\u00e7as no calend\u00e1rio de atendimentos no fim de janeiro, antecipando servi\u00e7os e realizando mutir\u00f5es em diversas regi\u00f5es do pa\u00eds. A reorganiza\u00e7\u00e3o ocorre por causa de uma atualiza\u00e7\u00e3o tecnol\u00f3gica nos sistemas da Previd\u00eancia Social, que vai suspender atendimentos presenciais e digitais entre os dias 28 e 30 de janeiro \u2014 medida que trouxe al\u00edvio, especialmente para idosos que dependem do \u00f3rg\u00e3o.<\/p>\n\n\n\n<p>Para evitar atrasos, filas e preju\u00edzos aos segurados, o INSS decidiu antecipar atendimentos que estavam agendados para os dias de paralisa\u00e7\u00e3o. Como parte da estrat\u00e9gia, ag\u00eancias abriram excepcionalmente nos fins de semana de&nbsp;<strong>17 e 18 de janeiro<\/strong>, priorizando pessoas que j\u00e1 tinham hor\u00e1rio marcado.<\/p>\n\n\n\n<p>Segundo o \u00f3rg\u00e3o, a iniciativa permitiu que milhares de segurados fossem atendidos antes da suspens\u00e3o tempor\u00e1ria dos sistemas.<\/p>\n\n\n\n<h2 class=\"wp-block-heading\"><strong>Novo mutir\u00e3o amplia n\u00famero de per\u00edcias<\/strong><\/h2>\n\n\n\n<p>Neste fim de semana, nos dias&nbsp;<strong>24 e 25 de janeiro<\/strong>, o INSS realiza uma nova rodada de mutir\u00f5es em v\u00e1rias cidades brasileiras. O objetivo \u00e9 antecipar atendimentos previstos para&nbsp;<strong>28, 29 e 30 de janeiro<\/strong>, per\u00edodo em que as ag\u00eancias estar\u00e3o fechadas.<\/p>\n\n\n\n<p>No \u00faltimo fim de semana de a\u00e7\u00f5es, o destaque foi a regi\u00e3o Nordeste, com quase&nbsp;<strong>1.400 per\u00edcias m\u00e9dicas realizadas<\/strong>, principalmente no Cear\u00e1, Alagoas e Bahia. Em S\u00e3o Paulo, foram&nbsp;<strong>1.300 atendimentos antecipados<\/strong>, enquanto o Centro-Oeste registrou&nbsp;<strong>472 per\u00edcias<\/strong>, de acordo com dados do pr\u00f3prio INSS.<\/p>\n\n\n\n<h2 class=\"wp-block-heading\"><strong>Sistemas ficar\u00e3o fora do ar<\/strong><\/h2>\n\n\n\n<p>A paralisa\u00e7\u00e3o ocorre por causa de uma moderniza\u00e7\u00e3o tecnol\u00f3gica conduzida pela Dataprev. O INSS informou que tanto o atendimento presencial quanto os canais digitais ser\u00e3o impactados.<\/p>\n\n\n\n<p>O portal&nbsp;<strong>Meu INSS<\/strong>&nbsp;e a&nbsp;<strong>Central Telef\u00f4nica 135<\/strong>&nbsp;ficar\u00e3o indispon\u00edveis a partir das&nbsp;<strong>19h do dia 27 de janeiro<\/strong>, com previs\u00e3o de retorno apenas em&nbsp;<strong>1\u00ba de fevereiro<\/strong>.<\/p>\n\n\n\n<p>Quem tinha atendimento marcado para os dias 28, 29 ou 30 de janeiro deve consultar a nova data at\u00e9\u00a0<strong>ter\u00e7a-feira (20)<\/strong>, pelo aplicativo Meu INSS ou pelo telefone 135. O instituto garante o reencaixe autom\u00e1tico e informa que segurados que preferirem poder\u00e3o ser atendidos em dias \u00fateis ap\u00f3s a retomada dos sistemas.<\/p>\n","protected":false},"excerpt":{"rendered":"<p>O Instituto Nacional do Seguro Social (INSS) promoveu mudan\u00e7as no calend\u00e1rio de atendimentos no fim de janeiro, antecipando servi\u00e7os e realizando mutir\u00f5es em diversas regi\u00f5es do pa\u00eds. A reorganiza\u00e7\u00e3o ocorre por causa de uma atualiza\u00e7\u00e3o tecnol\u00f3gica nos sistemas da Previd\u00eancia Social, que vai suspender atendimentos presenciais e digitais entre os dias 28 e 30 de [&hellip;]<\/p>\n","protected":false},"author":9,"featured_media":12611,"comment_status":"closed","ping_status":"closed","sticky":false,"template":"","format":"standard","meta":{"jnews-multi-image_gallery":[],"jnews_single_post":{"format":"standard"},"jnews_primary_category":[],"jnews_social_meta":[],"jnews_override_counter":[],"jnews_post_split":[],"footnotes":""},"categories":[1],"tags":[],"class_list":["post-32798","post","type-post","status-publish","format-standard","has-post-thumbnail","hentry","category-geral"],"_referencia":"","_links":{"self":[{"href":"https:\/\/diariodocomercio.com.br\/mix\/wp-json\/wp\/v2\/posts\/32798","targetHints":{"allow":["GET"]}}],"collection":[{"href":"https:\/\/diariodocomercio.com.br\/mix\/wp-json\/wp\/v2\/posts"}],"about":[{"href":"https:\/\/diariodocomercio.com.br\/mix\/wp-json\/wp\/v2\/types\/post"}],"author":[{"embeddable":true,"href":"https:\/\/diariodocomercio.com.br\/mix\/wp-json\/wp\/v2\/users\/9"}],"replies":[{"embeddable":true,"href":"https:\/\/diariodocomercio.com.br\/mix\/wp-json\/wp\/v2\/comments?post=32798"}],"version-history":[{"count":1,"href":"https:\/\/diariodocomercio.com.br\/mix\/wp-json\/wp\/v2\/posts\/32798\/revisions"}],"predecessor-version":[{"id":32809,"href":"https:\/\/diariodocomercio.com.br\/mix\/wp-json\/wp\/v2\/posts\/32798\/revisions\/32809"}],"wp:featuredmedia":[{"embeddable":true,"href":"https:\/\/diariodocomercio.com.br\/mix\/wp-json\/wp\/v2\/media\/12611"}],"wp:attachment":[{"href":"https:\/\/diariodocomercio.com.br\/mix\/wp-json\/wp\/v2\/media?parent=32798"}],"wp:term":[{"taxonomy":"category","embeddable":true,"href":"https:\/\/diariodocomercio.com.br\/mix\/wp-json\/wp\/v2\/categories?post=32798"},{"taxonomy":"post_tag","embeddable":true,"href":"https:\/\/diariodocomercio.com.br\/mix\/wp-json\/wp\/v2\/tags?post=32798"}],"curies":[{"name":"wp","href":"https:\/\/api.w.org\/{rel}","templated":true}]}}