{"id":32818,"date":"2026-01-24T12:43:00","date_gmt":"2026-01-24T15:43:00","guid":{"rendered":"https:\/\/diariodocomercio.com.br\/mix\/?p=32818"},"modified":"2026-01-21T16:45:35","modified_gmt":"2026-01-21T19:45:35","slug":"heranca-de-estilista-italiano-avaliada-em-r-81-bilhoes-caira-no-colo-de-2-brasileiros","status":"publish","type":"post","link":"https:\/\/diariodocomercio.com.br\/mix\/heranca-de-estilista-italiano-avaliada-em-r-81-bilhoes-caira-no-colo-de-2-brasileiros\/","title":{"rendered":"Heran\u00e7a de estilista italiano, avaliada em R$ 8,1 bilh\u00f5es, cair\u00e1 no colo de 2 brasileiros"},"content":{"rendered":"\n<p>A morte do estilista italiano\u00a0<strong>Valentino Garavani<\/strong>, aos 93 anos, revelou uma hist\u00f3ria que parece roteiro de cinema e envolve dois brasileiros. Avaliada em cerca de\u00a0<strong>1,3 bilh\u00e3o de euros \u2014 o equivalente a R$ 8,1 bilh\u00f5es<\/strong>, a heran\u00e7a do \u00edcone da moda deve beneficiar, entre outros herdeiros,\u00a0<strong>Anthony e Sean Souza<\/strong>, filhos de um ex-companheiro do designer. Apesar da repercuss\u00e3o, os brasileiros\u00a0<strong>n\u00e3o ficar\u00e3o com a totalidade da fortuna<\/strong>, mas apenas com\u00a0<strong>uma parte do patrim\u00f4nio<\/strong>\u00a0deixado pelo criador da grife Valentino.<\/p>\n\n\n\n<p>Anthony e Sean s\u00e3o filhos do empres\u00e1rio brasileiro&nbsp;<strong>Carlos \u201cCac\u00e1\u201d Souza<\/strong>, que foi namorado de Valentino nos anos 1970 e atuou por d\u00e9cadas como rela\u00e7\u00f5es-p\u00fablicas e embaixador global da marca. Segundo relatos divulgados pelo portal Page Six, Valentino e Cac\u00e1 se conheceram no Rio de Janeiro, em 1973, e mantiveram um relacionamento por cerca de dez anos.<\/p>\n\n\n\n<p>Mesmo ap\u00f3s o fim do romance, o v\u00ednculo entre os dois permaneceu. Quando Cac\u00e1 se casou com a socialite Charlene Shorto e teve os filhos, Valentino manteve proximidade com a fam\u00edlia e se tornou padrinho dos meninos, ao lado de&nbsp;<strong>Giancarlo Giammetti<\/strong>, cofundador da grife.<\/p>\n\n\n<div class=\"wp-block-image\">\n<figure class=\"aligncenter size-full\"><img decoding=\"async\" width=\"600\" height=\"450\" src=\"https:\/\/diariodocomercio.com.br\/mix\/wp-content\/uploads\/2026\/01\/image-221.png\" alt=\"\" class=\"wp-image-32820\" srcset=\"https:\/\/diariodocomercio.com.br\/mix\/wp-content\/uploads\/2026\/01\/image-221.png 600w, https:\/\/diariodocomercio.com.br\/mix\/wp-content\/uploads\/2026\/01\/image-221-300x225.png 300w, https:\/\/diariodocomercio.com.br\/mix\/wp-content\/uploads\/2026\/01\/image-221-150x113.png 150w\" sizes=\"(max-width: 600px) 100vw, 600px\" \/><\/figure>\n<\/div>\n\n\n<h2 class=\"wp-block-heading\"><strong>Fortuna bilion\u00e1ria, divis\u00e3o complexa<\/strong><\/h2>\n\n\n\n<p>Sem filhos biol\u00f3gicos, Valentino construiu ao longo de d\u00e9cadas um patrim\u00f4nio estimado em&nbsp;<strong>1,3 bilh\u00e3o de euros<\/strong>, que inclui mans\u00f5es em cidades como&nbsp;<strong>Londres e Nova York<\/strong>, um&nbsp;<strong>castelo do s\u00e9culo XVII nos arredores de Paris<\/strong>, al\u00e9m de&nbsp;<strong>jate particular, iate de luxo<\/strong>&nbsp;e investimentos ligados ao universo da moda.<\/p>\n\n\n\n<p>De acordo com as informa\u00e7\u00f5es divulgadas at\u00e9 o momento,&nbsp;<strong>Anthony e Sean Souza devem receber apenas uma fra\u00e7\u00e3o dessa heran\u00e7a<\/strong>, como benefici\u00e1rios diretos do apoio financeiro prometido pelo estilista ainda em vida. A maior parte do patrim\u00f4nio, no entanto, deve seguir as disposi\u00e7\u00f5es do testamento, que tamb\u00e9m contempla outros herdeiros e institui\u00e7\u00f5es ligadas ao legado de Valentino.<\/p>\n\n\n\n<h2 class=\"wp-block-heading\"><strong>Legado de um \u00edcone da moda<\/strong><\/h2>\n\n\n\n<p>Valentino Garavani morreu em Roma, nesta segunda-feira (19), conforme comunicado divulgado pela\u00a0<strong>Funda\u00e7\u00e3o Valentino Garavani e Giancarlo Giammetti<\/strong>. \u201cNosso fundador, Valentino Garavani, faleceu hoje em sua resid\u00eancia em Roma, cercado por seus entes queridos\u201d, informou a nota oficial.<\/p>\n\n\n<div class=\"wp-block-image\">\n<figure class=\"aligncenter size-full\"><img decoding=\"async\" width=\"800\" height=\"1200\" src=\"https:\/\/diariodocomercio.com.br\/mix\/wp-content\/uploads\/2026\/01\/image-223.png\" alt=\"\" class=\"wp-image-32822\" srcset=\"https:\/\/diariodocomercio.com.br\/mix\/wp-content\/uploads\/2026\/01\/image-223.png 800w, https:\/\/diariodocomercio.com.br\/mix\/wp-content\/uploads\/2026\/01\/image-223-200x300.png 200w, https:\/\/diariodocomercio.com.br\/mix\/wp-content\/uploads\/2026\/01\/image-223-768x1152.png 768w, https:\/\/diariodocomercio.com.br\/mix\/wp-content\/uploads\/2026\/01\/image-223-150x225.png 150w, https:\/\/diariodocomercio.com.br\/mix\/wp-content\/uploads\/2026\/01\/image-223-750x1125.png 750w\" sizes=\"(max-width: 800px) 100vw, 800px\" \/><\/figure>\n<\/div>\n\n\n<p>Fundador de uma das casas de alta-costura mais influentes do s\u00e9culo 20, Valentino vestiu celebridades, l\u00edderes mundiais e membros da realeza, deixando um legado que ultrapassa a moda \u2014 e que agora tamb\u00e9m conecta sua hist\u00f3ria, de forma definitiva, ao Brasil.<\/p>\n","protected":false},"excerpt":{"rendered":"<p>A morte do estilista italiano\u00a0Valentino Garavani, aos 93 anos, revelou uma hist\u00f3ria que parece roteiro de cinema e envolve dois brasileiros. Avaliada em cerca de\u00a01,3 bilh\u00e3o de euros \u2014 o equivalente a R$ 8,1 bilh\u00f5es, a heran\u00e7a do \u00edcone da moda deve beneficiar, entre outros herdeiros,\u00a0Anthony e Sean Souza, filhos de um ex-companheiro do designer. [&hellip;]<\/p>\n","protected":false},"author":9,"featured_media":13835,"comment_status":"closed","ping_status":"closed","sticky":false,"template":"","format":"standard","meta":{"jnews-multi-image_gallery":[],"jnews_single_post":{"format":"standard"},"jnews_primary_category":[],"jnews_social_meta":[],"jnews_override_counter":[],"jnews_post_split":[],"footnotes":""},"categories":[1],"tags":[],"class_list":["post-32818","post","type-post","status-publish","format-standard","has-post-thumbnail","hentry","category-geral"],"_referencia":"","_links":{"self":[{"href":"https:\/\/diariodocomercio.com.br\/mix\/wp-json\/wp\/v2\/posts\/32818","targetHints":{"allow":["GET"]}}],"collection":[{"href":"https:\/\/diariodocomercio.com.br\/mix\/wp-json\/wp\/v2\/posts"}],"about":[{"href":"https:\/\/diariodocomercio.com.br\/mix\/wp-json\/wp\/v2\/types\/post"}],"author":[{"embeddable":true,"href":"https:\/\/diariodocomercio.com.br\/mix\/wp-json\/wp\/v2\/users\/9"}],"replies":[{"embeddable":true,"href":"https:\/\/diariodocomercio.com.br\/mix\/wp-json\/wp\/v2\/comments?post=32818"}],"version-history":[{"count":1,"href":"https:\/\/diariodocomercio.com.br\/mix\/wp-json\/wp\/v2\/posts\/32818\/revisions"}],"predecessor-version":[{"id":32823,"href":"https:\/\/diariodocomercio.com.br\/mix\/wp-json\/wp\/v2\/posts\/32818\/revisions\/32823"}],"wp:featuredmedia":[{"embeddable":true,"href":"https:\/\/diariodocomercio.com.br\/mix\/wp-json\/wp\/v2\/media\/13835"}],"wp:attachment":[{"href":"https:\/\/diariodocomercio.com.br\/mix\/wp-json\/wp\/v2\/media?parent=32818"}],"wp:term":[{"taxonomy":"category","embeddable":true,"href":"https:\/\/diariodocomercio.com.br\/mix\/wp-json\/wp\/v2\/categories?post=32818"},{"taxonomy":"post_tag","embeddable":true,"href":"https:\/\/diariodocomercio.com.br\/mix\/wp-json\/wp\/v2\/tags?post=32818"}],"curies":[{"name":"wp","href":"https:\/\/api.w.org\/{rel}","templated":true}]}}