{"id":32857,"date":"2026-01-24T14:16:00","date_gmt":"2026-01-24T17:16:00","guid":{"rendered":"https:\/\/diariodocomercio.com.br\/mix\/?p=32857"},"modified":"2026-01-21T17:27:08","modified_gmt":"2026-01-21T20:27:08","slug":"governo-de-sao-paulo-convoca-aposentados-para-realizarem-a-prova-de-vida-de-2026","status":"publish","type":"post","link":"https:\/\/diariodocomercio.com.br\/mix\/governo-de-sao-paulo-convoca-aposentados-para-realizarem-a-prova-de-vida-de-2026\/","title":{"rendered":"Governo de S\u00e3o Paulo convoca aposentados para realizarem a Prova de Vida de 2026"},"content":{"rendered":"\n<p>O Governo de S\u00e3o Paulo convocou servidores p\u00fablicos aposentados e pensionistas vinculados \u00e0\u00a0<strong>S\u00e3o Paulo Previd\u00eancia (SPPrev)<\/strong>\u00a0para a realiza\u00e7\u00e3o da\u00a0<strong>Prova de Vida de 2026<\/strong>. O recadastramento anual \u00e9 obrigat\u00f3rio, ocorre no\u00a0<strong>m\u00eas de anivers\u00e1rio do benefici\u00e1rio<\/strong>\u00a0e tem como objetivo manter a regularidade do pagamento dos benef\u00edcios previdenci\u00e1rios estaduais.<\/p>\n\n\n\n<p>Diferentemente de anos anteriores, a prova de vida dos segurados da SPPrev \u00e9 realizada&nbsp;<strong>exclusivamente de forma digital<\/strong>, por meio do aplicativo&nbsp;<strong>SOU.SP<\/strong>, integrado ao sistema&nbsp;<strong>Gov.br<\/strong>. Para acessar o servi\u00e7o, \u00e9 necess\u00e1rio ter conta Gov.br com n\u00edvel de seguran\u00e7a&nbsp;<strong>prata ou ouro<\/strong>.<\/p>\n\n\n\n<p>O procedimento confirma a situa\u00e7\u00e3o cadastral do servidor e mant\u00e9m o v\u00ednculo ativo com o&nbsp;<strong>Regime Pr\u00f3prio de Previd\u00eancia Social do Estado de S\u00e3o Paulo<\/strong>. Quem n\u00e3o realizar a comprova\u00e7\u00e3o dentro do prazo pode ter o benef\u00edcio suspenso at\u00e9 a regulariza\u00e7\u00e3o.<\/p>\n\n\n\n<h2 class=\"wp-block-heading\"><strong>Quem deve realizar a Prova de Vida<\/strong><\/h2>\n\n\n\n<p>Devem fazer o recadastramento:<\/p>\n\n\n\n<ul class=\"wp-block-list\">\n<li>Servidores p\u00fablicos estaduais aposentados;<\/li>\n\n\n\n<li>Pensionistas vinculados \u00e0 SPPrev;<\/li>\n\n\n\n<li>Servidores ativos tamb\u00e9m podem ser convocados, conforme regras internas do sistema.<\/li>\n<\/ul>\n\n\n\n<p>A recomenda\u00e7\u00e3o do governo \u00e9 que o procedimento seja feito assim que o aviso aparecer no aplicativo, evitando pend\u00eancias administrativas.<\/p>\n\n\n\n<h2 class=\"wp-block-heading\"><strong>Passo a passo pelo aplicativo<\/strong><\/h2>\n\n\n\n<p>O processo \u00e9 simples e feito em poucos minutos:<\/p>\n\n\n\n<ol class=\"wp-block-list\">\n<li>Acesse o aplicativo\u00a0<strong>SOU.SP<\/strong>;<\/li>\n\n\n\n<li>Clique em\u00a0<strong>\u201cProva de Vida\u201d<\/strong>\u00a0ou\u00a0<strong>\u201cProva de vida pendente\u201d<\/strong>;<\/li>\n\n\n\n<li>Siga as instru\u00e7\u00f5es e autorize o redirecionamento para o aplicativo\u00a0<strong>Gov.br<\/strong>;<\/li>\n\n\n\n<li>No Gov.br, permita o uso da c\u00e2mera e realize o\u00a0<strong>reconhecimento facial<\/strong>;<\/li>\n\n\n\n<li>Ap\u00f3s a valida\u00e7\u00e3o, a prova de vida \u00e9 conclu\u00edda automaticamente.<\/li>\n<\/ol>\n\n\n\n<p>O sistema registra o hist\u00f3rico da comprova\u00e7\u00e3o, vinculado ao CPF do benefici\u00e1rio.<\/p>\n\n\n\n<h2 class=\"wp-block-heading\"><strong>Reajuste de benef\u00edcios tamb\u00e9m foi publicado<\/strong><\/h2>\n\n\n\n<p>Al\u00e9m da convoca\u00e7\u00e3o para a prova de vida, a SPPrev publicou no&nbsp;<strong>Di\u00e1rio Oficial do Estado<\/strong>, em 9 de janeiro de 2026, a&nbsp;<strong>Portaria SPPREV-Pres n\u00ba 19\/2026<\/strong>, que define o&nbsp;<strong>reajuste anual dos benef\u00edcios previdenci\u00e1rios<\/strong>&nbsp;para aposentados e pensionistas que&nbsp;<strong>n\u00e3o possuem direito \u00e0 paridade<\/strong>&nbsp;com os servidores da ativa.<\/p>\n\n\n\n<p>Nesse caso, a corre\u00e7\u00e3o segue \u00edndices oficiais de infla\u00e7\u00e3o, garantindo a preserva\u00e7\u00e3o do poder de compra dos benef\u00edcios calculados pela m\u00e9dia contributiva. J\u00e1 os segurados com direito \u00e0 paridade continuam tendo seus reajustes vinculados aos aumentos concedidos aos servidores em atividade.<\/p>\n","protected":false},"excerpt":{"rendered":"<p>O Governo de S\u00e3o Paulo convocou servidores p\u00fablicos aposentados e pensionistas vinculados \u00e0\u00a0S\u00e3o Paulo Previd\u00eancia (SPPrev)\u00a0para a realiza\u00e7\u00e3o da\u00a0Prova de Vida de 2026. O recadastramento anual \u00e9 obrigat\u00f3rio, ocorre no\u00a0m\u00eas de anivers\u00e1rio do benefici\u00e1rio\u00a0e tem como objetivo manter a regularidade do pagamento dos benef\u00edcios previdenci\u00e1rios estaduais. Diferentemente de anos anteriores, a prova de vida dos [&hellip;]<\/p>\n","protected":false},"author":9,"featured_media":31970,"comment_status":"closed","ping_status":"closed","sticky":false,"template":"","format":"standard","meta":{"jnews-multi-image_gallery":[],"jnews_single_post":{"format":"standard"},"jnews_primary_category":[],"jnews_social_meta":[],"jnews_override_counter":[],"jnews_post_split":[],"footnotes":""},"categories":[1],"tags":[],"class_list":["post-32857","post","type-post","status-publish","format-standard","has-post-thumbnail","hentry","category-geral"],"_referencia":"","_links":{"self":[{"href":"https:\/\/diariodocomercio.com.br\/mix\/wp-json\/wp\/v2\/posts\/32857","targetHints":{"allow":["GET"]}}],"collection":[{"href":"https:\/\/diariodocomercio.com.br\/mix\/wp-json\/wp\/v2\/posts"}],"about":[{"href":"https:\/\/diariodocomercio.com.br\/mix\/wp-json\/wp\/v2\/types\/post"}],"author":[{"embeddable":true,"href":"https:\/\/diariodocomercio.com.br\/mix\/wp-json\/wp\/v2\/users\/9"}],"replies":[{"embeddable":true,"href":"https:\/\/diariodocomercio.com.br\/mix\/wp-json\/wp\/v2\/comments?post=32857"}],"version-history":[{"count":1,"href":"https:\/\/diariodocomercio.com.br\/mix\/wp-json\/wp\/v2\/posts\/32857\/revisions"}],"predecessor-version":[{"id":32858,"href":"https:\/\/diariodocomercio.com.br\/mix\/wp-json\/wp\/v2\/posts\/32857\/revisions\/32858"}],"wp:featuredmedia":[{"embeddable":true,"href":"https:\/\/diariodocomercio.com.br\/mix\/wp-json\/wp\/v2\/media\/31970"}],"wp:attachment":[{"href":"https:\/\/diariodocomercio.com.br\/mix\/wp-json\/wp\/v2\/media?parent=32857"}],"wp:term":[{"taxonomy":"category","embeddable":true,"href":"https:\/\/diariodocomercio.com.br\/mix\/wp-json\/wp\/v2\/categories?post=32857"},{"taxonomy":"post_tag","embeddable":true,"href":"https:\/\/diariodocomercio.com.br\/mix\/wp-json\/wp\/v2\/tags?post=32857"}],"curies":[{"name":"wp","href":"https:\/\/api.w.org\/{rel}","templated":true}]}}